{"id":153062,"date":"2025-06-05T04:17:10","date_gmt":"2025-06-05T04:17:10","guid":{"rendered":"https:\/\/www.europesays.com\/fr\/153062\/"},"modified":"2025-06-05T04:17:10","modified_gmt":"2025-06-05T04:17:10","slug":"loire-le-dernier-photographe-de-johnny-hallyday-dedicacera-ses-livres-a-firminy-cetait-un-homme-pudique","status":"publish","type":"post","link":"https:\/\/www.europesays.com\/fr\/153062\/","title":{"rendered":"Loire. Le dernier photographe de Johnny Hallyday d\u00e9dicacera ses livres \u00e0 Firminy\u00a0: \u00ab\u00a0C&rsquo;\u00e9tait un homme pudique\u00a0\u00bb"},"content":{"rendered":"<blockquote class=\"question\"><p>Comment est construite cette exposition sur <a href=\"https:\/\/www.leprogres.fr\/p\/johnny-hallyday\" target=\"_blank\" rel=\"nofollow noopener\">Johnny Hallyday<\/a> que vous allez inaugurer \u00e0 Firminy\u00a0?<\/p><\/blockquote>\n<p>\u00ab Elle comprend une quinzaine de photos de Johnny dont certaines sont exclusives. Les fans vont vraiment voir des images in\u00e9dites. Le vernissage sera aussi un moment de partage. Au E.Leclerc de Firminy, nous aurons, en plus, la photo de couverture du livre Inside (l\u2019iconique image de Johnny Hallyday les poings serr\u00e9s, NDLR) en format affiche et tee-shirt.\u00a0\u00bb<\/p>\n<p>  \u00ab\u00a0J\u2019ai pass\u00e9 des nuits \u00e0 regarder des films d\u2019horreur avec lui\u00a0!\u00a0\u00bb<\/p>\n<blockquote class=\"question\"><p>Vous \u00eates photographe depuis 1994, comment avez-vous rencontr\u00e9 Johnny Hallyday\u00a0?<\/p><\/blockquote>\n<p>\u00ab J\u2019ai commenc\u00e9 la photo tr\u00e8s jeune et j\u2019ai la chance, \u00e0 47 ans, d\u2019avoir d\u00e9j\u00e0 une longue carri\u00e8re. Je suis parti tr\u00e8s jeune aux \u00c9tats-Unis et j\u2019ai \u00e9t\u00e9 pr\u00e9sent\u00e9 \u00e0 <a href=\"https:\/\/www.leprogres.fr\/magazine-lifestyle\/2023\/06\/15\/j-ai-eu-envie-de-dire-ma-verite-l-ancien-chauffeur-de-johnny-hallyday-se-confie-dans-un-livre\" target=\"_blank\" rel=\"nofollow noopener\">Johnny<\/a> par le batteur de Bon Jovi en 2005. On n\u2019a pas commenc\u00e9 \u00e0 travailler ensemble tout de suite. Notre premi\u00e8re vraie collaboration a commenc\u00e9 \u00e0 Los Angeles en 2007 pour les campagnes de sa marque de v\u00eatements \u201cSmet\u201d lorsqu\u2019il s\u2019\u00e9tait associ\u00e9 \u00e0 Christian Audigier.<\/p>\n<p>Les photos \u00e9taient extr\u00eamement fortes, alors \u00e7a a cr\u00e9\u00e9 quelque chose de fort entre nous et une vraie confiance (les photos ont \u00e9t\u00e9 publi\u00e9es dans le livre R\u00eave noir en 2015). C\u2019est vraiment une mise en sc\u00e8ne que Johnny avait souhait\u00e9e parce qu\u2019il \u00e9tait fan de cin\u00e9ma.\u00a0\u00bb<\/p>\n<blockquote class=\"question\"><p>Sur ces photos, l\u2019atmosph\u00e8re est celle d\u2019un film d\u2019horreur et il incarne un \u00ab\u00a0Dracula des temps modernes\u00a0\u00bb. Vous aviez d\u00e9j\u00e0 dit qu\u2019il \u00e9tait lui-m\u00eame fan de ce genre de films\u2026<\/p><\/blockquote>\n<p>\u00ab\u00a0J\u2019ai pass\u00e9 des nuits \u00e0 regarder des films d\u2019horreur avec lui\u00a0! C\u2019\u00e9tait son d\u00e9lire. \u00c7a m\u2019a marqu\u00e9. Le challenge \u00e9tait l\u00e0\u00a0: toutes les prises de vues ont \u00e9t\u00e9 faites en une journ\u00e9e. Il a fallu dix jours de pr\u00e9paration pour une journ\u00e9e de shooting. J\u2019ai mont\u00e9 plusieurs d\u00e9cors en parall\u00e8le et on passait d\u2019un d\u00e9cor \u00e0 l\u2019autre. C\u2019est un livre tr\u00e8s am\u00e9ricain finalement. Quand il \u00e9tait aux \u00c9tats-Unis, il \u00e9tait plus d\u00e9tendu, moins sous pression, il vivait son r\u00eave am\u00e9ricain. J\u2019avais un \u00e9change tr\u00e8s amical avec Johnny parce que je passais beaucoup de temps chez lui\u00a0: on faisait des road trips \u00e0 moto, on est partis \u00e0 Las Vegas\u2026\u00a0\u00bb<\/p>\n<p>  \u00ab\u00a0Il m\u2019a vraiment fait confiance et laiss\u00e9 carte blanche\u00a0\u00bb<\/p>\n<blockquote class=\"question\"><p>Comment s\u2019\u00e9tait-il pr\u00e9par\u00e9 pour cette s\u00e9ance\u00a0photos\u00a0?<\/p><\/blockquote>\n<p>\u00ab\u00a0Il s\u2019\u00e9tait vraiment impliqu\u00e9. Il faut imaginer qu\u2019une s\u00e9ance photo comme \u00e7a, ce n\u2019est pas improvis\u00e9 mais extr\u00eamement pr\u00e9par\u00e9 et travaill\u00e9. J\u2019ai pr\u00e9par\u00e9 toutes mes sc\u00e8nes comme des sc\u00e8nes de cin\u00e9ma, avec des d\u00e9corateurs, une grosse \u00e9quipe, un casting, des mannequins\u2026 J\u2019\u00e9tais metteur en sc\u00e8ne d\u2019une photographie que j\u2019ai imagin\u00e9e. Donc lui, il s\u2019est pr\u00e9par\u00e9\u00a0: il voulait \u00eatre beau et en forme. Il a fait un r\u00e9gime et du sport.\u00a0\u00bb<\/p>\n<blockquote class=\"question\"><p>Vous faisiez partie de son cercle restreint d\u2019amis\u00a0?<\/p><\/blockquote>\n<p>\u00ab Je fais toujours la diff\u00e9rence entre les relations amicales et les amis. Les amis, c\u2019est encore plus fort que \u00e7a pour moi. On avait une relation tr\u00e8s belle, de confiance et une complicit\u00e9. C\u2019est ce qui nous a emmen\u00e9s, d\u2019ailleurs, \u00e0 aller plus loin dans notre travail photographique et \u00e0 passer beaucoup plus de temps ensemble. Notamment quand il m\u2019a demand\u00e9 de partir avec lui sur la tourn\u00e9e 2012-2013.\u00a0\u00bb<\/p>\n<blockquote class=\"question\"><p>C\u2019est comme \u00e7a que sont n\u00e9s les livres On The road  (2015) et Inside (2018)\u00a0?<\/p><\/blockquote>\n<p>\u00ab\u00a0Oui. J\u2019ai pass\u00e9 dix-huit mois avec lui. C\u2019\u00e9tait une vraie immersion. Il m\u2019a vraiment fait confiance et laiss\u00e9 carte blanche. Je pouvais \u00eatre avec lui dans tous les d\u00e9placements, quand il \u00e9tait seul dans la loge, dans tous les moments off \u2026 Le vrai plus de cette tourn\u00e9e, c\u2019est qu\u2019elle \u00e9tait mondiale avec beaucoup de dates \u00e0 l\u2019\u00e9tranger\u00a0: Moscou, New York, Londres, Los Angeles\u2026 Il y a eu des moments tr\u00e8s forts et il \u00e9tait tr\u00e8s en forme.\u00a0\u00bb<\/p>\n<blockquote class=\"question\"><p>Vous avez pris, au total, plus de 50\u00a0000 photos de Johnny Hallyday\u2026<\/p><\/blockquote>\n<p>\u00ab\u00a0Et c\u2019\u00e9tait tr\u00e8s vari\u00e9. Sur la tourn\u00e9e, c\u2019\u00e9tait une vie avec des musiciens, un entourage, une grosse production et je devais capter tout \u00e7a avec un fil conducteur. Et pour moi, le fil conducteur, c\u2019\u00e9tait de revenir aux sources, aller \u00e0 l\u2019essentiel. Je lui ai dit\u00a0: \u201cJe vais te photographier de fa\u00e7on tr\u00e8s brute comme un photographe l\u2019aurait fait dans les ann\u00e9es 1970 avec toi, les Beatles ou les Rolling Stones\u201d. Je voulais retrouver cette \u00e2me rock\u2019n\u2019roll. C\u2019est pour \u00e7a que je lui ai dit qu\u2019il fallait que je sois avec lui tout le temps, que je monte sur sc\u00e8ne comme un musicien, que je puisse avoir acc\u00e8s \u00e0 tout. Il \u00e9tait heureux que je porte ce regard-l\u00e0 sur lui. Johnny vivait pour \u00eatre une rockstar et c\u2019\u00e9tait une rockstar.\u00a0\u00bb<\/p>\n<blockquote class=\"question\"><p>L\u2019une des bagues qu\u2019il porte sur la couverture d\u2019 Inside est aujourd\u2019hui en votre possession\u2026<\/p><\/blockquote>\n<p>\u00ab\u00a0Oui et c\u2019est un pur hasard\u00a0! En fait, j\u2019avais la m\u00eame bague que lui. Il m\u2019avait dit\u00a0: \u201cC\u2019est marrant, tu me copies\u00a0?\u201d, je lui ai dit : \u201cNon, c\u2019est toi\u201d et on a rigol\u00e9. Et symboliquement, on s\u2019est \u00e9chang\u00e9 nos bagues. Je l\u2019ai encore avec moi et je la mets de temps en temps. Cette couverture d\u2019Inside est devenue embl\u00e9matique. C\u2019est un peu le boxeur qui est fort et se cache derri\u00e8re ses poings. L\u2019homme timide et fragile aussi. Johnny, c\u2019\u00e9tait un homme fort sur sc\u00e8ne mais aussi un homme pudique, gentil et simple. Il \u00e9tait g\u00e9n\u00e9reux dans sa fa\u00e7on d\u2019\u00eatre.\u00a0\u00bb<\/p>\n<p class=\"note\">Exposition Johnny Hallyday par le photographe Renaud Corlou\u00ebr, du 6 au 21\u00a0juin \u00e0 l\u2019Espace culturel E.Leclerc de Firminy dans le cadre de l\u2019op\u00e9ration \u00ab\u00a0Sc\u00e8ne \u00e0 Domicile\u00a0!\u00a0\u00bb. Vendredi 6\u00a0juin, \u00e0 17 heures\u00a0: vernissage de l\u2019exposition en pr\u00e9sence de Renaud Corlou\u00ebr qui d\u00e9dicacera ensuite ses trois ouvrages consacr\u00e9s \u00e0 Johnny Hallyday (de 17\u00a0h\u00a030 \u00e0 19 heures).<\/p>\n","protected":false},"excerpt":{"rendered":"Comment est construite cette exposition sur Johnny Hallyday que vous allez inaugurer \u00e0 Firminy\u00a0? \u00ab Elle comprend une&hellip;\n","protected":false},"author":2,"featured_media":153063,"comment_status":"","ping_status":"","sticky":false,"template":"","format":"standard","meta":{"footnotes":""},"categories":[9653],"tags":[1111,11,2430,1687,7539,1777,674,107,10282,10283,1011,27,3367,873,12,25,4001,273,3140],"class_list":{"0":"post-153062","1":"post","2":"type-post","3":"status-publish","4":"format-standard","5":"has-post-thumbnail","7":"category-saint-etienne","8":"tag-actu","9":"tag-actualites","10":"tag-auvergne-rhone-alpes","11":"tag-culture-loisirs","12":"tag-edition-loire-sud","13":"tag-eu","14":"tag-europe","15":"tag-fil-info","16":"tag-firminy","17":"tag-firminy-ville","18":"tag-fr","19":"tag-france","20":"tag-loire","21":"tag-musique","22":"tag-news","23":"tag-republique-francaise","24":"tag-saint-etienne","25":"tag-selection-de-la-redaction","26":"tag-spectacle"},"share_on_mastodon":{"url":"https:\/\/pubeurope.com\/@fr\/114628830347262238","error":""},"_links":{"self":[{"href":"https:\/\/www.europesays.com\/fr\/wp-json\/wp\/v2\/posts\/153062","targetHints":{"allow":["GET"]}}],"collection":[{"href":"https:\/\/www.europesays.com\/fr\/wp-json\/wp\/v2\/posts"}],"about":[{"href":"https:\/\/www.europesays.com\/fr\/wp-json\/wp\/v2\/types\/post"}],"author":[{"embeddable":true,"href":"https:\/\/www.europesays.com\/fr\/wp-json\/wp\/v2\/users\/2"}],"replies":[{"embeddable":true,"href":"https:\/\/www.europesays.com\/fr\/wp-json\/wp\/v2\/comments?post=153062"}],"version-history":[{"count":0,"href":"https:\/\/www.europesays.com\/fr\/wp-json\/wp\/v2\/posts\/153062\/revisions"}],"wp:featuredmedia":[{"embeddable":true,"href":"https:\/\/www.europesays.com\/fr\/wp-json\/wp\/v2\/media\/153063"}],"wp:attachment":[{"href":"https:\/\/www.europesays.com\/fr\/wp-json\/wp\/v2\/media?parent=153062"}],"wp:term":[{"taxonomy":"category","embeddable":true,"href":"https:\/\/www.europesays.com\/fr\/wp-json\/wp\/v2\/categories?post=153062"},{"taxonomy":"post_tag","embeddable":true,"href":"https:\/\/www.europesays.com\/fr\/wp-json\/wp\/v2\/tags?post=153062"}],"curies":[{"name":"wp","href":"https:\/\/api.w.org\/{rel}","templated":true}]}}