{"id":153066,"date":"2025-06-05T04:19:13","date_gmt":"2025-06-05T04:19:13","guid":{"rendered":"https:\/\/www.europesays.com\/fr\/153066\/"},"modified":"2025-06-05T04:19:13","modified_gmt":"2025-06-05T04:19:13","slug":"le-heavy-week-end-ouvre-la-quatrieme-edition-ce-week-end-2","status":"publish","type":"post","link":"https:\/\/www.europesays.com\/fr\/153066\/","title":{"rendered":"le Heavy Week-End ouvre la quatri\u00e8me \u00e9dition ce week-end"},"content":{"rendered":"<p>Les hirondelles font le printemps. Et le <a href=\"https:\/\/www.estrepublicain.fr\/culture-loisirs\/2025\/05\/28\/nancy-open-air-2025-tout-ce-qu-il-faut-savoir-sur-les-concerts-les-horaires-les-parkings-la-restauration\" target=\"_blank\" rel=\"noopener\">Nancy Open Air<\/a> , l\u2019\u00e9t\u00e9 avant l\u2019heure. Depuis 2022, l\u2019\u00e9v\u00e9nement prend possession de l\u2019amphith\u00e9\u00e2tre plein air du <a href=\"http:\/\/www.estrepublicain.fr\/p\/zenith-du-grand-nancy\" target=\"_blank\" rel=\"noopener\">Z\u00e9nith du Grand Nancy<\/a> pour une vol\u00e9e de concerts aux jauges extra-larges.<\/p>\n<p>Le 18\u00a0juin\u00a02022, c\u2019est <a href=\"http:\/\/www.estrepublicain.fr\/p\/calogero\" target=\"_blank\" rel=\"noopener\">Calogero<\/a> qui a ouvert le bal suivi d\u2019Orlesan, Sexion d\u2019Assaut et Sting. Une belle \u00e9dition confortant les Productions Label LN dans leur souhait d\u2019installer, dans la dur\u00e9e, ce qui s\u2019apparente \u00e0 un festival\u2026 Sans en \u00eatre un.<\/p>\n<p>\u00ab\u00a0Nous ne sommes pas un festival. Nous n\u2019avons ni camping, ni de sc\u00e8nes annexes. Surtout, nous ne sommes pas bloqu\u00e9s par des dates. Cela nous permet de saisir de belles opportunit\u00e9s\u00a0\u00bb, rappelait alors, Fr\u00e9d\u00e9ric Saint-Dizier,&#8230;<\/p>\n","protected":false},"excerpt":{"rendered":"Les hirondelles font le printemps. Et le Nancy Open Air , l\u2019\u00e9t\u00e9 avant l\u2019heure. Depuis 2022, l\u2019\u00e9v\u00e9nement prend&hellip;\n","protected":false},"author":2,"featured_media":152954,"comment_status":"","ping_status":"","sticky":false,"template":"","format":"standard","meta":{"footnotes":""},"categories":[9635],"tags":[1111,11,1687,3602,1707,1704,1706,1705,1777,674,1011,27,775,10061,10262,873,1702,12,25,3140],"class_list":{"0":"post-153066","1":"post","2":"type-post","3":"status-publish","4":"format-standard","5":"has-post-thumbnail","7":"category-nancy","8":"tag-actu","9":"tag-actualites","10":"tag-culture-loisirs","11":"tag-edition-bar-le-duc","12":"tag-edition-luneville","13":"tag-edition-nancy-et-agglomeration","14":"tag-edition-pont-a-mousson","15":"tag-edition-toul","16":"tag-eu","17":"tag-europe","18":"tag-fr","19":"tag-france","20":"tag-grand-est","21":"tag-maxeville","22":"tag-metropole-du-grand-nancy-54b5","23":"tag-musique","24":"tag-nancy","25":"tag-news","26":"tag-republique-francaise","27":"tag-spectacle"},"share_on_mastodon":{"url":"https:\/\/pubeurope.com\/@fr\/114628838266279262","error":""},"_links":{"self":[{"href":"https:\/\/www.europesays.com\/fr\/wp-json\/wp\/v2\/posts\/153066","targetHints":{"allow":["GET"]}}],"collection":[{"href":"https:\/\/www.europesays.com\/fr\/wp-json\/wp\/v2\/posts"}],"about":[{"href":"https:\/\/www.europesays.com\/fr\/wp-json\/wp\/v2\/types\/post"}],"author":[{"embeddable":true,"href":"https:\/\/www.europesays.com\/fr\/wp-json\/wp\/v2\/users\/2"}],"replies":[{"embeddable":true,"href":"https:\/\/www.europesays.com\/fr\/wp-json\/wp\/v2\/comments?post=153066"}],"version-history":[{"count":0,"href":"https:\/\/www.europesays.com\/fr\/wp-json\/wp\/v2\/posts\/153066\/revisions"}],"wp:featuredmedia":[{"embeddable":true,"href":"https:\/\/www.europesays.com\/fr\/wp-json\/wp\/v2\/media\/152954"}],"wp:attachment":[{"href":"https:\/\/www.europesays.com\/fr\/wp-json\/wp\/v2\/media?parent=153066"}],"wp:term":[{"taxonomy":"category","embeddable":true,"href":"https:\/\/www.europesays.com\/fr\/wp-json\/wp\/v2\/categories?post=153066"},{"taxonomy":"post_tag","embeddable":true,"href":"https:\/\/www.europesays.com\/fr\/wp-json\/wp\/v2\/tags?post=153066"}],"curies":[{"name":"wp","href":"https:\/\/api.w.org\/{rel}","templated":true}]}}