{"id":153067,"date":"2025-06-05T04:20:35","date_gmt":"2025-06-05T04:20:35","guid":{"rendered":"https:\/\/www.europesays.com\/fr\/153067\/"},"modified":"2025-06-05T04:20:35","modified_gmt":"2025-06-05T04:20:35","slug":"ensemble-contre-les-cancers-de-la-peau","status":"publish","type":"post","link":"https:\/\/www.europesays.com\/fr\/153067\/","title":{"rendered":"Ensemble contre les cancers de la peau"},"content":{"rendered":"<p><strong>Une nouvelle fois, le service de dermatologie du CHRU de Nancy se mobilise pour Juin Orange, le mois de d\u00e9pistage des cancers la peau. Ce mois a pour objectif de pr\u00e9venir le grand public des dangers li\u00e9s au soleil \u00e0 travers diverses actions.<\/strong><\/p>\n<p>Un grain de beaut\u00e9 anormal<br \/>\n<img loading=\"lazy\" decoding=\"async\" class=\"wp-image-80670 size-medium\" src=\"https:\/\/www.europesays.com\/fr\/wp-content\/uploads\/2025\/06\/cancer-de-la-peau-226x300.jpg\" alt=\"Juin Orange, pr\u00e9vention des cancers de la peau (CHRU Nancy)\" width=\"226\" height=\"300\"  \/>Juin Orange, pr\u00e9vention des cancers de la peau (CHRU Nancy)<\/p>\n<p>Chaque ann\u00e9e, pr\u00e8s de 80 000 nouveaux cas de cancers de la peau sont diagnostiqu\u00e9s en France. Parmi eux, le m\u00e9lanome \u2014 cancer de la peau qui appara\u00eet souvent sous la forme d\u2019un grain de beaut\u00e9 anormal \u2014 est le plus grave : il peut se propager rapidement s\u2019il n\u2019est pas d\u00e9tect\u00e9 \u00e0 temps, mais se soigne tr\u00e8s bien lorsqu\u2019il est pris en charge pr\u00e9cocement.<br \/>Connue sous le nom de \u00ab\u00a0juin Jaune\u00a0\u00bb, la campagne devient cette ann\u00e9e <strong>JUIN ORANGE<\/strong>. Ce mois vise \u00e0 sensibiliser la population aux dangers du soleil, \u00e0 promouvoir les gestes de pr\u00e9vention et \u00e0 encourager le d\u00e9pistage pr\u00e9coce.<br \/><strong>Les rayons ultraviolets (UV), qu\u2019ils soient naturels ou artificiels, sont responsables de 60 \u00e0 95 % des m\u00e9lanomes<\/strong>. Pourtant, beaucoup n\u00e9gligent encore les gestes simples de protection : \u00e9viter l\u2019exposition entre 11h et 16h, appliquer une cr\u00e8me solaire \u00e0 indice \u00e9lev\u00e9, porter des v\u00eatements couvrants, un chapeau et des lunettes de soleil.<br \/>La surveillance de la peau est \u00e9galement essentielle. Toute modification d\u2019un grain de beaut\u00e9 doit alerter et conduire \u00e0 une consultation dermatologique, en particulier pour les personnes \u00e0 risque (peau claire, ant\u00e9c\u00e9dents familiaux, expositions r\u00e9p\u00e9t\u00e9es).<\/p>\n<p>Programme des actions 2025<\/p>\n<p>Dans le cadre de JUIN ORANGE, plusieurs actions seront men\u00e9es pour informer et sensibiliser :<\/p>\n<ul>\n<li><strong>H\u00f4tel de police<\/strong> \u2013 Nancy (Bd Lobau)<br \/>11 juin (matin) : stand d\u2019information<br \/>16 juin (apr\u00e8s-midi) : stand d\u2019information<\/li>\n<li><strong>Nancy Thermal<\/strong><br \/>18 juin : journ\u00e9e d\u2019information avec la Ville de Nancy et la CPAM, stand d\u2019information (aucun d\u00e9pistage ne sera r\u00e9alis\u00e9)<\/li>\n<li><strong>Hall de Brabois Adultes<\/strong> \u2013 CHRU Nancy<br \/>25 juin \u2013 de 9h30 \u00e0 16h30 : journ\u00e9e de pr\u00e9vention et de d\u00e9pistage r\u00e9serv\u00e9e aux agents du CHRU, sur rendez-vous. Animation colonne UV sur place<\/li>\n<li><strong> Deux Rives de Meurthe<\/strong> \u2013 Nancy<br \/>2 juillet \u2013 de 9h \u00e0 12h et de 14h \u00e0 17h : stand d\u2019information en pr\u00e9sence de la Ligue contre le cancer (aucun d\u00e9pistage ne sera r\u00e9alis\u00e9)<\/li>\n<li><strong>Centre social La Clairi\u00e8re<\/strong> \u2013 Nancy<br \/>16 juillet \u2013 de 14h \u00e0 16h : stand d\u2019information<\/li>\n<li><strong> Centre social Jolibois<\/strong> \u2013 Nancy<br \/>30 juillet \u2013 de 14h \u00e0 16h : stand d\u2019information<\/li>\n<\/ul>\n<p>Parce que le meilleur moyen de se prot\u00e9ger reste la pr\u00e9vention, il est essentiel d\u2019adopter les bons r\u00e9flexes : \u00e9viter de s\u2019exposer au soleil aux heures les plus chaudes, utiliser une protection solaire adapt\u00e9e et renouvel\u00e9e r\u00e9guli\u00e8rement, porter des v\u00eatements couvrants, et surveiller r\u00e9guli\u00e8rement l\u2019apparition ou l\u2019\u00e9volution de taches ou grains de beaut\u00e9 suspects. Un diagnostic pr\u00e9coce peut faire toute la diff\u00e9rence.<\/p>\n","protected":false},"excerpt":{"rendered":"Une nouvelle fois, le service de dermatologie du CHRU de Nancy se mobilise pour Juin Orange, le mois&hellip;\n","protected":false},"author":2,"featured_media":153068,"comment_status":"","ping_status":"","sticky":false,"template":"","format":"standard","meta":{"footnotes":""},"categories":[9635],"tags":[1111,11,6520,12123,1777,674,1011,27,775,1702,12,25],"class_list":{"0":"post-153067","1":"post","2":"type-post","3":"status-publish","4":"format-standard","5":"has-post-thumbnail","7":"category-nancy","8":"tag-actu","9":"tag-actualites","10":"tag-cancers","11":"tag-chru-nancy","12":"tag-eu","13":"tag-europe","14":"tag-fr","15":"tag-france","16":"tag-grand-est","17":"tag-nancy","18":"tag-news","19":"tag-republique-francaise"},"share_on_mastodon":{"url":"https:\/\/pubeurope.com\/@fr\/114628842202812952","error":""},"_links":{"self":[{"href":"https:\/\/www.europesays.com\/fr\/wp-json\/wp\/v2\/posts\/153067","targetHints":{"allow":["GET"]}}],"collection":[{"href":"https:\/\/www.europesays.com\/fr\/wp-json\/wp\/v2\/posts"}],"about":[{"href":"https:\/\/www.europesays.com\/fr\/wp-json\/wp\/v2\/types\/post"}],"author":[{"embeddable":true,"href":"https:\/\/www.europesays.com\/fr\/wp-json\/wp\/v2\/users\/2"}],"replies":[{"embeddable":true,"href":"https:\/\/www.europesays.com\/fr\/wp-json\/wp\/v2\/comments?post=153067"}],"version-history":[{"count":0,"href":"https:\/\/www.europesays.com\/fr\/wp-json\/wp\/v2\/posts\/153067\/revisions"}],"wp:featuredmedia":[{"embeddable":true,"href":"https:\/\/www.europesays.com\/fr\/wp-json\/wp\/v2\/media\/153068"}],"wp:attachment":[{"href":"https:\/\/www.europesays.com\/fr\/wp-json\/wp\/v2\/media?parent=153067"}],"wp:term":[{"taxonomy":"category","embeddable":true,"href":"https:\/\/www.europesays.com\/fr\/wp-json\/wp\/v2\/categories?post=153067"},{"taxonomy":"post_tag","embeddable":true,"href":"https:\/\/www.europesays.com\/fr\/wp-json\/wp\/v2\/tags?post=153067"}],"curies":[{"name":"wp","href":"https:\/\/api.w.org\/{rel}","templated":true}]}}