{"id":153079,"date":"2025-06-05T04:31:44","date_gmt":"2025-06-05T04:31:44","guid":{"rendered":"https:\/\/www.europesays.com\/fr\/153079\/"},"modified":"2025-06-05T04:31:44","modified_gmt":"2025-06-05T04:31:44","slug":"violences-en-manifestation-a-rennes-un-policier-condamne-a-cinq-mois-de-prison-avec-sursis","status":"publish","type":"post","link":"https:\/\/www.europesays.com\/fr\/153079\/","title":{"rendered":"Violences en manifestation \u00e0 Rennes : un policier condamn\u00e9 \u00e0 cinq mois de prison avec sursis"},"content":{"rendered":"<p>            <a href=\"https:\/\/www.unidivers.fr\/wp-content\/uploads\/2023\/07\/manifestation-5-decembre-l.musset_-63.jpg\" data-caption=\"\" rel=\"nofollow noopener\" target=\"_blank\"><img loading=\"lazy\" decoding=\"async\" width=\"696\" height=\"463\" class=\"entry-thumb td-modal-image\" src=\"https:\/\/www.europesays.com\/fr\/wp-content\/uploads\/2025\/06\/manifestation-5-decembre-l.musset_-63-696x463.jpg.webp.webp\"   alt=\"manifestation rennes\" title=\"manifestation-5-decembre-l.musset_-63\"\/><\/a><\/p>\n<p>C\u2019est une d\u00e9cision de justice rare dans un climat national o\u00f9 le sujet des violences polici\u00e8res reste hautement inflammable. Mardi, le tribunal correctionnel de Rennes a condamn\u00e9 un policier \u00e0 cinq mois de prison avec sursis pour des violences commises sur deux hommes en mars 2023, au c\u0153ur des manifestations contre la r\u00e9forme des retraites.<\/p>\n<p>L\u2019affaire s\u2019\u00e9tait nou\u00e9e le 23 mars 2023, lorsque la col\u00e8re sociale contre la r\u00e9forme des retraites atteignait son paroxysme dans de nombreuses villes de France. \u00c0 Rennes, comme ailleurs, les cort\u00e8ges avaient parfois d\u00e9g\u00e9n\u00e9r\u00e9 en affrontements directs entre manifestants et forces de l\u2019ordre. C\u2019est dans ce contexte de tension que le fonctionnaire de police avait interpell\u00e9 deux manifestants et port\u00e9 plusieurs coups lors de leur arrestation.<\/p>\n<p><strong>Les images de l\u2019intervention, film\u00e9es et diffus\u00e9es sur les r\u00e9seaux sociaux, avaient rapidement fait r\u00e9agir l\u2019opinion et conduit le parquet \u00e0 saisir l\u2019IGPN.<\/strong>\u00a0Au terme de son enqu\u00eate administrative, l\u2019Inspection g\u00e9n\u00e9rale de la police nationale avait confirm\u00e9 la mat\u00e9rialit\u00e9 des faits, ouvrant la voie \u00e0 des poursuites p\u00e9nales.<\/p>\n<p>Face au tribunal, le policier avait invoqu\u00e9 la pression de la situation, le contexte d\u2019affrontements et la difficult\u00e9 de maintenir le calme face \u00e0 des manifestants parfois agressifs. Des arguments classiques dans ce type de dossier, mais qui n\u2019ont pas convaincu la juridiction rennaise. \u00ab Le cadre l\u00e9gal d\u2019usage de la force ne s\u2019efface pas sous l\u2019effet de la tension du moment \u00bb, a rappel\u00e9 la pr\u00e9sidente du tribunal en rendant sa d\u00e9cision.<\/p>\n<p><strong>Cinq mois de prison avec sursis : une peine symbolique mais significative.<\/strong>\u00a0Le policier reste libre, mais inscrit d\u00e9sormais un casier judiciaire \u00e0 son dossier. Pour les avocats des parties civiles, la reconnaissance de culpabilit\u00e9 constitue un \u00ab signal judiciaire \u00bb, rappelant que les d\u00e9rapages des forces de l\u2019ordre ne sauraient \u00e9chapper syst\u00e9matiquement \u00e0 la justice.<\/p>\n<p>L\u2019affaire prend place dans un contexte rennais d\u00e9j\u00e0 sensible o\u00f9 d\u2019autres dossiers de violences polici\u00e8res restent dans les m\u00e9moires. Parmi eux, la mort de Babacar Gueye en 2015, tu\u00e9 par un tir policier alors qu\u2019il \u00e9tait en pleine crise psychique. Une proc\u00e9dure toujours ouverte, en appel, dont une d\u00e9cision est attendue dans 2 jours, le 6 juin 2025.<\/p>\n<p><strong>Au-del\u00e0 du seul dossier rennais, l\u2019affaire illustre une tension persistante autour de la question du maintien de l\u2019ordre en France.<\/strong>\u00a0<\/p>\n<p>Depuis plusieurs ann\u00e9es, les manifestations de grande ampleur \u2014 qu\u2019elles concernent les retraites, les Gilets jaunes ou les questions environnementales \u2014 voient s\u2019affronter une police de plus en plus \u00e9quip\u00e9e, form\u00e9e au maintien de l\u2019ordre \u00ab offensif \u00bb, et des groupes de manifestants radicaux qui viennent non plus seulement exprimer un d\u00e9saccord politique, mais provoquer directement les forces de l\u2019ordre et s\u2019en prendre aux biens publics et priv\u00e9s. Ce durcissement sym\u00e9trique entretient un climat de d\u00e9fiance g\u00e9n\u00e9ralis\u00e9e. Une partie croissante de la population exprime une hostilit\u00e9 envers des forces de police jug\u00e9es d\u00e9sagr\u00e9ables et brutales, tandis que bon nombre de policiers, mais aussi d\u2019observateurs neutres et une partie croissante de la population, d\u00e9noncent la multiplication de \u00ab manifestants violents d\u00e9termin\u00e9s \u00bb qui viennent chercher l\u2019affrontement et se d\u00e9fouler en cassant, voire en agressant. Le cercle est d\u00e9sormais bien enclench\u00e9 qui rend chaque nouvelle mobilisation potentiellement explosive et chaque d\u00e9rapage policier plus lourd de cons\u00e9quences politico-m\u00e9diatiques.<\/p>\n<p>Les syndicats de police, \u00e0 l\u2019instar d\u2019Alliance, d\u00e9noncent ces conditions d\u2019intervention de plus en plus complexes qui exposent les agents \u00e0 des risques disciplinaires et judiciaires accrus. \u00c0 l\u2019inverse, de nombreuses ONG et associations de d\u00e9fense des droits humains d\u00e9noncent l\u2019impunit\u00e9 encore trop fr\u00e9quente des violences commises sous l\u2019uniforme. Le jugement de Rennes s\u2019inscrit ainsi dans ce d\u00e9licat \u00e9quilibre judiciaire et politique o\u00f9 chaque d\u00e9cision de justice alimente le d\u00e9bat br\u00fblant sur la r\u00e9gulation de la force publique en d\u00e9mocratie.<\/p>\n<p><img loading=\"lazy\" decoding=\"async\" width=\"1200\" height=\"816\" data-id=\"570254\" src=\"https:\/\/www.europesays.com\/fr\/wp-content\/uploads\/2025\/06\/manifestation-5-decembre-l.musset_-62.jpg.webp.webp\" alt=\"manifestation rennes\" class=\"wp-image-570254\"  \/><\/p>\n<p><img loading=\"lazy\" decoding=\"async\" width=\"1200\" height=\"780\" data-id=\"570253\" src=\"https:\/\/www.europesays.com\/fr\/wp-content\/uploads\/2025\/06\/manifestation-5-decembre-l.musset_-64.jpg.webp.webp\" alt=\"manifestation rennes\" class=\"wp-image-570253\"  \/><\/p>\n<p><img loading=\"lazy\" decoding=\"async\" width=\"1200\" height=\"798\" data-id=\"570252\" src=\"https:\/\/www.europesays.com\/fr\/wp-content\/uploads\/2025\/06\/manifestation-5-decembre-l.musset_-63.jpg.webp.webp\" alt=\"manifestation rennes\" class=\"wp-image-570252\"  \/><\/p>\n<p><img loading=\"lazy\" decoding=\"async\" width=\"1200\" height=\"809\" data-id=\"570251\" src=\"https:\/\/www.europesays.com\/fr\/wp-content\/uploads\/2025\/06\/manifestation-5-decembre-l.musset_-41.jpg.webp.webp\" alt=\"manifestation rennes\" class=\"wp-image-570251\"  \/><\/p>\n<p><img loading=\"lazy\" decoding=\"async\" width=\"1200\" height=\"800\" data-id=\"570250\" src=\"https:\/\/www.europesays.com\/fr\/wp-content\/uploads\/2025\/06\/manifestation-5-decembre-l.musset_-52.jpg.webp.webp\" alt=\"manifestation rennes\" class=\"wp-image-570250\"  \/><\/p>\n<p><img loading=\"lazy\" decoding=\"async\" width=\"1200\" height=\"827\" data-id=\"570249\" src=\"https:\/\/www.europesays.com\/fr\/wp-content\/uploads\/2025\/06\/manifestation-5-decembre-l.musset_-54.jpg.webp.webp\" alt=\"manifestation rennes\" class=\"wp-image-570249\"  \/><\/p>\n<p><img loading=\"lazy\" decoding=\"async\" width=\"1200\" height=\"800\" data-id=\"570233\" src=\"https:\/\/www.europesays.com\/fr\/wp-content\/uploads\/2025\/06\/manifestation-5-decembre-l.musset_-61.jpg.webp.webp\" alt=\"manifestation rennes\" class=\"wp-image-570233\"  \/><\/p>\n<p><img loading=\"lazy\" decoding=\"async\" width=\"722\" height=\"1080\" data-id=\"570234\" src=\"https:\/\/www.europesays.com\/fr\/wp-content\/uploads\/2025\/06\/manifestation-5-decembre-l.musset_-722x1080.jpg.webp.webp\" alt=\"manifestation rennes\" class=\"wp-image-570234\"  \/><\/p>\n<p><img loading=\"lazy\" decoding=\"async\" width=\"1200\" height=\"796\" data-id=\"570244\" src=\"https:\/\/www.europesays.com\/fr\/wp-content\/uploads\/2025\/06\/manifestation-5-decembre-l.musset_-26-1.jpg.webp.webp\" alt=\"manifestation rennes\" class=\"wp-image-570244\"  \/><\/p>\n<p><img loading=\"lazy\" decoding=\"async\" width=\"1200\" height=\"785\" data-id=\"570246\" src=\"https:\/\/www.europesays.com\/fr\/wp-content\/uploads\/2025\/06\/manifestation-5-decembre-l.musset_-21.jpg.webp.webp\" alt=\"manifestation rennes\" class=\"wp-image-570246\"  \/><\/p>\n<p><img loading=\"lazy\" decoding=\"async\" width=\"1200\" height=\"800\" data-id=\"570247\" src=\"https:\/\/www.europesays.com\/fr\/wp-content\/uploads\/2025\/06\/manifestation-5-decembre-l.musset_-38.jpg.webp.webp\" alt=\"manifestation rennes\" class=\"wp-image-570247\"  \/><\/p>\n<p><img loading=\"lazy\" decoding=\"async\" width=\"1200\" height=\"802\" data-id=\"570248\" src=\"https:\/\/www.europesays.com\/fr\/wp-content\/uploads\/2025\/06\/manifestation-5-decembre-l.musset_-43-1.jpg.webp.webp\" alt=\"manifestation rennes\" class=\"wp-image-570248\"  \/><\/p>\n<p><img loading=\"lazy\" decoding=\"async\" width=\"708\" height=\"1080\" data-id=\"570232\" src=\"https:\/\/www.europesays.com\/fr\/wp-content\/uploads\/2025\/06\/manifestation-5-decembre-l.musset_-60-708x1080.jpg.webp.webp\" alt=\"manifestation rennes\" class=\"wp-image-570232\"  \/><\/p>\n<p><img loading=\"lazy\" decoding=\"async\" width=\"1200\" height=\"800\" data-id=\"570231\" src=\"https:\/\/www.europesays.com\/fr\/wp-content\/uploads\/2025\/06\/manifestation-5-decembre-l.musset_-59.jpg.webp.webp\" alt=\"manifestation rennes\" class=\"wp-image-570231\"  \/><\/p>\n<p><img loading=\"lazy\" decoding=\"async\" width=\"1200\" height=\"806\" data-id=\"570230\" src=\"https:\/\/www.europesays.com\/fr\/wp-content\/uploads\/2025\/06\/manifestation-5-decembre-l.musset_-58.jpg.webp.webp\" alt=\"manifestation rennes\" class=\"wp-image-570230\"  \/><\/p>\n<p><img loading=\"lazy\" decoding=\"async\" width=\"1200\" height=\"800\" data-id=\"570229\" src=\"https:\/\/www.europesays.com\/fr\/wp-content\/uploads\/2025\/06\/manifestation-5-decembre-l.musset_-56.jpg.webp.webp\" alt=\"manifestation rennes\" class=\"wp-image-570229\"  \/><\/p>\n<p><img loading=\"lazy\" decoding=\"async\" width=\"1200\" height=\"802\" data-id=\"570228\" src=\"https:\/\/www.europesays.com\/fr\/wp-content\/uploads\/2025\/06\/manifestation-5-decembre-l.musset_-46.jpg.webp.webp\" alt=\"manifestation rennes\" class=\"wp-image-570228\"  \/><\/p>\n<p><img loading=\"lazy\" decoding=\"async\" width=\"1200\" height=\"802\" data-id=\"570227\" src=\"https:\/\/www.europesays.com\/fr\/wp-content\/uploads\/2025\/06\/manifestation-5-decembre-l.musset_-43.jpg.webp.webp\" alt=\"manifestation rennes\" class=\"wp-image-570227\"  \/><\/p>\n<p><img loading=\"lazy\" decoding=\"async\" width=\"1200\" height=\"842\" data-id=\"570220\" src=\"https:\/\/www.europesays.com\/fr\/wp-content\/uploads\/2025\/06\/manifestation-5-decembre-l.musset_-23.jpg.webp.webp\" alt=\"manifestation rennes\" class=\"wp-image-570220\"  \/><\/p>\n<p><img loading=\"lazy\" decoding=\"async\" width=\"1200\" height=\"830\" data-id=\"570221\" src=\"https:\/\/www.europesays.com\/fr\/wp-content\/uploads\/2025\/06\/manifestation-5-decembre-l.musset_-24.jpg.webp.webp\" alt=\"manifestation rennes\" class=\"wp-image-570221\"  \/><\/p>\n<p><img loading=\"lazy\" decoding=\"async\" width=\"1200\" height=\"796\" data-id=\"570223\" src=\"https:\/\/www.europesays.com\/fr\/wp-content\/uploads\/2025\/06\/manifestation-5-decembre-l.musset_-26.jpg.webp.webp\" alt=\"manifestation rennes\" class=\"wp-image-570223\"  \/><\/p>\n<p><img loading=\"lazy\" decoding=\"async\" width=\"1200\" height=\"800\" data-id=\"570224\" src=\"https:\/\/www.europesays.com\/fr\/wp-content\/uploads\/2025\/06\/manifestation-5-decembre-l.musset_-27.jpg.webp.webp\" alt=\"manifestation rennes\" class=\"wp-image-570224\"  \/><\/p>\n<p><img loading=\"lazy\" decoding=\"async\" width=\"1200\" height=\"800\" data-id=\"570225\" src=\"https:\/\/www.europesays.com\/fr\/wp-content\/uploads\/2025\/06\/manifestation-5-decembre-l.musset_-33.jpg.webp.webp\" alt=\"manifestation rennes\" class=\"wp-image-570225\"  \/><\/p>\n<p><img loading=\"lazy\" decoding=\"async\" width=\"1200\" height=\"800\" data-id=\"570226\" src=\"https:\/\/www.europesays.com\/fr\/wp-content\/uploads\/2025\/06\/manifestation-5-decembre-l.musset_-35.jpg.webp.webp\" alt=\"manifestation rennes\" class=\"wp-image-570226\"  \/><\/p>\n<p><img loading=\"lazy\" decoding=\"async\" width=\"1200\" height=\"809\" data-id=\"570219\" src=\"https:\/\/www.europesays.com\/fr\/wp-content\/uploads\/2025\/06\/manifestation-5-decembre-l.musset_-20.jpg.webp.webp\" alt=\"manifestation rennes\" class=\"wp-image-570219\"  \/><\/p>\n<p><img loading=\"lazy\" decoding=\"async\" width=\"1200\" height=\"824\" data-id=\"570212\" src=\"https:\/\/www.europesays.com\/fr\/wp-content\/uploads\/2025\/06\/manifestation-5-decembre-l.musset_-11.jpg.webp.webp\" alt=\"manifestation rennes\" class=\"wp-image-570212\"  \/><\/p>\n<p><img loading=\"lazy\" decoding=\"async\" width=\"716\" height=\"1080\" data-id=\"570211\" src=\"https:\/\/www.europesays.com\/fr\/wp-content\/uploads\/2025\/06\/manifestation-5-decembre-l.musset_-10-716x1080.jpg.webp.webp\" alt=\"manifestation rennes\" class=\"wp-image-570211\"  \/><\/p>\n<p><img loading=\"lazy\" decoding=\"async\" width=\"1200\" height=\"796\" data-id=\"570218\" src=\"https:\/\/www.europesays.com\/fr\/wp-content\/uploads\/2025\/06\/manifestation-5-decembre-l.musset_-19.jpg.webp.webp\" alt=\"manifestation rennes\" class=\"wp-image-570218\"  \/><\/p>\n<p><img loading=\"lazy\" decoding=\"async\" width=\"706\" height=\"1080\" data-id=\"570217\" src=\"https:\/\/www.europesays.com\/fr\/wp-content\/uploads\/2025\/06\/manifestation-5-decembre-l.musset_-17-706x1080.jpg.webp.webp\" alt=\"manifestation rennes\" class=\"wp-image-570217\"  \/><\/p>\n<p><img loading=\"lazy\" decoding=\"async\" width=\"1200\" height=\"861\" data-id=\"570210\" src=\"https:\/\/www.europesays.com\/fr\/wp-content\/uploads\/2025\/06\/manifestation-5-decembre-l.musset_-9.jpg.webp.webp\" alt=\"manifestation rennes\" class=\"wp-image-570210\"  \/><\/p>\n<p><img loading=\"lazy\" decoding=\"async\" width=\"1200\" height=\"797\" data-id=\"570209\" src=\"https:\/\/www.europesays.com\/fr\/wp-content\/uploads\/2025\/06\/manifestation-5-decembre-l.musset_-6.jpg.webp.webp\" alt=\"\" class=\"wp-image-570209\"  \/><\/p>\n<p><img loading=\"lazy\" decoding=\"async\" width=\"687\" height=\"1080\" data-id=\"570216\" src=\"https:\/\/www.europesays.com\/fr\/wp-content\/uploads\/2025\/06\/manifestation-5-decembre-l.musset_-15-687x1080.jpg.webp.webp\" alt=\"manifestation rennes\" class=\"wp-image-570216\"  \/><\/p>\n<p><img loading=\"lazy\" decoding=\"async\" width=\"1200\" height=\"798\" data-id=\"570214\" src=\"https:\/\/www.europesays.com\/fr\/wp-content\/uploads\/2025\/06\/manifestation-5-decembre-l.musset_-14.jpg.webp.webp\" alt=\"manifestation rennes\" class=\"wp-image-570214\"  \/><\/p>\n<p><img loading=\"lazy\" decoding=\"async\" width=\"1200\" height=\"801\" data-id=\"570213\" src=\"https:\/\/www.europesays.com\/fr\/wp-content\/uploads\/2025\/06\/manifestation-5-decembre-l.musset_-12.jpg.webp.webp\" alt=\"manifestation rennes\" class=\"wp-image-570213\"  \/><\/p>\n<p><img loading=\"lazy\" decoding=\"async\" width=\"807\" height=\"474\" data-id=\"570207\" src=\"https:\/\/www.europesays.com\/fr\/wp-content\/uploads\/2025\/06\/manifestation-5-decembre-l.musset_-4-1-e1575976385850.jpg.webp.webp\" alt=\"\" class=\"wp-image-570207\"  \/><\/p>\n<p><img loading=\"lazy\" decoding=\"async\" width=\"726\" height=\"1080\" data-id=\"570208\" src=\"https:\/\/www.europesays.com\/fr\/wp-content\/uploads\/2025\/06\/manifestation-5-decembre-l.musset_-4-726x1080.jpg.webp.webp\" alt=\"manifestation rennes\" class=\"wp-image-570208\"  \/><\/p>\n<p>Photos : Laurie Musset<\/p>\n","protected":false},"excerpt":{"rendered":"C\u2019est une d\u00e9cision de justice rare dans un climat national o\u00f9 le sujet des violences polici\u00e8res reste hautement&hellip;\n","protected":false},"author":2,"featured_media":153080,"comment_status":"","ping_status":"","sticky":false,"template":"","format":"standard","meta":{"footnotes":"","_share_on_mastodon":"0"},"categories":[2821],"tags":[1111,11,829,1777,674,1011,27,12,584,25],"class_list":["post-153079","post","type-post","status-publish","format-standard","has-post-thumbnail","category-rennes","tag-actu","tag-actualites","tag-bretagne","tag-eu","tag-europe","tag-fr","tag-france","tag-news","tag-rennes","tag-republique-francaise"],"share_on_mastodon":{"url":"https:\/\/pubeurope.com\/@fr\/114628886399805868","error":""},"_links":{"self":[{"href":"https:\/\/www.europesays.com\/fr\/wp-json\/wp\/v2\/posts\/153079","targetHints":{"allow":["GET"]}}],"collection":[{"href":"https:\/\/www.europesays.com\/fr\/wp-json\/wp\/v2\/posts"}],"about":[{"href":"https:\/\/www.europesays.com\/fr\/wp-json\/wp\/v2\/types\/post"}],"author":[{"embeddable":true,"href":"https:\/\/www.europesays.com\/fr\/wp-json\/wp\/v2\/users\/2"}],"replies":[{"embeddable":true,"href":"https:\/\/www.europesays.com\/fr\/wp-json\/wp\/v2\/comments?post=153079"}],"version-history":[{"count":0,"href":"https:\/\/www.europesays.com\/fr\/wp-json\/wp\/v2\/posts\/153079\/revisions"}],"wp:featuredmedia":[{"embeddable":true,"href":"https:\/\/www.europesays.com\/fr\/wp-json\/wp\/v2\/media\/153080"}],"wp:attachment":[{"href":"https:\/\/www.europesays.com\/fr\/wp-json\/wp\/v2\/media?parent=153079"}],"wp:term":[{"taxonomy":"category","embeddable":true,"href":"https:\/\/www.europesays.com\/fr\/wp-json\/wp\/v2\/categories?post=153079"},{"taxonomy":"post_tag","embeddable":true,"href":"https:\/\/www.europesays.com\/fr\/wp-json\/wp\/v2\/tags?post=153079"}],"curies":[{"name":"wp","href":"https:\/\/api.w.org\/{rel}","templated":true}]}}