{"id":153081,"date":"2025-06-05T04:32:24","date_gmt":"2025-06-05T04:32:24","guid":{"rendered":"https:\/\/www.europesays.com\/fr\/153081\/"},"modified":"2025-06-05T04:32:24","modified_gmt":"2025-06-05T04:32:24","slug":"strasbourg-manifestation-pour-un-cessez-le-feu-en-palestine-samedi-7-juin","status":"publish","type":"post","link":"https:\/\/www.europesays.com\/fr\/153081\/","title":{"rendered":"Strasbourg. Manifestation pour un cessez-le-feu en Palestine samedi 7 juin"},"content":{"rendered":"<p class=\"wp-block-post-excerpt__excerpt\">Une manifestation est organis\u00e9e samedi 7 juin par le collectif Palestine 67 d\u00e9noncer les violences en Cisjordanie et la guerre dans la bande de Gaza. Les organisateurs r\u00e9clament un cessez-le-feu imm\u00e9diat, la fin du blocus et la reconnaissance d\u2019un \u00c9tat palestinien par la France. <\/p>\n<p class=\"font-sans\">\n\t\t\tCet article est en acc\u00e8s libre. Pour soutenir Rue89 Strasbourg,<br \/>\n\t\t\t<a class=\"underline\" href=\"https:\/\/www.rue89strasbourg.com\/abonnement\" rel=\"nofollow noopener\" target=\"_blank\">abonnez-vous<\/a>.\n\t\t<\/p>\n<p>Romain Cunat<\/p>\n<p>Publi\u00e9 le 5 juin 2025\u00a0\u00a0\u00b7\u00a0\u00a0<\/p>\n<p>Imprim\u00e9 le 5 juin 2025 \u00e0 06h00\u00a0\u00a0\u00b7\u00a0\u00a0<\/p>\n<p>\t\t\t\t\t1\u00a0minute\n<\/p>\n<p>Le collectif Palestine 67, regroupant une vingtaine d\u2019organisations, organise une manifestation pour d\u00e9noncer un \u00ab\u00a0g\u00e9nocide\u00a0\u00bb dans la bande de Gaza et demander la reconnaissance d\u2019un \u00c9tat palestinien par la France et l\u2019Union europ\u00e9enne. Le d\u00e9part est pr\u00e9vu samedi 7 juin \u00e0 14h, place de la Gare \u00e0 Strasbourg. <\/p>\n<p>Depuis l\u2019<a href=\"https:\/\/fr.wikipedia.org\/wiki\/Attaque_du_Hamas_contre_Isra%C3%ABl_d%27octobre_2023\" target=\"_blank\" rel=\"noreferrer noopener nofollow\">attentat du 7 octobre 2023<\/a>, l\u2019arm\u00e9e isra\u00e9lienne y m\u00e8ne une r\u00e9pression qui a fait plus de 50\u00a0000 morts. R\u00e9cemment, des points de distribution d\u2019aide alimentaire, confi\u00e9s par Isra\u00ebl \u00e0 une soci\u00e9t\u00e9 priv\u00e9e, <a href=\"https:\/\/www.lemonde.fr\/international\/article\/2025\/06\/02\/gaza-des-tirs-a-proximite-d-un-point-de-distribution-d-aide-a-rafah-font-de-nombreux-morts-et-blesses_6610203_3210.html\" target=\"_blank\" rel=\"noreferrer noopener nofollow\">ont \u00e9t\u00e9 vis\u00e9s par des tirs de l\u2019arm\u00e9e isra\u00e9lienne<\/a>, ce qui a provoqu\u00e9 de nouvelles victimes parmi les familles qui venaient chercher un peu de nourriture apr\u00e8s des semaines de privations. Le d\u00e9voilement <a href=\"https:\/\/www.franceinfo.fr\/monde\/proche-orient\/israel-palestine\/guerre-au-proche-orient-trois-questions-sur-le-plan-israelien-de-conquete-de-la-bande-de-gaza_7230570.html\" target=\"_blank\" rel=\"noreferrer noopener nofollow\">des plans du cabinet de s\u00e9curit\u00e9 d\u00e9but mai<\/a>, visant \u00e0 conqu\u00e9rir l\u2019ensemble de la bande de Gaza, ne laissent gu\u00e8re de doutes sur les intentions du gouvernement d\u2019extr\u00eame droite isra\u00e9lien. <\/p>\n<p><a href=\"https:\/\/www.rue89strasbourg.com\/abonnement\" rel=\"nofollow noopener\" target=\"_blank\"><img loading=\"lazy\" decoding=\"async\" width=\"970\" height=\"250\" src=\"https:\/\/www.europesays.com\/fr\/wp-content\/uploads\/2025\/05\/bannie\u0300re-autopromo-2025-desktop-1.gif\" alt=\"\" class=\"wp-image-343590\" style=\"width:792px\"\/><\/a><\/p>\n<p><a href=\"https:\/\/www.rue89strasbourg.com\/abonnement\" rel=\"nofollow noopener\" target=\"_blank\"><img loading=\"lazy\" decoding=\"async\" width=\"300\" height=\"300\" src=\"https:\/\/www.europesays.com\/fr\/wp-content\/uploads\/2025\/05\/bannieres@2x.png\" alt=\"\" class=\"wp-image-341656\"  \/><\/a><\/p>\n<p>Mobilis\u00e9 depuis novembre 2023<\/p>\n<p>Les organisateurs de la manifestation strasbourgeoise r\u00e9clament, depuis novembre 2023, un cessez-le-feu imm\u00e9diat et le retrait de l\u2019arm\u00e9e isra\u00e9lienne de la bande de Gaza. Le collectif d\u00e9nonce l\u2019usage de \u00ab\u00a0l\u2019arme de la famine\u00a0\u00bb et demande la lev\u00e9e des restrictions \u00e0 l\u2019entr\u00e9e de l\u2019aide humanitaire. Le collectif appelle en outre \u00e0 des sanctions contre Isra\u00ebl, la poursuite de la proc\u00e9dure engag\u00e9e par la Cour p\u00e9nale internationale contre le Premier ministre isra\u00e9lien et la suspension de l\u2019accord d\u2019association entre l\u2019UE et Isra\u00ebl. <\/p>\n<\/p>\n<p>Le rassemblement est fix\u00e9 \u00e0 14 h sur la place de la Gare, le cort\u00e8ge s\u2019\u00e9lancera ensuite vers la rue du Maire-Kuss, avant de longer la rue du 22-Novembre et la rue des Aveugles, empruntant la Grand\u2019Rue pour rejoindre la rue Gutenberg. Il continuera ensuite par la rue des Hallebardes pour aboutir place de la Cath\u00e9drale. <\/p>\n<p>Y <strong>aller<\/strong><\/p>\n<p><strong>Manifestation en soutien \u00e0 la Palestine<\/strong>, d\u00e9part samedi 7 juin \u00e0 14h, place de la Gare \u00e0 Strasbourg \u2013 Gare.<\/p>\n","protected":false},"excerpt":{"rendered":"Une manifestation est organis\u00e9e samedi 7 juin par le collectif Palestine 67 d\u00e9noncer les violences en Cisjordanie et&hellip;\n","protected":false},"author":2,"featured_media":153082,"comment_status":"","ping_status":"","sticky":false,"template":"","format":"standard","meta":{"footnotes":""},"categories":[2820],"tags":[1111,11,1777,674,1011,27,775,2088,12,3518,25,640],"class_list":{"0":"post-153081","1":"post","2":"type-post","3":"status-publish","4":"format-standard","5":"has-post-thumbnail","7":"category-strasbourg","8":"tag-actu","9":"tag-actualites","10":"tag-eu","11":"tag-europe","12":"tag-fr","13":"tag-france","14":"tag-grand-est","15":"tag-manifestation","16":"tag-news","17":"tag-palestine","18":"tag-republique-francaise","19":"tag-strasbourg"},"share_on_mastodon":{"url":"https:\/\/pubeurope.com\/@fr\/114628889648157503","error":""},"_links":{"self":[{"href":"https:\/\/www.europesays.com\/fr\/wp-json\/wp\/v2\/posts\/153081","targetHints":{"allow":["GET"]}}],"collection":[{"href":"https:\/\/www.europesays.com\/fr\/wp-json\/wp\/v2\/posts"}],"about":[{"href":"https:\/\/www.europesays.com\/fr\/wp-json\/wp\/v2\/types\/post"}],"author":[{"embeddable":true,"href":"https:\/\/www.europesays.com\/fr\/wp-json\/wp\/v2\/users\/2"}],"replies":[{"embeddable":true,"href":"https:\/\/www.europesays.com\/fr\/wp-json\/wp\/v2\/comments?post=153081"}],"version-history":[{"count":0,"href":"https:\/\/www.europesays.com\/fr\/wp-json\/wp\/v2\/posts\/153081\/revisions"}],"wp:featuredmedia":[{"embeddable":true,"href":"https:\/\/www.europesays.com\/fr\/wp-json\/wp\/v2\/media\/153082"}],"wp:attachment":[{"href":"https:\/\/www.europesays.com\/fr\/wp-json\/wp\/v2\/media?parent=153081"}],"wp:term":[{"taxonomy":"category","embeddable":true,"href":"https:\/\/www.europesays.com\/fr\/wp-json\/wp\/v2\/categories?post=153081"},{"taxonomy":"post_tag","embeddable":true,"href":"https:\/\/www.europesays.com\/fr\/wp-json\/wp\/v2\/tags?post=153081"}],"curies":[{"name":"wp","href":"https:\/\/api.w.org\/{rel}","templated":true}]}}