{"id":153085,"date":"2025-06-05T04:34:11","date_gmt":"2025-06-05T04:34:11","guid":{"rendered":"https:\/\/www.europesays.com\/fr\/153085\/"},"modified":"2025-06-05T04:34:11","modified_gmt":"2025-06-05T04:34:11","slug":"chutes-de-grele-orages-forts-intenses-precipitations-cinq-departements-places-en-vigilance-orange-on-fait-le-point-dans-le-var-et-les-alpes-maritimes","status":"publish","type":"post","link":"https:\/\/www.europesays.com\/fr\/153085\/","title":{"rendered":"\u00ab\u00a0Chutes de gr\u00eale\u00a0\u00bb, \u00ab\u00a0orages forts\u00a0\u00bb, \u00ab\u00a0intenses pr\u00e9cipitations\u00a0\u00bb: cinq d\u00e9partements plac\u00e9s en vigilance orange, on fait le point dans le Var et les Alpes-Maritimes"},"content":{"rendered":"<p>Cinq d\u00e9partements du centre-est de la France vont passer en<strong> vigilance orange<\/strong> pour risque d&rsquo;orages ce mardi 3 juin 2025 \u00e0 partir de 14h.<\/p>\n<p>Des \u00ab\u00a0orages forts\u00a0\u00bb sont pr\u00e9vus dans l&rsquo;apr\u00e8s-midi et en soir\u00e9e dans les d\u00e9partements de la <strong>Sa\u00f4ne-et-Loire<\/strong>, du <strong>Jura<\/strong>, de la <strong>Loire<\/strong>, du <strong>Rh\u00f4ne<\/strong> et de l&rsquo;<strong>Ain<\/strong>, pr\u00e9cise M\u00e9t\u00e9o-France dans son bulletin publi\u00e9 \u00e0 6h.<\/p>\n<p>\u00ab\u00a0Ils pourront s&rsquo;accompagner de chutes de gr\u00eale, de rafales de vent de 80 \u00e0 100km\/h, d&rsquo;intenses pr\u00e9cipitations de l&rsquo;ordre de 20 \u00e0 40mm en une \u00e0 trois heures et d&rsquo;un <strong>foudroiement important<\/strong>.\u00a0\u00bb<\/p>\n<p>M\u00e9t\u00e9o-France indique qu&rsquo;une accalmie est \u00ab\u00a0attendue en milieu de nuit\u00a0\u00bb et a pr\u00e9vu de lever sa vigilance vers 23h.<\/p>\n<p>Si le sud-ouest de l&rsquo;Hexagone n&rsquo;est pour le moment pas concern\u00e9, des <a href=\"https:\/\/www.nicematin.com\/climat\/jusqu-a-187-jours-de-chaleur-extreme-la-moitie-de-l-humanite-a-subi-un-mois-supplementaire-de-canicule-a-cause-du-rechauffement-988052\" target=\"_blank\" rel=\"noopener nofollow\">orages sont attendus dans la soir\u00e9e<\/a> avec des \u00ab\u00a0pluies tr\u00e8s abondantes\u00a0\u00bb qui pourraient \u00ab\u00a0justifier un passage en vigilance orange de certains d\u00e9partements d&rsquo;Occitanie notamment\u00a0\u00bb.<\/p>\n<p><strong>Les orages arrivent mercredi dans le sud-est de la France<\/strong><\/p>\n<p>Cet \u00e9pisode arrivera ce mercredi dans le sud-est de la France, o\u00f9 les \u00e9claircies dominent ce mardi.\u00a0<\/p>\n<p>Des<strong> orages de gr\u00eale<\/strong> sont attendus toute la journ\u00e9e sur la quasi totalit\u00e9 des Alpes-Maritimes, \u00e0 l&rsquo;exception de la bande littorale o\u00f9 les averses seront plus l\u00e9g\u00e8res.\u00a0<\/p>\n<p>Dans le Var, les orages et la gr\u00eale seront localis\u00e9s dans le nord-est, entre Trigance, Seillans et Draguignan, tandis que la<strong> pluie sera plus calme<\/strong> ailleurs dans le d\u00e9partement.\u00a0<\/p>\n<p>Le soleil, parfois voil\u00e9, reviendra le lendemain.\u00a0<\/p>\n","protected":false},"excerpt":{"rendered":"Cinq d\u00e9partements du centre-est de la France vont passer en vigilance orange pour risque d&rsquo;orages ce mardi 3&hellip;\n","protected":false},"author":2,"featured_media":153086,"comment_status":"","ping_status":"","sticky":false,"template":"","format":"standard","meta":{"footnotes":""},"categories":[2819],"tags":[1111,11,1777,674,1011,27,2487,12,2401,882,25],"class_list":{"0":"post-153085","1":"post","2":"type-post","3":"status-publish","4":"format-standard","5":"has-post-thumbnail","7":"category-nice","8":"tag-actu","9":"tag-actualites","10":"tag-eu","11":"tag-europe","12":"tag-fr","13":"tag-france","14":"tag-meteo","15":"tag-news","16":"tag-nice","17":"tag-provence-alpes-cote-dazur","18":"tag-republique-francaise"},"share_on_mastodon":{"url":"https:\/\/pubeurope.com\/@fr\/114628897303046848","error":""},"_links":{"self":[{"href":"https:\/\/www.europesays.com\/fr\/wp-json\/wp\/v2\/posts\/153085","targetHints":{"allow":["GET"]}}],"collection":[{"href":"https:\/\/www.europesays.com\/fr\/wp-json\/wp\/v2\/posts"}],"about":[{"href":"https:\/\/www.europesays.com\/fr\/wp-json\/wp\/v2\/types\/post"}],"author":[{"embeddable":true,"href":"https:\/\/www.europesays.com\/fr\/wp-json\/wp\/v2\/users\/2"}],"replies":[{"embeddable":true,"href":"https:\/\/www.europesays.com\/fr\/wp-json\/wp\/v2\/comments?post=153085"}],"version-history":[{"count":0,"href":"https:\/\/www.europesays.com\/fr\/wp-json\/wp\/v2\/posts\/153085\/revisions"}],"wp:featuredmedia":[{"embeddable":true,"href":"https:\/\/www.europesays.com\/fr\/wp-json\/wp\/v2\/media\/153086"}],"wp:attachment":[{"href":"https:\/\/www.europesays.com\/fr\/wp-json\/wp\/v2\/media?parent=153085"}],"wp:term":[{"taxonomy":"category","embeddable":true,"href":"https:\/\/www.europesays.com\/fr\/wp-json\/wp\/v2\/categories?post=153085"},{"taxonomy":"post_tag","embeddable":true,"href":"https:\/\/www.europesays.com\/fr\/wp-json\/wp\/v2\/tags?post=153085"}],"curies":[{"name":"wp","href":"https:\/\/api.w.org\/{rel}","templated":true}]}}