{"id":153095,"date":"2025-06-05T04:40:20","date_gmt":"2025-06-05T04:40:20","guid":{"rendered":"https:\/\/www.europesays.com\/fr\/153095\/"},"modified":"2025-06-05T04:40:20","modified_gmt":"2025-06-05T04:40:20","slug":"un-nouveau-campus-pour-toulouse-a-la-rentree-prochaine-haute-garonne-toulouse","status":"publish","type":"post","link":"https:\/\/www.europesays.com\/fr\/153095\/","title":{"rendered":"Un nouveau campus pour Toulouse \u00e0 la rentr\u00e9e prochaine\u00a0! &#8211; Haute Garonne &#8211; Toulouse"},"content":{"rendered":"<p><strong>OMNES Education arrive \u00e0 Toulouse avec un campus m\u00ealant commerce, ing\u00e9nierie et communication. Objectif : former des \u00e9tudiants en IA et RSE, un plus pour leurs futurs emplois.<\/strong><\/p>\n<p>Le groupe OMNES Education, d\u00e9j\u00e0 15 \u00e9coles et plus de 40 000 \u00e9tudiants en France, s\u2019implante \u00e0 Toulouse avec un nouveau campus dans le quartier de Jolimont. Les travaux, dont la livraison est pr\u00e9vue pour juillet 2025, porteront sur une surface importante de 4 000 m\u00b2.<\/p>\n<p>Trois \u00e9coles y seront r\u00e9unies, allant du post-bac \u00e0 bac+5 : INSEEC (\u00e9cole de commerce), ECE (grande \u00e9cole d\u2019ing\u00e9nierie num\u00e9rique) et Sup de Pub (\u00e9cole sp\u00e9cialis\u00e9e en communication). Le site vise \u00e0 accueillir 1 000 \u00e9tudiants d\u00e8s la rentr\u00e9e prochaine et 2 000 d\u2019ici fin 2027. Pour r\u00e9pondre aux transformations du monde du travail, OMNES Education d\u00e9ploie une p\u00e9dagogie bien pens\u00e9e autour de quatre piliers : l\u2019international, la pluridisciplinarit\u00e9, la personnalisation des parcours et le d\u00e9veloppement de comp\u00e9tences en RSE et intelligence artificielle (IA). D\u00e8s la rentr\u00e9e 2025, tous les \u00e9tudiants du nouveau campus toulousain seront form\u00e9s aux usages professionnels de l\u2019IA et \u00e0 la ma\u00eetrise d\u2019outils li\u00e9s \u00e0 la data. \u00ab Nous pla\u00e7ons l\u2019intelligence artificielle et la RSE au c\u0153ur de la formation, en tant qu\u2019atouts cl\u00e9s de l\u2019employabilit\u00e9 des \u00e9tudiants \u00bb, souligne Jos\u00e9 Milano, pr\u00e9sident ex\u00e9cutif du groupe.<\/p>\n<p class=\"signature\" itemscope=\"\" itemprop=\"Author\" itemtype=\"http:\/\/schema.org\/Person\">\n                LD31\n            <\/p>\n","protected":false},"excerpt":{"rendered":"OMNES Education arrive \u00e0 Toulouse avec un campus m\u00ealant commerce, ing\u00e9nierie et communication. Objectif : former des \u00e9tudiants&hellip;\n","protected":false},"author":2,"featured_media":23669,"comment_status":"","ping_status":"","sticky":false,"template":"","format":"standard","meta":{"footnotes":""},"categories":[2816],"tags":[1111,11,1777,674,1011,27,23720,12,2680,25,2312],"class_list":{"0":"post-153095","1":"post","2":"type-post","3":"status-publish","4":"format-standard","5":"has-post-thumbnail","7":"category-toulouse","8":"tag-actu","9":"tag-actualites","10":"tag-eu","11":"tag-europe","12":"tag-fr","13":"tag-france","14":"tag-internet-seulement","15":"tag-news","16":"tag-occitanie","17":"tag-republique-francaise","18":"tag-toulouse"},"share_on_mastodon":{"url":"https:\/\/pubeurope.com\/@fr\/114628920830979113","error":""},"_links":{"self":[{"href":"https:\/\/www.europesays.com\/fr\/wp-json\/wp\/v2\/posts\/153095","targetHints":{"allow":["GET"]}}],"collection":[{"href":"https:\/\/www.europesays.com\/fr\/wp-json\/wp\/v2\/posts"}],"about":[{"href":"https:\/\/www.europesays.com\/fr\/wp-json\/wp\/v2\/types\/post"}],"author":[{"embeddable":true,"href":"https:\/\/www.europesays.com\/fr\/wp-json\/wp\/v2\/users\/2"}],"replies":[{"embeddable":true,"href":"https:\/\/www.europesays.com\/fr\/wp-json\/wp\/v2\/comments?post=153095"}],"version-history":[{"count":0,"href":"https:\/\/www.europesays.com\/fr\/wp-json\/wp\/v2\/posts\/153095\/revisions"}],"wp:featuredmedia":[{"embeddable":true,"href":"https:\/\/www.europesays.com\/fr\/wp-json\/wp\/v2\/media\/23669"}],"wp:attachment":[{"href":"https:\/\/www.europesays.com\/fr\/wp-json\/wp\/v2\/media?parent=153095"}],"wp:term":[{"taxonomy":"category","embeddable":true,"href":"https:\/\/www.europesays.com\/fr\/wp-json\/wp\/v2\/categories?post=153095"},{"taxonomy":"post_tag","embeddable":true,"href":"https:\/\/www.europesays.com\/fr\/wp-json\/wp\/v2\/tags?post=153095"}],"curies":[{"name":"wp","href":"https:\/\/api.w.org\/{rel}","templated":true}]}}