{"id":153101,"date":"2025-06-05T04:44:09","date_gmt":"2025-06-05T04:44:09","guid":{"rendered":"https:\/\/www.europesays.com\/fr\/153101\/"},"modified":"2025-06-05T04:44:09","modified_gmt":"2025-06-05T04:44:09","slug":"les-ecolos-marseillais-accusent-benoit-payan-de-vouloir-mettre-la-main-sur-leur-parti","status":"publish","type":"post","link":"https:\/\/www.europesays.com\/fr\/153101\/","title":{"rendered":"Les \u00e9colos marseillais accusent Beno\u00eet Payan de vouloir mettre la main sur leur parti"},"content":{"rendered":"<p>Nouvelle pouss\u00e9e de fi\u00e8vre chez les Verts : dans un courrier adress\u00e9 aux instances nationales, des \u00e9lus et militants \u00e9cologistes d\u00e9noncent de nombreuses \u00ab\u00a0adh\u00e9sions de complaisance\u00a0\u00bb au niveau local. Ils y voient le fait du maire de Marseille qui, \u00e9crivent-ils, leur a \u00ab\u00a0vol\u00e9 la victoire\u00a0\u00bb aux municipales de 2020.<\/p>\n<p>    \u201cLors d\u2019une r\u00e9cente r\u00e9union du Groupe Local Marseille Centre (1\/7 et 2\/3), pr\u00e8s de la moiti\u00e9 des votant\u00b7es \u00e9taient des inconnus complets pour les militant\u00b7es historiques. Jamais vus en r\u00e9union, jamais int\u00e9gr\u00e9s au collectif. Pourtant tous porteurs de procurations.\u201d Un courrier transmis vendredi 30 mai \u00e0 la tutelle qui administre actuellement la f\u00e9d\u00e9ration r\u00e9gionale des \u00c9cologistes en Provence-Alpes-C\u00f4te d\u2019Azur, pour cause de guerres intestines, s\u2019alarme d\u2019une forme d\u2019entrisme au sein du parti \u00e9cologiste. \u201cCette op\u00e9ration rel\u00e8ve d\u2019une entreprise m\u00e9thodique de captation de notre outil politique. Elle ne vise ni l\u2019\u00e9cologie, ni le collectif : elle sert des int\u00e9r\u00eats individuels et d\u2019appareils externes\u201d,\u00a0s\u2019\u00e9meut encore le &#8230; <\/p>\n<p>Vous voulez lire<br \/>\n\t\t\t                la suite\u00a0?\n\t\t\t            <\/p>\n<p>\n\t\t\t                Abonnez-vous \u00e0 Marsactu\n\t\t\t            <\/p>\n","protected":false},"excerpt":{"rendered":"Nouvelle pouss\u00e9e de fi\u00e8vre chez les Verts : dans un courrier adress\u00e9 aux instances nationales, des \u00e9lus et&hellip;\n","protected":false},"author":2,"featured_media":153102,"comment_status":"","ping_status":"","sticky":false,"template":"","format":"standard","meta":{"footnotes":""},"categories":[2814],"tags":[1111,11,16094,2339,1777,674,1011,27,884,10337,12,882,25,28271,4772],"class_list":{"0":"post-153101","1":"post","2":"type-post","3":"status-publish","4":"format-standard","5":"has-post-thumbnail","7":"category-marseille","8":"tag-actu","9":"tag-actualites","10":"tag-benoitpayan","11":"tag-ecologistes","12":"tag-eu","13":"tag-europe","14":"tag-fr","15":"tag-france","16":"tag-marseille","17":"tag-michele-rubirola","18":"tag-news","19":"tag-provence-alpes-cote-dazur","20":"tag-republique-francaise","21":"tag-sebastien-barles","22":"tag-zalu"},"share_on_mastodon":{"url":"https:\/\/pubeurope.com\/@fr\/114628936597334574","error":""},"_links":{"self":[{"href":"https:\/\/www.europesays.com\/fr\/wp-json\/wp\/v2\/posts\/153101","targetHints":{"allow":["GET"]}}],"collection":[{"href":"https:\/\/www.europesays.com\/fr\/wp-json\/wp\/v2\/posts"}],"about":[{"href":"https:\/\/www.europesays.com\/fr\/wp-json\/wp\/v2\/types\/post"}],"author":[{"embeddable":true,"href":"https:\/\/www.europesays.com\/fr\/wp-json\/wp\/v2\/users\/2"}],"replies":[{"embeddable":true,"href":"https:\/\/www.europesays.com\/fr\/wp-json\/wp\/v2\/comments?post=153101"}],"version-history":[{"count":0,"href":"https:\/\/www.europesays.com\/fr\/wp-json\/wp\/v2\/posts\/153101\/revisions"}],"wp:featuredmedia":[{"embeddable":true,"href":"https:\/\/www.europesays.com\/fr\/wp-json\/wp\/v2\/media\/153102"}],"wp:attachment":[{"href":"https:\/\/www.europesays.com\/fr\/wp-json\/wp\/v2\/media?parent=153101"}],"wp:term":[{"taxonomy":"category","embeddable":true,"href":"https:\/\/www.europesays.com\/fr\/wp-json\/wp\/v2\/categories?post=153101"},{"taxonomy":"post_tag","embeddable":true,"href":"https:\/\/www.europesays.com\/fr\/wp-json\/wp\/v2\/tags?post=153101"}],"curies":[{"name":"wp","href":"https:\/\/api.w.org\/{rel}","templated":true}]}}