{"id":153107,"date":"2025-06-05T04:47:25","date_gmt":"2025-06-05T04:47:25","guid":{"rendered":"https:\/\/www.europesays.com\/fr\/153107\/"},"modified":"2025-06-05T04:47:25","modified_gmt":"2025-06-05T04:47:25","slug":"pres-de-lyon-bagane-reinvente-les-accessoires-pour-animaux","status":"publish","type":"post","link":"https:\/\/www.europesays.com\/fr\/153107\/","title":{"rendered":"Pr\u00e8s de Lyon, Bagane r\u00e9invente les accessoires pour animaux"},"content":{"rendered":"<p><img loading=\"lazy\" decoding=\"async\" alt=\"\u00a9 Photo fournie par Bagane - Avec Bagane, Julien Evrard veut proposer des produits beaux, durables et adapt\u00e9s au bien-\u00eatre animal.\" data-zoom-src=\"https:\/\/www.europesays.com\/fr\/wp-content\/uploads\/2025\/06\/initial-julien-evrard-bagane.jpg\" data-zoomable=\"\" height=\"702\" src=\"https:\/\/www.europesays.com\/fr\/wp-content\/uploads\/2025\/06\/initial-julien-evrard-bagane.jpg\" width=\"1248\"\/>  <\/p>\n<p class=\"article-desc\">\u00a9 Photo fournie par Bagane &#8211; Avec Bagane, Julien Evrard veut proposer des produits beaux, durables et adapt\u00e9s au bien-\u00eatre animal. <\/p>\n<p>Les <strong>animaux de compagnie <\/strong>sont devenus des membres \u00e0 part enti\u00e8re de la famille. Pour le bien-\u00eatre de leurs chats et chiens, les propri\u00e9taires veulent les meilleurs produits, mais aussi des produits beaux et <strong>\u00e9co-responsables.<\/strong> <\/p>\n<p>Les m\u00e9nages qui pr\u00eatent grand soin \u00e0 leur int\u00e9rieur n&rsquo;ont gu\u00e8re envie de voir un affreux arbre \u00e0 chat ou un panier d\u00e9fra\u00eechi tr\u00f4ner au milieu du salon. <\/p>\n<p>Bagane parie sur des accessoires pour animaux plus durables <\/p>\n<p>Constatant le peu d&rsquo;offres disponibles sur le march\u00e9 fran\u00e7ais, <strong>Julien Evrard <\/strong>a eu l&rsquo;id\u00e9e de cr\u00e9er<strong> Bagane <\/strong>pour vendre en ligne des<strong> accessoires plus design et durables<\/strong>. <\/p>\n<p>\u00ab\u00a0La commercialisation a d\u00e9marr\u00e9 en septembre 2022. Pour tester le concept, j&rsquo;ai d\u00e9but\u00e9 par de l&rsquo;achat-revente en sour\u00e7ant des produits fabriqu\u00e9s en Europe aupr\u00e8s de petits fournisseurs r\u00e9pondant \u00e0 mon cahier des charges\u00a0\u00bb, explique ce Lillois d&rsquo;origine install\u00e9 \u00e0 Chaponost. <\/p>\n<p>L&rsquo;entreprise, qui compte <strong>300 r\u00e9f\u00e9rences<\/strong>, enregistre <strong>un millier de commandes par an<\/strong> pour un chiffre d&rsquo;affaires de l&rsquo;ordre de 150 000 euros. <\/p>\n<p>Pour proposer des produits plus singuliers et plus d\u00e9co, mais aussi am\u00e9liorer sa marge, le cr\u00e9ateur d\u00e9veloppe sa propre marque depuis janvier dernier.<\/p>\n<p> Une offre de biscuits pour l&rsquo;h\u00f4tellerie de luxe en pr\u00e9paration avec Krum <\/p>\n<p>Des <strong>couchages, couvertures, griffoirs et gamelles<\/strong> sont d\u00e9sormais estampill\u00e9s Bagane. Et d&rsquo;autres <strong>nouveaut\u00e9s<\/strong> sont en pr\u00e9paration. <\/p>\n<p>\u00ab\u00a0Je suis en discussion avec la biscuiterie Krum, bas\u00e9e \u00e0 Tassin-la-Demi-Lune, afin de commercialiser des biscuits pour r\u00e9pondre aux besoins de l&rsquo;h\u00f4tellerie de luxe. Je travaille d\u00e9j\u00e0 avec une vingtaine d&rsquo;\u00e9tablissements 4 et 5 \u00e9toiles\u00a0\u00bb, fait savoir Julien Evrard dont l&rsquo;offre est \u00e9galement pr\u00e9sent\u00e9e au <strong>Printemps Haussmann<\/strong> et peut-\u00eatre bient\u00f4t dans des magasins <strong>Nature &amp; D\u00e9couvertes<\/strong>. <\/p>\n<p>Pour ne pas se faire doubler sur un march\u00e9 en pleine expansion, le dirigeant veut rapidement d\u00e9velopper sa gamme et ses circuits de distribution. <\/p>\n<p>\u00ab\u00a0Pour acc\u00e9l\u00e9rer la croissance, j&rsquo;ai besoin d&rsquo;un financement d&rsquo;environ 150 000 euros\u00a0\u00bb, partage le fondateur qui vise<strong> deux millions d&rsquo;euros de chiffre d&rsquo;affaires<\/strong> et cinq \u00e0 six salari\u00e9s d&rsquo;ici quatre ans.<\/p>\n","protected":false},"excerpt":{"rendered":"\u00a9 Photo fournie par Bagane &#8211; Avec Bagane, Julien Evrard veut proposer des produits beaux, durables et adapt\u00e9s&hellip;\n","protected":false},"author":2,"featured_media":153108,"comment_status":"","ping_status":"","sticky":false,"template":"","format":"standard","meta":{"footnotes":""},"categories":[1889],"tags":[1111,11,1867,2430,7027,1777,674,1011,27,5701,2425,2428,12,25],"class_list":{"0":"post-153107","1":"post","2":"type-post","3":"status-publish","4":"format-standard","5":"has-post-thumbnail","7":"category-lyon","8":"tag-actu","9":"tag-actualites","10":"tag-animaux","11":"tag-auvergne-rhone-alpes","12":"tag-e-commerce","13":"tag-eu","14":"tag-europe","15":"tag-fr","16":"tag-france","17":"tag-innovation","18":"tag-luxe","19":"tag-lyon","20":"tag-news","21":"tag-republique-francaise"},"share_on_mastodon":{"url":"https:\/\/pubeurope.com\/@fr\/114628948338974121","error":""},"_links":{"self":[{"href":"https:\/\/www.europesays.com\/fr\/wp-json\/wp\/v2\/posts\/153107","targetHints":{"allow":["GET"]}}],"collection":[{"href":"https:\/\/www.europesays.com\/fr\/wp-json\/wp\/v2\/posts"}],"about":[{"href":"https:\/\/www.europesays.com\/fr\/wp-json\/wp\/v2\/types\/post"}],"author":[{"embeddable":true,"href":"https:\/\/www.europesays.com\/fr\/wp-json\/wp\/v2\/users\/2"}],"replies":[{"embeddable":true,"href":"https:\/\/www.europesays.com\/fr\/wp-json\/wp\/v2\/comments?post=153107"}],"version-history":[{"count":0,"href":"https:\/\/www.europesays.com\/fr\/wp-json\/wp\/v2\/posts\/153107\/revisions"}],"wp:featuredmedia":[{"embeddable":true,"href":"https:\/\/www.europesays.com\/fr\/wp-json\/wp\/v2\/media\/153108"}],"wp:attachment":[{"href":"https:\/\/www.europesays.com\/fr\/wp-json\/wp\/v2\/media?parent=153107"}],"wp:term":[{"taxonomy":"category","embeddable":true,"href":"https:\/\/www.europesays.com\/fr\/wp-json\/wp\/v2\/categories?post=153107"},{"taxonomy":"post_tag","embeddable":true,"href":"https:\/\/www.europesays.com\/fr\/wp-json\/wp\/v2\/tags?post=153107"}],"curies":[{"name":"wp","href":"https:\/\/api.w.org\/{rel}","templated":true}]}}