{"id":153109,"date":"2025-06-05T04:49:08","date_gmt":"2025-06-05T04:49:08","guid":{"rendered":"https:\/\/www.europesays.com\/fr\/153109\/"},"modified":"2025-06-05T04:49:08","modified_gmt":"2025-06-05T04:49:08","slug":"baisse-des-constructions-hausse-des-demandes-pour-obtenir-un-logement-social-fuyez-lile-de-france","status":"publish","type":"post","link":"https:\/\/www.europesays.com\/fr\/153109\/","title":{"rendered":"Baisse des constructions, hausse des demandes\u2026 Pour obtenir un logement social, fuyez l\u2019\u00cele-de-France"},"content":{"rendered":"<p class=\"paragraph text_align_left\">Apr\u00e8s seulement quelques secondes \u00e0 \u00e9voquer sa situation, Nadia (le pr\u00e9nom a \u00e9t\u00e9 chang\u00e9) a les larmes qui montent. Depuis 2019 et la s\u00e9paration d\u2019avec son conjoint \u00e0 la suite de <a href=\"https:\/\/www.leparisien.fr\/societe\/violences-conjugales-dans-votre-immeuble-si-vous-entendez-une-femme-hurler-au-moindre-doute-appelez-la-police-22-01-2025-JRRHV2BXMZENFDM3GO6QMJYOJY.php\" target=\"_blank\" rel=\"noreferrer nofollow noopener\">violences conjugales<\/a>, elle a fait une demande de nouveau logement social.<\/p>\n<p class=\"paragraph text_align_left\">\u00ab Je paye 1 100 euros de loyer pour un F4 en HLM \u00e0 la Goutte-d\u2019Or (dans le <a href=\"https:\/\/www.leparisien.fr\/paris-75\/paris-75018\/\" target=\"_blank\" rel=\"noreferrer nofollow noopener\">XVIIIe arrondissement<\/a> de Paris), seule avec mon fils. Presque 70 % de mon salaire d\u2019\u00e9boueur de la Ville, de 1 800 euros, y passe. On ramasse des d\u00e9chets toute la journ\u00e9e et on n\u2019est pas prioris\u00e9s. Je fais des heures suppl\u00e9mentaires et ne peux m\u00eame pas acheter de v\u00eatements \u00e0 mon ado \u00bb, se d\u00e9sole la m\u00e8re de famille. Elle est d\u00e9sesp\u00e9r\u00e9e d\u2019attendre, \u00ab d\u2019autant plus que d\u2019autres familles auraient besoin de mon appartement \u00bb.<\/p>\n","protected":false},"excerpt":{"rendered":"Apr\u00e8s seulement quelques secondes \u00e0 \u00e9voquer sa situation, Nadia (le pr\u00e9nom a \u00e9t\u00e9 chang\u00e9) a les larmes qui&hellip;\n","protected":false},"author":2,"featured_media":153110,"comment_status":"","ping_status":"","sticky":false,"template":"","format":"standard","meta":{"footnotes":""},"categories":[1592],"tags":[1111,11,1777,674,1011,27,662,1116,12,626,25],"class_list":{"0":"post-153109","1":"post","2":"type-post","3":"status-publish","4":"format-standard","5":"has-post-thumbnail","7":"category-ile-de-france","8":"tag-actu","9":"tag-actualites","10":"tag-eu","11":"tag-europe","12":"tag-fr","13":"tag-france","14":"tag-ile-de-france","15":"tag-immobilier","16":"tag-news","17":"tag-paris","18":"tag-republique-francaise"},"share_on_mastodon":{"url":"https:\/\/pubeurope.com\/@fr\/114628956303742575","error":""},"_links":{"self":[{"href":"https:\/\/www.europesays.com\/fr\/wp-json\/wp\/v2\/posts\/153109","targetHints":{"allow":["GET"]}}],"collection":[{"href":"https:\/\/www.europesays.com\/fr\/wp-json\/wp\/v2\/posts"}],"about":[{"href":"https:\/\/www.europesays.com\/fr\/wp-json\/wp\/v2\/types\/post"}],"author":[{"embeddable":true,"href":"https:\/\/www.europesays.com\/fr\/wp-json\/wp\/v2\/users\/2"}],"replies":[{"embeddable":true,"href":"https:\/\/www.europesays.com\/fr\/wp-json\/wp\/v2\/comments?post=153109"}],"version-history":[{"count":0,"href":"https:\/\/www.europesays.com\/fr\/wp-json\/wp\/v2\/posts\/153109\/revisions"}],"wp:featuredmedia":[{"embeddable":true,"href":"https:\/\/www.europesays.com\/fr\/wp-json\/wp\/v2\/media\/153110"}],"wp:attachment":[{"href":"https:\/\/www.europesays.com\/fr\/wp-json\/wp\/v2\/media?parent=153109"}],"wp:term":[{"taxonomy":"category","embeddable":true,"href":"https:\/\/www.europesays.com\/fr\/wp-json\/wp\/v2\/categories?post=153109"},{"taxonomy":"post_tag","embeddable":true,"href":"https:\/\/www.europesays.com\/fr\/wp-json\/wp\/v2\/tags?post=153109"}],"curies":[{"name":"wp","href":"https:\/\/api.w.org\/{rel}","templated":true}]}}