{"id":153112,"date":"2025-06-05T04:51:14","date_gmt":"2025-06-05T04:51:14","guid":{"rendered":"https:\/\/www.europesays.com\/fr\/153112\/"},"modified":"2025-06-05T04:51:14","modified_gmt":"2025-06-05T04:51:14","slug":"vente-du-parc-des-princes-anne-hidalgo-rappelle-son-attachement-au-psg-mais-denonce-une-tentative-de-spoliation","status":"publish","type":"post","link":"https:\/\/www.europesays.com\/fr\/153112\/","title":{"rendered":"Vente du Parc des Princes\u00a0: Anne Hidalgo rappelle son attachement au PSG mais d\u00e9nonce une tentative de \u00ab\u00a0spoliation\u00a0\u00bb"},"content":{"rendered":"<p class=\"paragraph text_align_left\">Quand une victoire en Ligue des champions fait ressortir un serpent de mer\u2026 Depuis plusieurs jours, <a href=\"https:\/\/www.leparisien.fr\/paris-75\/psg-inter-milan-labsence-danne-hidalgo-a-munich-epilogue-dun-long-desamour-avec-le-club-de-la-capitale-30-05-2025-Z6LX3JKQNVEIDIYAHQZW4724RE.php\" target=\"_self\" rel=\"nofollow noopener\">l\u2019absence d\u2019Anne Hidalgo \u00e0 Munich<\/a> pour la finale de la Ligue des champions, qui a vu <a href=\"https:\/\/www.leparisien.fr\/sports\/football\/psg\/\" target=\"_self\" rel=\"nofollow noopener\">le Paris Saint-Germain<\/a> l\u2019emporter avec la mani\u00e8re contre l\u2019Inter Milan, les relations entre le club et sa municipalit\u00e9 font \u00e0 nouveau parler.<\/p>\n<p class=\"paragraph text_align_left\">Ainsi, <a href=\"https:\/\/www.leparisien.fr\/paris-75\/vendre-non-agrandir-oui-a-paris-anne-hidalgo-reste-inflexible-sur-la-vente-du-parc-des-princes-02-06-2025-XEAE7RCT45GGJLDJ6NB3ZXMAXI.php\" target=\"_self\" rel=\"nofollow noopener\">le sujet \u00e9tait in\u00e9vitable lors du Conseil de Paris<\/a>, encore plus pendant les questions d\u2019actualit\u00e9 de ce mercredi. Au micro, le conseiller (MoDem) Pierre Casanova a pris la parole pour interroger <a href=\"https:\/\/www.leparisien.fr\/politique\/anne-hidalgo\/\" target=\"_self\" rel=\"nofollow noopener\">Anne Hidalgo<\/a> sur les rapports qu\u2019entretient la Ville avec le club. Des rapports \u00ab avec un exc\u00e8s d\u2019indignit\u00e9 \u00bb qu\u2019il compare \u00e0 \u00ab l\u2019exc\u00e8s d\u2019honneur \u00bb qu\u2019aurait la Ville avec le <a href=\"https:\/\/www.leparisien.fr\/sports\/football\/paris-fc\/\" target=\"_self\" rel=\"nofollow noopener\">Paris Football Club<\/a>, de retour en Ligue 1 la saison prochaine. \u00ab Quand je lis que PSG s\u2019appr\u00eaterait \u00e0 quitter Paris, je le mets en miroir avec le projet de subvention de 500 000 euros qui serait vers\u00e9e au Paris FC \u00bb, s\u2019interroge le conseiller de Paris.<\/p>\n<p>La victoire en LDC propice au dialogue ?<\/p>\n<p class=\"paragraph text_align_left\">Apr\u00e8s une courte prise de parole de la maire socialiste, son adjoint aux sports <a href=\"https:\/\/www.leparisien.fr\/paris-75\/nous-voulons-faire-perdurer-lesprit-des-jo-la-ville-mise-sur-paris-plages-pour-relancer-la-fete-26-05-2025-LMEJBNTV6FCULDQQQ7B5E3A7GQ.php\" target=\"_self\" rel=\"nofollow noopener\">Pierre Rabadan<\/a> a reconnu que les discussions, auparavant \u00ab excellentes \u00bb avec le PSG, \u00ab n\u2019existent plus \u00bb depuis 2022. \u00ab J\u2019esp\u00e8re que la conqu\u00eate de la LDC permettra, dans l\u2019euphorie de la victoire, la reprise des discussions qu\u2019on appelle de nos v\u0153ux depuis deux ans \u00bb, a poursuivi l\u2019adjoint.<\/p>\n<p class=\"paragraph text_align_left\">\u00ab Notre position a toujours \u00e9t\u00e9 la m\u00eame sur le football comme sur les autres sports : nous sommes des partenaires, nous accompagnons les clubs. Nous mettons tout ce qui est en notre capacit\u00e9 pour aider le d\u00e9veloppement des clubs, notamment lorsque leur politique est tourn\u00e9e vers un ancrage territorial fort et sur une formation majeure. C\u2019est un peu moins le cas avec le PSG depuis peu et c\u2019est le cas avec le Paris Football Club \u00bb, a-t-il poursuivi, expliquant que \u00ab la subvention accompagne le d\u00e9ficit de l\u2019association qui encadre ces \u00e9quipes de jeunes \u00bb.<\/p>\n<p class=\"paragraph text_align_left\">De son c\u00f4t\u00e9, Anne Hidalgo a tenu \u00e0 rappeler \u00ab sa boussole \u00bb : l\u2019int\u00e9r\u00eat des Parisiens. Apr\u00e8s avoir mis en avant les actions \u00e9ducatives du PSG, notamment <a href=\"https:\/\/www.leparisien.fr\/paris-75\/paris-75019\/l-ecole-rouge-et-bleu-du-psg-une-ecole-apres-l-ecole-18-02-2016-5558385.php\" target=\"_self\" rel=\"nofollow noopener\">l\u2019\u00e9cole Rouge et Bleue<\/a> ou les moments <a href=\"http:\/\/leparisien.fr\/sports\/football\/psg\/psg-les-joueurs-au-chevet-des-enfants-malades-a-l-hopital-necker-15-03-2017-6763863.php\" target=\"_self\" rel=\"nofollow noopener\">avec des h\u00f4pitaux<\/a>. \u00ab Je me souviens d\u2019images de Zlatan Ibrahimovic avec des enfants malades sur les genoux \u00bb, appuie l\u2019\u00e9dile. Et de rappeler : \u00ab Ce qui nous guide, c\u2019est l\u2019int\u00e9r\u00eat de la Ville. On n\u2019a jamais mis de l\u2019argent dans des grands clubs qui n\u2019ont pas besoin de nous sur des op\u00e9rations qui ne concernaient pas directement les int\u00e9r\u00eats de la Ville. \u00bb<\/p>\n<p>\u00ab 38 millions, \u00e7a s\u2019appelle de la spoliation \u00bb<\/p>\n<p class=\"paragraph text_align_left\">Apr\u00e8s quoi Anne Hidalgo a abord\u00e9 d\u2019elle-m\u00eame le sujet de la vente du Parc des Princes, au c\u0153ur du conflit qui oppose le PSG \u00e0 la Ville. \u00ab Ce stade ne m\u2019appartient pas. Il appartient aux Parisiens et nous avons d\u00e9cid\u00e9 ici qu\u2019il ne serait pas \u00e0 vendre, encore moins quand on nous propose 38 millions. \u00c7a s\u2019appelle de la spoliation et je ne suis pas l\u00e0 pour spolier les Parisiens \u00bb, s\u2019est agac\u00e9e la maire.<\/p>\n<p class=\"paragraph text_align_left\">\u00ab 38 millions, c\u2019\u00e9tait se mettre dans une situation d\u2019infraction \u00e0 la loi si j\u2019avais dit que nous pouvions vendre \u00e0 cette somme-l\u00e0. Je n\u2019en veux \u00e0 personne mais \u00e0 un moment, il faut \u00eatre respectueux des r\u00e8gles de la R\u00e9publique, des lois et de la question des conflits d\u2019int\u00e9r\u00eats \u00bb, a-t-elle conclu, rappelant son choix num\u00e9ro 1, <a href=\"https:\/\/www.leparisien.fr\/sports\/football\/psg\/le-psg-peut-il-rompre-la-convention-qui-le-lie-avec-la-ville-de-paris-et-quitter-le-parc-des-princes-09-02-2024-QPK4B4LU3VBQNPB2KQPWPMTFZA.php\" target=\"_blank\" rel=\"nofollow noopener\">celui du bail emphyt\u00e9otique<\/a>.<\/p>\n","protected":false},"excerpt":{"rendered":"Quand une victoire en Ligue des champions fait ressortir un serpent de mer\u2026 Depuis plusieurs jours, l\u2019absence d\u2019Anne&hellip;\n","protected":false},"author":2,"featured_media":153113,"comment_status":"","ping_status":"","sticky":false,"template":"","format":"standard","meta":{"footnotes":""},"categories":[1888],"tags":[1111,1928,11,1927,1777,674,1011,27,1944,12,1926,626,1925,25,60],"class_list":{"0":"post-153112","1":"post","2":"type-post","3":"status-publish","4":"format-standard","5":"has-post-thumbnail","7":"category-paris","8":"tag-actu","9":"tag-actu-paris","10":"tag-actualites","11":"tag-actualites-paris","12":"tag-eu","13":"tag-europe","14":"tag-fr","15":"tag-france","16":"tag-ma-ville","17":"tag-news","18":"tag-news-paris","19":"tag-paris","20":"tag-paris-news","21":"tag-republique-francaise","22":"tag-sports"},"share_on_mastodon":{"url":"https:\/\/pubeurope.com\/@fr\/114628964095431727","error":""},"_links":{"self":[{"href":"https:\/\/www.europesays.com\/fr\/wp-json\/wp\/v2\/posts\/153112","targetHints":{"allow":["GET"]}}],"collection":[{"href":"https:\/\/www.europesays.com\/fr\/wp-json\/wp\/v2\/posts"}],"about":[{"href":"https:\/\/www.europesays.com\/fr\/wp-json\/wp\/v2\/types\/post"}],"author":[{"embeddable":true,"href":"https:\/\/www.europesays.com\/fr\/wp-json\/wp\/v2\/users\/2"}],"replies":[{"embeddable":true,"href":"https:\/\/www.europesays.com\/fr\/wp-json\/wp\/v2\/comments?post=153112"}],"version-history":[{"count":0,"href":"https:\/\/www.europesays.com\/fr\/wp-json\/wp\/v2\/posts\/153112\/revisions"}],"wp:featuredmedia":[{"embeddable":true,"href":"https:\/\/www.europesays.com\/fr\/wp-json\/wp\/v2\/media\/153113"}],"wp:attachment":[{"href":"https:\/\/www.europesays.com\/fr\/wp-json\/wp\/v2\/media?parent=153112"}],"wp:term":[{"taxonomy":"category","embeddable":true,"href":"https:\/\/www.europesays.com\/fr\/wp-json\/wp\/v2\/categories?post=153112"},{"taxonomy":"post_tag","embeddable":true,"href":"https:\/\/www.europesays.com\/fr\/wp-json\/wp\/v2\/tags?post=153112"}],"curies":[{"name":"wp","href":"https:\/\/api.w.org\/{rel}","templated":true}]}}