{"id":153114,"date":"2025-06-05T04:52:19","date_gmt":"2025-06-05T04:52:19","guid":{"rendered":"https:\/\/www.europesays.com\/fr\/153114\/"},"modified":"2025-06-05T04:52:19","modified_gmt":"2025-06-05T04:52:19","slug":"alt-paris-et-lart-de-concevoir-des-bijoux-dexception","status":"publish","type":"post","link":"https:\/\/www.europesays.com\/fr\/153114\/","title":{"rendered":"ALT Paris et l\u2019art de concevoir des bijoux d\u2019exception"},"content":{"rendered":"<p style=\"font-weight: 400\">Des bijoux fins, mixtes, et intemporels : ALT Paris incarne une nouvelle vision du luxe, sobre et personnel. Derri\u00e8re chaque cr\u00e9ation, un bijou \u00e0 s\u2019offrir comme \u00e0 transmettre. Focus sur une marque qui fait rimer \u00e9l\u00e9gance et singularit\u00e9.<\/p>\n<p><strong>Une ode \u00e0 la fabrication fran\u00e7aise<\/strong><\/p>\n<p style=\"font-weight: 400\">Depuis presque trois ans, ALT Paris ne cesse d\u2019\u00e9voluer et de gagner en notori\u00e9t\u00e9. La marque de bijoux intemporels et unisexes propose des cr\u00e9ations \u00e9l\u00e9gantes, d\u00e9licates et d\u2019une qualit\u00e9 irr\u00e9prochable. Chaque bijou se d\u00e9cline en diff\u00e9rentes \u00e9paisseurs et invite chacun \u00e0 composer sa propre combinaison au fil du temps.<\/p>\n<p><img loading=\"lazy\" data-lazyloaded=\"1\" decoding=\"async\" aria-describedby=\"caption-attachment-53068\" class=\"wp-image-53068\" src=\"https:\/\/www.europesays.com\/fr\/wp-content\/uploads\/2025\/06\/IMG_1987-4-200x300.jpg\" alt=\"\" width=\"300\" height=\"450\"  data-\/><\/p>\n<p id=\"caption-attachment-53068\" class=\"wp-caption-text\">Th\u00e9o, fondateur d\u2019ALT Paris<\/p>\n<p style=\"font-weight: 400\">ALT Paris puise son origine dans l\u2019histoire familiale de son cr\u00e9ateur, Th\u00e9o. En revisitant l\u2019usage traditionnel des bijoux, il imagine des pi\u00e8ces aux fonctions d\u00e9tourn\u00e9es. Son premier mod\u00e8le, un collier inspir\u00e9 d\u2019une cha\u00eene de montre \u00e0 gousset, donne naissance en 2022 \u00e0 une collection \u00e0 la fois intemporelle et transg\u00e9n\u00e9rationnelle. La volont\u00e9 de Th\u00e9o est alors de cr\u00e9er des pi\u00e8ces durables, empreintes de l\u2019h\u00e9ritage familial, pens\u00e9es autant pour \u00eatre offertes que pour se les approprier soi-m\u00eame.<\/p>\n<p><img data-lazyloaded=\"1\" loading=\"lazy\" decoding=\"async\" aria-describedby=\"caption-attachment-53073\" class=\"wp-image-53073\" src=\"https:\/\/www.europesays.com\/fr\/wp-content\/uploads\/2025\/06\/Packaging-bagues-Alt-Paris-225x300.jpg\" alt=\"\" width=\"287\" height=\"383\"  data-\/><\/p>\n<p id=\"caption-attachment-53073\" class=\"wp-caption-text\">ALT Paris<\/p>\n<p><strong>Une fabrication artisanale au c\u0153ur de Paris<\/strong><\/p>\n<p style=\"font-weight: 400\">Afin de composer une combinaison de bijoux \u00e0 votre image, les cr\u00e9ations se d\u00e9clinent en trois mati\u00e8res distinctes. ALT Paris a imagin\u00e9 des accessoires r\u00e9alis\u00e9s en argent massif 925 (plein), en vermeil or 18 carats (argent plaqu\u00e9 or 5 microns 18 carats plein), ainsi qu\u2019en or 18 carats (plein). Face au succ\u00e8s du lancement des cr\u00e9ations en or jaune et blanc 18 carats, l\u2019enseigne fran\u00e7aise \u00e9tend sa collection Pr\u00e9cieux \/ fine jewellery \u00e0 l\u2019or rose 18 carats.<\/p>\n<p><img data-lazyloaded=\"1\" loading=\"lazy\" decoding=\"async\" aria-describedby=\"caption-attachment-53071\" class=\"wp-image-53071\" src=\"https:\/\/www.europesays.com\/fr\/wp-content\/uploads\/2025\/06\/Collier-gousset-argent-V3-alt-paris-200x300.jpg\" alt=\"\" width=\"302\" height=\"453\"  data-\/><\/p>\n<p id=\"caption-attachment-53071\" class=\"wp-caption-text\">ALT Paris<\/p>\n<p style=\"font-weight: 400\" data-start=\"567\" data-end=\"1037\">Pens\u00e9e comme une garde-robe joailli\u00e8re \u00e9volutive, chaque pi\u00e8ce s\u2019inscrit dans une esth\u00e9tique minimaliste et contemporaine, con\u00e7ue pour \u00eatre port\u00e9e au quotidien comme lors de moments d\u2019exception. Sur le site internet de la marque, ou bien directement au sein de leur boutique rue de Picardie dans le Marais, retrouvez des bijoux fabriqu\u00e9s \u00e0 la main comme le jonc ouvert, les earcuffs \u00e0 porter seuls ou en accumulation, ainsi que des anneaux d\u00e9clin\u00e9s en plusieurs tailles.<\/p>\n<p><img data-lazyloaded=\"1\" loading=\"lazy\" decoding=\"async\" aria-describedby=\"caption-attachment-53070\" class=\"wp-image-53070\" src=\"https:\/\/www.europesays.com\/fr\/wp-content\/uploads\/2025\/06\/Jonc-spirale-2.0-argent-alt-paris-200x300.jpg\" alt=\"\" width=\"300\" height=\"450\"  data-\/><\/p>\n<p id=\"caption-attachment-53070\" class=\"wp-caption-text\">ALT Paris<\/p>\n<p style=\"font-weight: 400\" data-start=\"1039\" data-end=\"1368\">Chaque cr\u00e9ation est fa\u00e7onn\u00e9e dans un atelier parisien, selon un savoir-faire artisanal rigoureux et \u00e9thique. ALT Paris privil\u00e9gie une production raisonn\u00e9e, en petites s\u00e9ries, et veille \u00e0 la tra\u00e7abilit\u00e9 des m\u00e9taux pr\u00e9cieux utilis\u00e9s. L\u2019objectif : proposer des pi\u00e8ces qui durent, incarnant un luxe discret, personnel et responsable.<\/p>\n<p>Informations compl\u00e9mentaires :<br \/>\nSite internent : <a href=\"https:\/\/www.alt-paris.com\/\" rel=\"nofollow noopener\" target=\"_blank\">https:\/\/www.alt-paris.com\/<\/a><br \/>\n<a href=\"https:\/\/www.google.com\/maps\/place\/\/data=!4m2!3m1!1s0x47e66face40b47cd:0x1a82c793c4c732c5?sa=X&amp;ved=1t:8290&amp;ictx=111\" data-url=\"\/maps\/place\/\/data=!4m2!3m1!1s0x47e66face40b47cd:0x1a82c793c4c732c5?sa=X&amp;ved=2ahUKEwjVqqiFg9iNAxWOTKQEHbjkFPkQ4kB6BAgFEAA\" data-sb=\"\/url?sa=t&amp;source=web&amp;rct=j&amp;opi=89978449&amp;url=\/maps\/place\/\/data%3D!4m2!3m1!1s0x47e66face40b47cd:0x1a82c793c4c732c5%3Fsa%3DX%26ved%3D1t:8290%26ictx%3D111&amp;ved=2ahUKEwjVqqiFg9iNAxWOTKQEHbjkFPkQ4kB6BAgvEAM&amp;usg=AOvVaw29LCxV5i55PvQJ62WxBxTq\" rel=\"nofollow noopener\" target=\"_blank\">22 Rue de Picardie, 75003 Paris<\/a><br \/>\n<a href=\"https:\/\/www.google.com\/search?client=safari&amp;rls=en&amp;q=ALT+Paris&amp;ie=UTF-8&amp;oe=UTF-8#\" data-dtype=\"d3ph\" data-local-attribute=\"d3ph\" data-ved=\"2ahUKEwjVqqiFg9iNAxWOTKQEHbjkFPkQkAgoAHoECC4QAg\" rel=\"nofollow noopener\" target=\"_blank\">06 98 59 51 00<\/a><\/p>\n<p>Written by Nina Aldeia<\/p>\n","protected":false},"excerpt":{"rendered":"Des bijoux fins, mixtes, et intemporels : ALT Paris incarne une nouvelle vision du luxe, sobre et personnel.&hellip;\n","protected":false},"author":2,"featured_media":153115,"comment_status":"","ping_status":"","sticky":false,"template":"","format":"standard","meta":{"footnotes":""},"categories":[1888],"tags":[998,11,5417,1777,674,1011,27,985,12,626,25,6720],"class_list":{"0":"post-153114","1":"post","2":"type-post","3":"status-publish","4":"format-standard","5":"has-post-thumbnail","7":"category-paris","8":"tag-accessoire","9":"tag-actualites","10":"tag-bijoux","11":"tag-eu","12":"tag-europe","13":"tag-fr","14":"tag-france","15":"tag-mode","16":"tag-news","17":"tag-paris","18":"tag-republique-francaise","19":"tag-shopping"},"share_on_mastodon":{"url":"https:\/\/pubeurope.com\/@fr\/114628968282786439","error":""},"_links":{"self":[{"href":"https:\/\/www.europesays.com\/fr\/wp-json\/wp\/v2\/posts\/153114","targetHints":{"allow":["GET"]}}],"collection":[{"href":"https:\/\/www.europesays.com\/fr\/wp-json\/wp\/v2\/posts"}],"about":[{"href":"https:\/\/www.europesays.com\/fr\/wp-json\/wp\/v2\/types\/post"}],"author":[{"embeddable":true,"href":"https:\/\/www.europesays.com\/fr\/wp-json\/wp\/v2\/users\/2"}],"replies":[{"embeddable":true,"href":"https:\/\/www.europesays.com\/fr\/wp-json\/wp\/v2\/comments?post=153114"}],"version-history":[{"count":0,"href":"https:\/\/www.europesays.com\/fr\/wp-json\/wp\/v2\/posts\/153114\/revisions"}],"wp:featuredmedia":[{"embeddable":true,"href":"https:\/\/www.europesays.com\/fr\/wp-json\/wp\/v2\/media\/153115"}],"wp:attachment":[{"href":"https:\/\/www.europesays.com\/fr\/wp-json\/wp\/v2\/media?parent=153114"}],"wp:term":[{"taxonomy":"category","embeddable":true,"href":"https:\/\/www.europesays.com\/fr\/wp-json\/wp\/v2\/categories?post=153114"},{"taxonomy":"post_tag","embeddable":true,"href":"https:\/\/www.europesays.com\/fr\/wp-json\/wp\/v2\/tags?post=153114"}],"curies":[{"name":"wp","href":"https:\/\/api.w.org\/{rel}","templated":true}]}}