{"id":153118,"date":"2025-06-05T04:54:12","date_gmt":"2025-06-05T04:54:12","guid":{"rendered":"https:\/\/www.europesays.com\/fr\/153118\/"},"modified":"2025-06-05T04:54:12","modified_gmt":"2025-06-05T04:54:12","slug":"la-coree-du-nord-attaque-emmanuel-macron-sur-la-russie-2","status":"publish","type":"post","link":"https:\/\/www.europesays.com\/fr\/153118\/","title":{"rendered":"La Cor\u00e9e du Nord attaque Emmanuel Macron sur la Russie"},"content":{"rendered":"<p>Alors que la <a data-i13n=\"cpos:1;pos:1\" href=\"https:\/\/www.20minutes.fr\/monde\/ukraine\/?at_medium=RSS%20feed&amp;at_campaign=ynews&amp;utm_source=yahoo&amp;utm_medium=rss&amp;utm_campaign=news_feed&amp;utm_content=in_article_link\" rel=\"nofollow noopener\" target=\"_blank\" data-ylk=\"slk:guerre en Ukraine;cpos:1;pos:1;elm:context_link;itc:0;sec:content-canvas\" class=\"link \">guerre en Ukraine<\/a> continue de faire rage, la <a data-i13n=\"cpos:2;pos:1\" href=\"https:\/\/www.20minutes.fr\/monde\/coree_du_nord\/?at_medium=RSS%20feed&amp;at_campaign=ynews&amp;utm_source=yahoo&amp;utm_medium=rss&amp;utm_campaign=news_feed&amp;utm_content=in_article_link\" rel=\"nofollow noopener\" target=\"_blank\" data-ylk=\"slk:Cor\u00e9e du Nord;cpos:2;pos:1;elm:context_link;itc:0;sec:content-canvas\" class=\"link \">Cor\u00e9e du Nord<\/a> exprime sa col\u00e8re contre la France. L\u2019agence de presse officielle nord-cor\u00e9enne a ainsi critiqu\u00e9 ce jeudi <a data-i13n=\"cpos:3;pos:1\" href=\"https:\/\/www.20minutes.fr\/politique\/emmanuel-macron\/?at_medium=RSS%20feed&amp;at_campaign=ynews&amp;utm_source=yahoo&amp;utm_medium=rss&amp;utm_campaign=news_feed&amp;utm_content=in_article_link\" rel=\"nofollow noopener\" target=\"_blank\" data-ylk=\"slk:Emmanuel Macron;cpos:3;pos:1;elm:context_link;itc:0;sec:content-canvas\" class=\"link \">Emmanuel Macron<\/a> pour des d\u00e9clarations \u00ab imprudentes \u00bb sur les liens entre Pyongyang et Moscou, les qualifiant d&rsquo;\u00ab inepties choquantes \u00bb.<\/p>\n<p>L\u2019agence KCNA a publi\u00e9 un article r\u00e9dig\u00e9 par l\u2019analyste en s\u00e9curit\u00e9 internationale Choe Ju Hyun r\u00e9agissant \u00e0 des commentaires du pr\u00e9sident fran\u00e7ais lors du Shangri-La Dialogue la semaine derni\u00e8re \u00e0 <a data-i13n=\"cpos:4;pos:1\" href=\"https:\/\/www.20minutes.fr\/dossier\/singapour?at_medium=RSS%20feed&amp;at_campaign=ynews&amp;utm_source=yahoo&amp;utm_medium=rss&amp;utm_campaign=news_feed&amp;utm_content=in_article_link\" rel=\"nofollow noopener\" target=\"_blank\" data-ylk=\"slk:Singapour;cpos:4;pos:1;elm:context_link;itc:0;sec:content-canvas\" class=\"link \">Singapour<\/a>.<\/p>\n<p>Des soldats de Cor\u00e9e du Nord en Russie<\/p>\n<p>\u00ab Si la Chine ne veut pas que l\u2019<a data-i13n=\"cpos:5;pos:1\" href=\"https:\/\/www.20minutes.fr\/monde\/otan\/?at_medium=RSS%20feed&amp;at_campaign=ynews&amp;utm_source=yahoo&amp;utm_medium=rss&amp;utm_campaign=news_feed&amp;utm_content=in_article_link\" rel=\"nofollow noopener\" target=\"_blank\" data-ylk=\"slk:Otan;cpos:5;pos:1;elm:context_link;itc:0;sec:content-canvas\" class=\"link \">Otan<\/a> soit impliqu\u00e9e en Asie du Sud-Est ou en Asie, elle doit emp\u00eacher clairement la Cor\u00e9e du Nord d\u2019\u00eatre impliqu\u00e9e sur le sol europ\u00e9en \u00bb, a lanc\u00e9 Emmanuel Macron vendredi lors de son discours d\u2019ouverture de cette conf\u00e9rence sur la d\u00e9fense et la s\u00e9curit\u00e9. Il faisait r\u00e9f\u00e9rence aux soldats que la Cor\u00e9e du Nord a envoy\u00e9s en <a data-i13n=\"cpos:6;pos:1\" href=\"https:\/\/www.20minutes.fr\/monde\/russie\/?at_medium=RSS%20feed&amp;at_campaign=ynews&amp;utm_source=yahoo&amp;utm_medium=rss&amp;utm_campaign=news_feed&amp;utm_content=in_article_link\" rel=\"nofollow noopener\" target=\"_blank\" data-ylk=\"slk:Russie;cpos:6;pos:1;elm:context_link;itc:0;sec:content-canvas\" class=\"link \">Russie<\/a> pour combattre contre les forces ukrainiennes dans la r\u00e9gion russe frontali\u00e8re de Koursk.<\/p>\n<p>\u00ab Macron commet une erreur s\u2019il pense pouvoir dissimuler l\u2019intention agressive et malveillante de l\u2019Otan de mettre ses chaussures militaires sales dans la r\u00e9gion Asie-Pacifique en s\u2019attaquant aux relations de coop\u00e9ration entre la RPDC et la Russie \u00bb, peut-on lire dans le commentaire publi\u00e9 par KCNA, qui fait r\u00e9f\u00e9rence \u00e0 la Cor\u00e9e du Nord par son nom officiel.<\/p>\n<p>Emmanuel Macron, \u00e9crit Choe Ju Hyun, est \u00ab connu publiquement comme un politicien qui aime se faire remarquer avec une s\u00e9ri(&#8230;)<\/p>\n<p><a data-i13n=\"cpos:7;pos:1\" href=\"https:\/\/www.20minutes.fr\/monde\/coree_du_nord\/4157005-20250605-guerre-ukraine-coree-nord-attaque-emmanuel-macron-russie?at_medium=RSS%20feed&amp;at_campaign=ynews&amp;utm_source=yahoo&amp;utm_medium=rss&amp;utm_campaign=news_feed&amp;utm_content=read_more_link%22\" rel=\"nofollow noopener\" target=\"_blank\" data-ylk=\"slk:Lire la suite sur 20minutes;cpos:7;pos:1;elm:context_link;itc:0;sec:content-canvas\" class=\"link \">Lire la suite sur 20minutes<\/a><\/p>\n<p>\u00c0 lire aussi :<br \/><a data-i13n=\"cpos:8;pos:1\" href=\"https:\/\/www.20minutes.fr\/monde\/ukraine\/4156988-20250605-guerre-ukraine-pape-demande-poutine-faire-geste-paix?at_medium=RSS%20feed&amp;at_campaign=ynews&amp;utm_source=yahoo&amp;utm_medium=rss&amp;utm_campaign=news_feed&amp;utm_content=related_content_link\" rel=\"nofollow noopener\" target=\"_blank\" data-ylk=\"slk:Guerre en Ukraine : Le pape a demand\u00e9 \u00e0 Poutine de \u00ab faire un geste \u00bb pour la paix;cpos:8;pos:1;elm:context_link;itc:0;sec:content-canvas\" class=\"link \">Guerre en Ukraine : Le pape a demand\u00e9 \u00e0 Poutine de \u00ab faire un geste \u00bb pour la paix<\/a><br \/><a data-i13n=\"cpos:9;pos:1\" href=\"https:\/\/www.20minutes.fr\/monde\/ukraine\/4156979-20250604-guerre-ukraine-treve-russie-impasse-trump-croit-plus?at_medium=RSS%20feed&amp;at_campaign=ynews&amp;utm_source=yahoo&amp;utm_medium=rss&amp;utm_campaign=news_feed&amp;utm_content=related_content_link\" rel=\"nofollow noopener\" target=\"_blank\" data-ylk=\"slk:Guerre en Ukraine : La tr\u00eave avec la Russie dans une impasse, m\u00eame Trump n\u2019y croit plus;cpos:9;pos:1;elm:context_link;itc:0;sec:content-canvas\" class=\"link \">Guerre en Ukraine : La tr\u00eave avec la Russie dans une impasse, m\u00eame Trump n\u2019y croit plus<\/a><\/p>\n","protected":false},"excerpt":{"rendered":"Alors que la guerre en Ukraine continue de faire rage, la Cor\u00e9e du Nord exprime sa col\u00e8re contre&hellip;\n","protected":false},"author":2,"featured_media":153119,"comment_status":"","ping_status":"","sticky":false,"template":"","format":"standard","meta":{"footnotes":""},"categories":[1591],"tags":[11,13987,1073,1887,28273,16768,12,1885,1886,132,28272,220],"class_list":{"0":"post-153118","1":"post","2":"type-post","3":"status-publish","4":"format-standard","5":"has-post-thumbnail","7":"category-russie","8":"tag-actualites","9":"tag-coree-du-nord","10":"tag-emmanuel-macron","11":"tag-federation-de-russie","12":"tag-kcna","13":"tag-lagence-de-presse","14":"tag-news","15":"tag-russia","16":"tag-russian-federation","17":"tag-russie","18":"tag-shangri-la-dialogue","19":"tag-ukraine"},"share_on_mastodon":{"url":"https:\/\/pubeurope.com\/@fr\/114628975891921820","error":""},"_links":{"self":[{"href":"https:\/\/www.europesays.com\/fr\/wp-json\/wp\/v2\/posts\/153118","targetHints":{"allow":["GET"]}}],"collection":[{"href":"https:\/\/www.europesays.com\/fr\/wp-json\/wp\/v2\/posts"}],"about":[{"href":"https:\/\/www.europesays.com\/fr\/wp-json\/wp\/v2\/types\/post"}],"author":[{"embeddable":true,"href":"https:\/\/www.europesays.com\/fr\/wp-json\/wp\/v2\/users\/2"}],"replies":[{"embeddable":true,"href":"https:\/\/www.europesays.com\/fr\/wp-json\/wp\/v2\/comments?post=153118"}],"version-history":[{"count":0,"href":"https:\/\/www.europesays.com\/fr\/wp-json\/wp\/v2\/posts\/153118\/revisions"}],"wp:featuredmedia":[{"embeddable":true,"href":"https:\/\/www.europesays.com\/fr\/wp-json\/wp\/v2\/media\/153119"}],"wp:attachment":[{"href":"https:\/\/www.europesays.com\/fr\/wp-json\/wp\/v2\/media?parent=153118"}],"wp:term":[{"taxonomy":"category","embeddable":true,"href":"https:\/\/www.europesays.com\/fr\/wp-json\/wp\/v2\/categories?post=153118"},{"taxonomy":"post_tag","embeddable":true,"href":"https:\/\/www.europesays.com\/fr\/wp-json\/wp\/v2\/tags?post=153118"}],"curies":[{"name":"wp","href":"https:\/\/api.w.org\/{rel}","templated":true}]}}