{"id":153120,"date":"2025-06-05T04:55:09","date_gmt":"2025-06-05T04:55:09","guid":{"rendered":"https:\/\/www.europesays.com\/fr\/153120\/"},"modified":"2025-06-05T04:55:09","modified_gmt":"2025-06-05T04:55:09","slug":"ukraine-nouvelle-caledonie-bresil-bruxelles-devoile-13-projets-de-minerais-strategiques","status":"publish","type":"post","link":"https:\/\/www.europesays.com\/fr\/153120\/","title":{"rendered":"Ukraine, Nouvelle-Cal\u00e9donie, Br\u00e9sil\u2026 Bruxelles d\u00e9voile 13 projets de minerais \u00abstrat\u00e9giques\u00bb"},"content":{"rendered":"<p>&#13;<br \/>\n\tLes laur\u00e9ats ont \u00e9t\u00e9 s\u00e9lectionn\u00e9s \u00e0 l\u2019aune d\u2019une s\u00e9rie de crit\u00e8res inscrits dans le r\u00e8glement europ\u00e9en sur les mat\u00e9riaux critiques (le \u00ab<a href=\"https:\/\/www.usinenouvelle.com\/article\/qu-est-ce-que-le-critical-raw-materials-act-le-plan-de-l-union-europeenne-pour-securiser-ses-approvisionnements-en-metaux.N2109151\" target=\"_blank\" rel=\"noopener\">Critical Raw Materials Act<\/a>\u00bb) adopt\u00e9 \u00e0 Bruxelles en avril 2024 : leur faisabilit\u00e9 technique, leur contribution \u00e0 la \u00abs\u00e9curit\u00e9 \u00e9conomique\u00bb, leur soutenabilit\u00e9 environnementale ou encore la valeur ajout\u00e9e cr\u00e9\u00e9e dans l\u2019\u00e9conomie du pays en question. La plupart desdits projets concernent des mat\u00e9riaux essentiels \u00e0 la fili\u00e8re des batteries et des voitures \u00e9lectriques (lithium, nickel, cobalt, mangan\u00e8se et graphite, entre autres).<\/p>\n<p>&#13;<br \/>\n\tConcr\u00e8tement, les 13 \u00e9lus \u2013 qui s\u2019ajoutent \u00e0 <a href=\"https:\/\/www.usinenouvelle.com\/article\/l-europe-relance-des-projets-miniers.N2231300\" target=\"_blank\" rel=\"noopener\">une liste de 47 projets semblables d\u00e9voil\u00e9s le 26 mars dernier<\/a>, ceux-l\u00e0 bas\u00e9s sur le territoire continental de l\u2019UE \u2013 b\u00e9n\u00e9ficieront de proc\u00e9dures acc\u00e9l\u00e9r\u00e9es d\u2019octroi de permis ainsi que d\u2019un acc\u00e8s facilit\u00e9 aux financements.<\/p>\n<p>&#13;<br \/>\n\tQuatre ans de concentration en Chine<\/p>\n<p>&#13;<br \/>\n\tAlors que l\u2019ampleur de l\u2019argent public europ\u00e9en mobilis\u00e9 n\u2019est \u00e0 ce stade pas communiqu\u00e9e, la Commission europ\u00e9enne se veut r\u00e9solument optimiste. Mercredi, son vice-pr\u00e9sident ex\u00e9cutif charg\u00e9 des dossiers industriels, St\u00e9phane S\u00e9journ\u00e9, a indiqu\u00e9 que \u00abd\u2019autres appels \u00e0 candidatures suivront dans les prochaines semaines\u00bb et a assur\u00e9 que l\u2019UE \u00abparviendrait probablement\u00bb \u00e0 atteindre les ambitieux objectifs de \u00abr\u00e9duction des d\u00e9pendances\u00bb qu\u2019elle s\u2019est fix\u00e9e pour 2030.<\/p>\n<p>&#13;<br \/>\n\tD\u2019ici cinq ans, les Vingt-Sept sont ainsi cens\u00e9s extraire au moins 10% des minerais qu\u2019ils consomment (alors que la consommation va exploser dans les prochaines ann\u00e9es), en transformer au moins 40%, et, plus globalement, ne pas d\u00e9pendre \u00e0 plus de 65% d\u2019un seul fournisseur ext\u00e9rieur\u2026<\/p>\n<p>&#13;<br \/>\n\tJusque-l\u00e0, il ne semblait pas franchement que l\u2019Europe en prenait la direction. Un rapport publi\u00e9 le 21 mai par l\u2019Agence internationale de l&rsquo;\u00e9nergie (AIE) d\u00e9plorait au contraire la trop faible croissance des investissements dans ce type de projets en 2024, et s\u2019inqui\u00e9tait d\u2019un renforcement ces quatre derni\u00e8res ann\u00e9es de la concentration chez un seul pays-fournisseur, la plupart du temps la <a title=\"Info et actu \u00e9conomique et industrielle en Chine\" href=\"https:\/\/www.usinenouvelle.com\/chine\/\" rel=\"noopener\" target=\"\" class=\"lien-contextuel\">Chine<\/a>, \u00e0 chaque \u00e9tape des cha\u00eenes de valeur (extraction, transformation, recyclage).<\/p>\n<p>&#13;<br \/>\n\t\u00abUne forte concentration du march\u00e9 augmente la vuln\u00e9rabilit\u00e9 aux chocs d&rsquo;offre qui peuvent provenir de conditions m\u00e9t\u00e9orologiques extr\u00eames, de d\u00e9faillances techniques ou <a href=\"https:\/\/www.usinenouvelle.com\/article\/tungstene-molybdene-indium-face-a-trump-la-chine-muscle-ses-restrictions-d-exportation-de-metaux-critiques.N2227023\" target=\"_blank\" rel=\"noopener\">de perturbations commerciales<\/a>\u00bb, explique ce document. Et l\u2019AIE de s\u2019alarmer des diff\u00e9rentes mesures de contr\u00f4les des exportations de terres rares r\u00e9cemment institu\u00e9es par P\u00e9kin, et qui suscitent les craintes de l\u2019industrie automobile du Vieux Continent.<\/p>\n<p>&#13;<br \/>\n\tUn (petit) pas dans la bonne direction<\/p>\n<p>&#13;<br \/>\n\t\u00abCes annonces de la Commission constituent un pas dans la bonne direction, mais risquent fort d\u2019\u00eatre insuffisantes face \u00e0 la mainmise chinoise\u00bb, pose Thibaud Vo\u00efta, conseiller \u00c9nergie \u00e0 l\u2019Institut Jacques Delors et directeur de master \u00e0 l\u2019EM Lyon. \u00abD\u2019abord, les quantit\u00e9s dont il est question avec ces projets ne sont pas assez importantes ; on ne sait d\u2019ailleurs pas comment les diff\u00e9rents pays membres, a fortiori ceux comptant des industries automobiles, parviendront \u00e0 se r\u00e9partir les approvisionnements en cas de goulets d\u2019\u00e9tranglement\u00bb, analyse cet expert de politique \u00e9nerg\u00e9tique.<\/p>\n<p>&#13;<br \/>\n\tThibaud Vo\u00efta pointe en outre la faible position de l\u2019Europe dans le reste de la cha\u00eene de valeur des batteries, \u00able manque d\u2019avanc\u00e9e en mati\u00e8re de <a href=\"https:\/\/www.usinenouvelle.com\/article\/pour-eramet-il-est-encore-trop-tot-pour-se-lancer-dans-le-recyclage-de-batteries.N2223184\" target=\"_blank\" rel=\"noopener\">recyclage sur le territoire europ\u00e9en<\/a>\u00bb, ou encore le peu de place accord\u00e9 \u00abau levier de la sobri\u00e9t\u00e9\u00bb dans les plans de l\u2019UE.<\/p>\n","protected":false},"excerpt":{"rendered":"&#13; Les laur\u00e9ats ont \u00e9t\u00e9 s\u00e9lectionn\u00e9s \u00e0 l\u2019aune d\u2019une s\u00e9rie de crit\u00e8res inscrits dans le r\u00e8glement europ\u00e9en sur&hellip;\n","protected":false},"author":2,"featured_media":153121,"comment_status":"","ping_status":"","sticky":false,"template":"","format":"standard","meta":{"footnotes":""},"categories":[1590],"tags":[11,11291,1777,674,14,6848,13670,12,16155,220],"class_list":{"0":"post-153120","1":"post","2":"type-post","3":"status-publish","4":"format-standard","5":"has-post-thumbnail","7":"category-ukraine","8":"tag-actualites","9":"tag-eco-social","10":"tag-eu","11":"tag-europe","12":"tag-international","13":"tag-matieres-premieres","14":"tag-mines-metaux","15":"tag-news","16":"tag-transition-ecologique","17":"tag-ukraine"},"share_on_mastodon":{"url":"https:\/\/pubeurope.com\/@fr\/114628979863935688","error":""},"_links":{"self":[{"href":"https:\/\/www.europesays.com\/fr\/wp-json\/wp\/v2\/posts\/153120","targetHints":{"allow":["GET"]}}],"collection":[{"href":"https:\/\/www.europesays.com\/fr\/wp-json\/wp\/v2\/posts"}],"about":[{"href":"https:\/\/www.europesays.com\/fr\/wp-json\/wp\/v2\/types\/post"}],"author":[{"embeddable":true,"href":"https:\/\/www.europesays.com\/fr\/wp-json\/wp\/v2\/users\/2"}],"replies":[{"embeddable":true,"href":"https:\/\/www.europesays.com\/fr\/wp-json\/wp\/v2\/comments?post=153120"}],"version-history":[{"count":0,"href":"https:\/\/www.europesays.com\/fr\/wp-json\/wp\/v2\/posts\/153120\/revisions"}],"wp:featuredmedia":[{"embeddable":true,"href":"https:\/\/www.europesays.com\/fr\/wp-json\/wp\/v2\/media\/153121"}],"wp:attachment":[{"href":"https:\/\/www.europesays.com\/fr\/wp-json\/wp\/v2\/media?parent=153120"}],"wp:term":[{"taxonomy":"category","embeddable":true,"href":"https:\/\/www.europesays.com\/fr\/wp-json\/wp\/v2\/categories?post=153120"},{"taxonomy":"post_tag","embeddable":true,"href":"https:\/\/www.europesays.com\/fr\/wp-json\/wp\/v2\/tags?post=153120"}],"curies":[{"name":"wp","href":"https:\/\/api.w.org\/{rel}","templated":true}]}}