{"id":153131,"date":"2025-06-05T05:01:10","date_gmt":"2025-06-05T05:01:10","guid":{"rendered":"https:\/\/www.europesays.com\/fr\/153131\/"},"modified":"2025-06-05T05:01:10","modified_gmt":"2025-06-05T05:01:10","slug":"ladministration-trump-menace-de-retirer-laccreditation-de-luniversite-columbia","status":"publish","type":"post","link":"https:\/\/www.europesays.com\/fr\/153131\/","title":{"rendered":"L&rsquo;administration Trump menace de retirer l&rsquo;accr\u00e9ditation de l&rsquo;universit\u00e9 Columbia"},"content":{"rendered":"<p>Le retrait de son accr\u00e9ditation pourrait notamment signifier pour Columbia la perte de toutes ses subventions f\u00e9d\u00e9rales.<\/p>\n<p class=\"fig-paragraph\">Le gouvernement de\u00a0<a href=\"http:\/\/www.lefigaro.fr\/international\/donald-trump-a-l-assaut-des-universites-americaines-au-nom-de-la-lutte-antiwoke-20250601\" target=\"_blank\" data-fig-type=\"Article\" rel=\"noopener\" data-gtm-custom-categorie=\"navigation\" data-gtm-custom-action=\"crossclick\" data-gtm-custom-label=\"Contextuel\" data-gtm-event=\"customEventSPE\" data-fig-domain=\"LEFIGARO\">Donald Trump<\/a>\u00a0a une nouvelle fois hauss\u00e9 le ton mercredi 4 juin contre la prestigieuse\u00a0<a href=\"http:\/\/www.lefigaro.fr\/international\/etats-unis-frappee-au-portefeuille-l-universite-columbia-accepte-les-reformes-voulues-par-donald-trump-20250322\" target=\"_blank\" data-fig-type=\"NewsFlash\" rel=\"noopener\" data-gtm-custom-categorie=\"navigation\" data-gtm-custom-action=\"crossclick\" data-gtm-custom-label=\"Contextuel\" data-gtm-event=\"customEventSPE\" data-fig-domain=\"LEFIGARO\">universit\u00e9 Columbia de New York<\/a>\u00a0en mena\u00e7ant de lui retirer son accr\u00e9ditation, ce qui pourrait la priver de tout financement f\u00e9d\u00e9ral. Grand soutien d&rsquo;Isra\u00ebl, Donald Trump accuse d&rsquo;antis\u00e9mitisme des universit\u00e9s am\u00e9ricaines de renom pour avoir laiss\u00e9 prosp\u00e9rer sur leurs campus des mouvements \u00e9tudiants contre les bombardements isra\u00e9liens dans la bande de Gaza.<\/p>\n<p class=\"fig-paragraph\">Mercredi, la ministre de l&rsquo;Education Linda McMahon a accus\u00e9 Columbia de ne pas avoir prot\u00e9g\u00e9 des \u00e9tudiants juifs du campus de Columbia malgr\u00e9 des demandes en ce sens, ce qui pourrait mener au retrait de son accr\u00e9ditation officielle. \u00abApr\u00e8s les attaques terroristes du 7 octobre 2023 par le Hamas, la direction de Columbia a d\u00e9lib\u00e9r\u00e9ment fait preuve d&rsquo;indiff\u00e9rence face au harc\u00e8lement subi par les \u00e9tudiants juifs sur son campus. Cela n&rsquo;est pas seulement immoral, mais ill\u00e9gal\u00bb, a d\u00e9clar\u00e9 la ministre dans un communiqu\u00e9.<\/p>\n<blockquote class=\"fig-quote&#10;    \">\n<p class=\"fig-quote__text\">Columbia est profond\u00e9ment engag\u00e9e dans la lutte contre l\u2019antis\u00e9mitisme sur son campus. Nous prenons ce probl\u00e8me au s\u00e9rieux et continuons de collaborer avec le gouvernement f\u00e9d\u00e9ral pour y rem\u00e9dier.\u00a0\u00bb<\/p>\n<p>            Le porte-parole de l\u2019universit\u00e9\n    <\/p><\/blockquote>\n<p class=\"fig-paragraph\">Dans les faits, le minist\u00e8re de l&rsquo;Education a notifi\u00e9 la commission de l&rsquo;enseignement sup\u00e9rieur que l&rsquo;universit\u00e9 Columbia \u00abviolait les lois f\u00e9d\u00e9rales contre la discrimination et que par cons\u00e9quent elle ne remplissait pas les conditions pour obtenir son accr\u00e9ditation\u00bb, selon le communiqu\u00e9. \u00abNous nous attendons \u00e0 ce que la Commission informe le minist\u00e8re des mesures qui seront prises afin de s&rsquo;assurer que Columbia se conforme aux standards d&rsquo;obtention de son accr\u00e9ditation\u00bb, a ajout\u00e9 Linda McMahon.<\/p>\n<p class=\"fig-paragraph\">Interrog\u00e9 par l&rsquo;AFP, un porte-parole de Columbia a indiqu\u00e9 que l&rsquo;universit\u00e9 \u00e9tait \u00abconsciente des pr\u00e9occupations\u00bb du minist\u00e8re de l&rsquo;\u00e9ducation qui ont fait l&rsquo;objet de discussions \u00abdirectement\u00bb avec la Commission de l&rsquo;enseignement sup\u00e9rieur. \u00abColumbia est profond\u00e9ment engag\u00e9e dans la lutte contre l&rsquo;antis\u00e9mitisme sur son campus. Nous prenons ce probl\u00e8me au s\u00e9rieux et continuons de collaborer avec le gouvernement f\u00e9d\u00e9ral pour y rem\u00e9dier\u00bb, a ajout\u00e9 ce porte-parole.<\/p>\n<p class=\"fig-paragraph\">Le retrait de son accr\u00e9ditation pourrait notamment signifier pour Columbia la perte de toutes ses subventions f\u00e9d\u00e9rales. Le gouvernement Trump avait d\u00e9j\u00e0 supprim\u00e9 d\u00e9but mars\u00a0<a href=\"http:\/\/www.lefigaro.fr\/international\/donald-trump-supprime-400-millions-de-dollars-d-aides-federales-a-l-universite-columbia-qu-il-accuse-d-inaction-sur-l-antisemitisme-20250307\" target=\"_blank\" data-fig-type=\"NewsFlash\" rel=\"noopener\" data-gtm-custom-categorie=\"navigation\" data-gtm-custom-action=\"crossclick\" data-gtm-custom-label=\"Contextuel\" data-gtm-event=\"customEventSPE\" data-fig-domain=\"LEFIGARO\">400 millions de dollars de fonds f\u00e9d\u00e9raux<\/a>, dont 250 millions dans le domaine de la sant\u00e9. Columbia a affirm\u00e9 avoir lanc\u00e9 depuis des r\u00e9formes drastiques demand\u00e9es par l&rsquo;administration pour tenter de r\u00e9cup\u00e9rer ces fonds.<\/p>\n<p>La pr\u00e9sidente de Columbia hu\u00e9e<\/p>\n<p class=\"fig-paragraph\"><a href=\"http:\/\/www.lefigaro.fr\/international\/notre-universite-est-confrontee-a-une-menace-existentielle-harvard-dans-la-tourmente-depuis-l-offensive-de-donald-trump-20250601\" target=\"_blank\" data-fig-type=\"Article\" rel=\"noopener\" data-gtm-custom-categorie=\"navigation\" data-gtm-custom-action=\"crossclick\" data-gtm-custom-label=\"Contextuel\" data-gtm-event=\"customEventSPE\" data-fig-domain=\"LEFIGARO\">Harvard<\/a>, l&rsquo;universit\u00e9 la plus ancienne des Etats-Unis et l&rsquo;une des mieux class\u00e9es au monde, s&rsquo;est particuli\u00e8rement attir\u00e9e les foudres de l&rsquo;administration Trump qui lui a retir\u00e9 environ 2,7 milliards de dollars en subventions f\u00e9d\u00e9rales, notamment pour la recherche en sant\u00e9, et tente de lui r\u00e9voquer sa certification SEVIS (Student and Exchange Visitor), le principal syst\u00e8me par lequel les \u00e9tudiants \u00e9trangers sont autoris\u00e9s \u00e0 \u00e9tudier aux Etats-Unis.<\/p>\n<p class=\"fig-paragraph\">Au cours des derni\u00e8res semaines, la direction de Harvard avait indiqu\u00e9 avoir pris des mesures pour s&rsquo;assurer que ses \u00e9tudiants et son personnel juifs ou isra\u00e9liens ne se sentent ni exclus, ni intimid\u00e9s sur le campus, tout en d\u00e9fendant le principe de la libert\u00e9 acad\u00e9mique et les droits des \u00e9tudiants \u00e9trangers. Cette position a valu au pr\u00e9sident de l&rsquo;universit\u00e9 Alan Garber un concert d&rsquo;applaudissements lors de la c\u00e9r\u00e9monie de remise des dipl\u00f4mes la semaine derni\u00e8re.<\/p>\n<p class=\"fig-paragraph\">A l&rsquo;inverse, la pr\u00e9sidente de Columbia avait \u00e9t\u00e9 hu\u00e9e, lors d&rsquo;une c\u00e9r\u00e9monie similaire, par des \u00e9tudiants qui lui reprochent de ne pas avoir agi pour emp\u00eacher l&rsquo;arrestation de Mahmoud Khalil, figure du mouvement propalestinien arr\u00eat\u00e9 dans une r\u00e9sidence de l&rsquo;universit\u00e9 et plac\u00e9 dans un centre de d\u00e9tention f\u00e9d\u00e9ral en Louisiane d&rsquo;o\u00f9 il risque l&rsquo;expulsion.<\/p>\n","protected":false},"excerpt":{"rendered":"Le retrait de son accr\u00e9ditation pourrait notamment signifier pour Columbia la perte de toutes ses subventions f\u00e9d\u00e9rales. Le&hellip;\n","protected":false},"author":2,"featured_media":153132,"comment_status":"","ping_status":"","sticky":false,"template":"","format":"standard","meta":{"footnotes":""},"categories":[2],"tags":[259,11,260,28274,73,1011,27,14,261,12,262,25],"class_list":{"0":"post-153131","1":"post","2":"type-post","3":"status-publish","4":"format-standard","5":"has-post-thumbnail","7":"category-actualites","8":"tag-actualite-internationale","9":"tag-actualites","10":"tag-affaires-etrangeres","11":"tag-columbia","12":"tag-etats-unis","13":"tag-fr","14":"tag-france","15":"tag-international","16":"tag-ministere-des-affaires-etrangeres","17":"tag-news","18":"tag-politique-etrangere","19":"tag-republique-francaise"},"share_on_mastodon":{"url":"https:\/\/pubeurope.com\/@fr\/114629003486298091","error":""},"_links":{"self":[{"href":"https:\/\/www.europesays.com\/fr\/wp-json\/wp\/v2\/posts\/153131","targetHints":{"allow":["GET"]}}],"collection":[{"href":"https:\/\/www.europesays.com\/fr\/wp-json\/wp\/v2\/posts"}],"about":[{"href":"https:\/\/www.europesays.com\/fr\/wp-json\/wp\/v2\/types\/post"}],"author":[{"embeddable":true,"href":"https:\/\/www.europesays.com\/fr\/wp-json\/wp\/v2\/users\/2"}],"replies":[{"embeddable":true,"href":"https:\/\/www.europesays.com\/fr\/wp-json\/wp\/v2\/comments?post=153131"}],"version-history":[{"count":0,"href":"https:\/\/www.europesays.com\/fr\/wp-json\/wp\/v2\/posts\/153131\/revisions"}],"wp:featuredmedia":[{"embeddable":true,"href":"https:\/\/www.europesays.com\/fr\/wp-json\/wp\/v2\/media\/153132"}],"wp:attachment":[{"href":"https:\/\/www.europesays.com\/fr\/wp-json\/wp\/v2\/media?parent=153131"}],"wp:term":[{"taxonomy":"category","embeddable":true,"href":"https:\/\/www.europesays.com\/fr\/wp-json\/wp\/v2\/categories?post=153131"},{"taxonomy":"post_tag","embeddable":true,"href":"https:\/\/www.europesays.com\/fr\/wp-json\/wp\/v2\/tags?post=153131"}],"curies":[{"name":"wp","href":"https:\/\/api.w.org\/{rel}","templated":true}]}}