{"id":153143,"date":"2025-06-05T05:10:13","date_gmt":"2025-06-05T05:10:13","guid":{"rendered":"https:\/\/www.europesays.com\/fr\/153143\/"},"modified":"2025-06-05T05:10:13","modified_gmt":"2025-06-05T05:10:13","slug":"qui-est-devant-dans-la-course-au-ballon-dor","status":"publish","type":"post","link":"https:\/\/www.europesays.com\/fr\/153143\/","title":{"rendered":"qui est devant dans la course au Ballon d\u2019Or ?"},"content":{"rendered":"<p>Lors d\u2019Espagne-France jeudi soir en demi-finale de Ligue des nations, les regards seront aussi tourn\u00e9s vers Lamine Yamal et Ousmane Demb\u00e9l\u00e9, dans leur combat au Ballon d\u2019Or.<\/p>\n<p class=\"fig-paragraph\">Si l\u2019affrontement, sur fond de revanche, entre\u00a0<a href=\"http:\/\/www.lefigaro.fr\/sports\/football\/ligue-des-nations\/france-espagne-a-quelle-heure-et-sur-quelle-chaine-regarder-la-demi-finale-des-bleus-20250602\" target=\"_blank\" data-fig-type=\"NewsFlash\" rel=\"noopener\" data-gtm-custom-categorie=\"navigation\" data-gtm-custom-action=\"crossclick\" data-gtm-custom-label=\"Contextuel\" data-gtm-event=\"customEventSPE\" data-fig-domain=\"LEFIGARO\">la France et l\u2019Espagne fait saliver jeudi soir (20h45 TF1)<\/a>\u00a0en demi-finale de la Ligue des nations, impossible de passer sous silence les possibles retrouvailles entre\u00a0<a href=\"http:\/\/www.lefigaro.fr\/sports\/football\/yamal-au-sommet-doue-et-les-parisiens-grimpent-apres-le-sacre-europeen-le-classement-des-joueurs-les-mieux-valorises-sur-la-planete-football-20250604\" target=\"_blank\" data-fig-type=\"NewsFlash\" rel=\"noopener\" data-gtm-custom-categorie=\"navigation\" data-gtm-custom-action=\"crossclick\" data-gtm-custom-label=\"Contextuel\" data-gtm-event=\"customEventSPE\" data-fig-domain=\"LEFIGARO\">Lamine Yamal<\/a>\u00a0(17 ans) et<a href=\"http:\/\/www.lefigaro.fr\/sports\/football\/ligue-des-nations\/ousmane-dembele-ballon-d-or-pourquoi-cette-question-gene-les-bleus-20250604\" target=\"_blank\" data-fig-type=\"NewsFlash\" rel=\"noopener\" data-gtm-custom-categorie=\"navigation\" data-gtm-custom-action=\"crossclick\" data-gtm-custom-label=\"Contextuel\" data-gtm-event=\"customEventSPE\" data-fig-domain=\"LEFIGARO\">\u00a0Ousmane Demb\u00e9l\u00e9<\/a>\u00a0(28 ans). Les deux hommes, que beaucoup de choses s\u00e9parent, s\u2019avancent aujourd\u2019hui comme les deux favoris au Ballon d\u2019Or. Il reste encore du temps avant que les 100 journalistes votants du monde entier ne valident leur choix, mais le duel \u00e0 venir \u00e0 Stuttgart, si le Parisien est titulaire, sera une nouvelle \u00e9tape qui peut marquer les esprits. Les autres concurrents (Mbapp\u00e9, Raphinha, Salah, Pedri\u2026) n\u2019ont pas dit leur dernier mot, mais Yamal-Demb\u00e9l\u00e9 sont en avance. Qui fait la course en t\u00eate entre l\u2019Espagnol et le Fran\u00e7ais\u00a0? \u00c9l\u00e9ments de r\u00e9ponse.<\/p>\n<p>Les stats et le palmar\u00e8s pour Demb\u00e9l\u00e9<\/p>\n<p class=\"fig-paragraph\">Champion d\u2019Europe avec le PSG apr\u00e8s avoir \u00e9cras\u00e9 l\u2019Inter Milan (5-0), Ousmane Demb\u00e9l\u00e9, qui n\u2019a pas marqu\u00e9 en finale mais a eu un r\u00f4le pr\u00e9pond\u00e9rant dans le collectif de Luis Enrique, a \u00e9t\u00e9 \u00e9lu meilleur joueur de la Ligue des champions. Avec 8 buts et 6 passes d\u00e9cisives en C1 et une propension \u00e0 \u00eatre d\u00e9cisif (au moins un but ou une passe sur les six derniers matches de Paris en Europe) sur les matches qui comptent, \u00abDembouz\u00bb a parfaitement valid\u00e9 sa mue au poste de num\u00e9ro 9. Sa ligne de statistiques (35 buts et 15 passes en 55 rencontres cette saison) en fait un client plus que cr\u00e9dible \u00e0 la distinction individuelle supr\u00eame. Meilleur buteur de Ligue 1, meilleur joueur de C1, Demb\u00e9l\u00e9 a brill\u00e9 sur tous les terrains. De son c\u00f4t\u00e9, Lamine Yamal ne rivalise pas avec le Fran\u00e7ais sur ce point. Ses statistiques sont brillantes (60 matches, 19 buts, 26 passes d\u00e9cisives) mais moins clinquantes que celle du Parisien. Il n\u2019a d\u2019ailleurs marqu\u00e9 qu\u2019\u00e0 neuf reprises en Liga et s\u2019est montr\u00e9 moins d\u00e9cisif que son concurrent lors des matches couperets de Ligue des champions (3 buts et une passe d\u00e9cisive).<\/p>\n<p>Le spectacle et la renomm\u00e9e internationale pour Yamal<\/p>\n<p class=\"fig-paragraph\">Si les stats sont pour Demb\u00e9l\u00e9, l\u2019impression visuelle et les gestes spectaculaires, qui marquent les esprits du grand public et d\u00e9passent les fronti\u00e8res, sont \u00e0 mettre au cr\u00e9dit du Catalan. Qui ne se souvient pas de son but magistral face \u00e0 l\u2019Inter Milan lors du match aller d\u2019une double confrontation qui a choqu\u00e9 la plan\u00e8te football (3-3, 3-4 a.p.)\u00a0? Ce soir-l\u00e0, Yamal s\u2019est offert une caisse de r\u00e9sonance sans commune mesure, avec un geste qui a fait le tour de la plan\u00e8te. Un Ballon d\u2019Or marque pour la qualit\u00e9 de sa saison, sa r\u00e9gularit\u00e9 dans les hautes performances mais aussi ses coups d\u2019\u00e9clat. Sur ce dernier point, Yamal fait la course en t\u00eate, pour le moment. Avec pr\u00e8s de 35 millions de suiveurs sur Instagram, quand Demb\u00e9l\u00e9 en compte deux fois moins, l\u2019Espagnol est une star mondiale, qui d\u00e9passe les fronti\u00e8res de son pays et du Vieux continent. \u00c0 l\u2019image d\u2019un Mbapp\u00e9 ou encore de son idole Messi. Demb\u00e9l\u00e9, tourn\u00e9 vers le collectif, souffre de la comparaison en termes d\u2019image et d\u2019impact \u00e0 l\u2019\u00e9tranger. Ses exp\u00e9riences \u00e0 Dortmund (2016-2017) et Barcelone (2017-2023) ne l\u2019ont pas fait passer dans une autre dimension.<\/p>\n<p>Politique et lobbying, le match est lanc\u00e9<\/p>\n<p class=\"fig-paragraph\">Dimanche soir, DJ Snake, accompagn\u00e9 de Marquinhos, a lanc\u00e9 la campagne pour son ami du PSG avec des \u00abOusmane Ballon d\u2019Or et Ousmane Ballon d\u2019Or\u00bb, sous les yeux du principal int\u00e9ress\u00e9, quelque peu g\u00ean\u00e9 d\u2019occuper le devant de la sc\u00e8ne. La presse espagnole en a fait de m\u00eame en insistant, aupr\u00e8s de Yamal, sur le duel avec Demb\u00e9l\u00e9 jeudi soir en Ligue des nations. Le prodige, qui ma\u00eetrise le volet de la com\u2019, ne s\u2019est pas d\u00e9fil\u00e9\u00a0: \u00abSi les gens veulent tout risquer sur un match, et bien&#8230; jouons-le jeudi alors.\u00bb Une assurance qui lui colle \u00e0 la peau. Et une personnalit\u00e9 qui ne laisse personne indiff\u00e9rent. Glaner le Ballon d\u2019Or est aussi une partie \u00e0 remporter hors du terrain, avec un lobbying dont les grands clubs ma\u00eetrisent les moindres d\u00e9tails. Le Real Madrid le sait mieux que personne m\u00eame s\u2019il n\u2019a toujours pas dig\u00e9r\u00e9 la cons\u00e9cration de Rodri au lieu de celle de Vinicius l\u2019ann\u00e9e derni\u00e8re. Le PSG va devoir s\u2019y employer car le Bar\u00e7a ne l\u2019a pas attendu. Idem pour les Bleus, tiraill\u00e9s avec le poids de Kylian Mbapp\u00e9, qui ne veulent pas tous se d\u00e9cider entre les deux. Comme en 2018 avec Griezmann, Mbapp\u00e9, Pogba ou encore Varane, l\u2019\u00e9quipe de France choisit de ne pas choisir pour le moment. Une tactique risqu\u00e9e. Mais mercredi soir,\u00a0<a href=\"http:\/\/www.lefigaro.fr\/sports\/football\/ligue-des-nations\/dembele-merite-le-ballon-d-or-point-barre-ibrahima-konate-premier-bleu-a-enfin-assumer-clairement-sa-position-20250604\" data-fig-type=\"NewsFlash\" data-gtm-custom-categorie=\"navigation\" data-gtm-custom-action=\"crossclick\" data-gtm-custom-label=\"Contextuel\" data-gtm-event=\"customEventSPE\" data-fig-domain=\"LEFIGARO\" target=\"_blank\" rel=\"noopener\">Ibrahima Konat\u00e9<\/a>\u00a0a \u00e9t\u00e9 le premier \u00e0 sortir du bois, avant d\u2019\u00eatre imiti\u00e9 par\u00a0<a href=\"http:\/\/www.lefigaro.fr\/sports\/football\/ligue-des-nations\/la-menace-yamal-mbappe-n09-dembele-ballon-d-or-les-mots-de-deschamps-avant-espagne-france-20250604\" data-fig-type=\"NewsFlash\" data-gtm-custom-categorie=\"navigation\" data-gtm-custom-action=\"crossclick\" data-gtm-custom-label=\"Contextuel\" data-gtm-event=\"customEventSPE\" data-fig-domain=\"LEFIGARO\" target=\"_blank\" rel=\"noopener\">Didier Deschamps<\/a>. Enfin.<\/p>\n<p>Le calendrier pour Demb\u00e9l\u00e9<\/p>\n<p class=\"fig-paragraph\">Si personne ne sait tr\u00e8s bien quel \u00e9cho aura cette demi-finale de Ligue des nations entre la France et l\u2019Espagne sur la sc\u00e8ne internationale, ainsi que l\u2019\u00e9ventuelle finale (peu de doute que le Fran\u00e7ais ne dispute le match pour la 3e place dimanche \u00e0 18h), Ousmane Demb\u00e9l\u00e9 aura d\u2019autres occasions de briller avec la prochaine coupe du monde des clubs aux \u00c9tats-Unis. Comp\u00e9tition \u00e0 laquelle Lamine Yamal ne participera pas, le FC Barcelone n\u2019\u00e9tant pas pr\u00e9sent. Si le Fran\u00e7ais avait la bonne id\u00e9e de briller sur un autre continent, face \u00e0 des \u00e9quipes venant du monde entier (US, Am\u00e9rique du Sud, Afrique\u2026), cela viendrait s\u2019ajouter \u00e0 un CV d\u00e9j\u00e0 bien fourni cette saison. Pendant ce temps-l\u00e0, l\u2019Espagnol sera en vacances et incapable de pouvoir r\u00e9pliquer.<\/p>\n<p>Conclusion\u00a0: avantage Demb\u00e9l\u00e9, mais \u2026<\/p>\n<p class=\"fig-paragraph\">Pour toutes les raisons cit\u00e9es, Ousmane Demb\u00e9l\u00e9 est actuellement le grand favori du 69e Ballon d\u2019Or. Cela r\u00e9compenserait sa saison, mais aussi une autre forme d\u2019attaquant, tourn\u00e9 vers le collectif, altruiste et au go\u00fbt de l\u2019effort prononc\u00e9. Une autre id\u00e9e du football ou l\u2019individu prend souvent le pas sur le reste, avec des statistiques \u00e9rig\u00e9es en argument massue. Mais le sport num\u00e9ro au monde n\u2019est pas que cela. Le sacre du PSG en Ligue des champions l\u2019a montr\u00e9. Reste \u00e0 savoir si les votants pensent la m\u00eame chose. R\u00e9ponse le 22 septembre prochain au th\u00e9\u00e2tre du Ch\u00e2telet \u00e0 Paris.<\/p>\n","protected":false},"excerpt":{"rendered":"Lors d\u2019Espagne-France jeudi soir en demi-finale de Ligue des nations, les regards seront aussi tourn\u00e9s vers Lamine Yamal&hellip;\n","protected":false},"author":2,"featured_media":153144,"comment_status":"","ping_status":"","sticky":false,"template":"","format":"standard","meta":{"footnotes":""},"categories":[1412],"tags":[672,828,525,8976,123,1451,1452,1453,1454,1455,1011,27,16748,3022,23733,955,23734,2782,6996,1980,60,455],"class_list":{"0":"post-153143","1":"post","2":"type-post","3":"status-publish","4":"format-standard","5":"has-post-thumbnail","7":"category-f1","8":"tag-allemagne","9":"tag-belgique","10":"tag-calendrier","11":"tag-classements","12":"tag-espagne","13":"tag-f1","14":"tag-formula-1","15":"tag-formula1","16":"tag-formule-1","17":"tag-formule1","18":"tag-fr","19":"tag-france","20":"tag-lamine-yamal","21":"tag-ligue","22":"tag-ligue-des-nations","23":"tag-match","24":"tag-match-en-direct","25":"tag-ousmane-dembele","26":"tag-portugal","27":"tag-resultats","28":"tag-sports","29":"tag-uefa"},"share_on_mastodon":{"url":"https:\/\/pubeurope.com\/@fr\/114629038828725717","error":""},"_links":{"self":[{"href":"https:\/\/www.europesays.com\/fr\/wp-json\/wp\/v2\/posts\/153143","targetHints":{"allow":["GET"]}}],"collection":[{"href":"https:\/\/www.europesays.com\/fr\/wp-json\/wp\/v2\/posts"}],"about":[{"href":"https:\/\/www.europesays.com\/fr\/wp-json\/wp\/v2\/types\/post"}],"author":[{"embeddable":true,"href":"https:\/\/www.europesays.com\/fr\/wp-json\/wp\/v2\/users\/2"}],"replies":[{"embeddable":true,"href":"https:\/\/www.europesays.com\/fr\/wp-json\/wp\/v2\/comments?post=153143"}],"version-history":[{"count":0,"href":"https:\/\/www.europesays.com\/fr\/wp-json\/wp\/v2\/posts\/153143\/revisions"}],"wp:featuredmedia":[{"embeddable":true,"href":"https:\/\/www.europesays.com\/fr\/wp-json\/wp\/v2\/media\/153144"}],"wp:attachment":[{"href":"https:\/\/www.europesays.com\/fr\/wp-json\/wp\/v2\/media?parent=153143"}],"wp:term":[{"taxonomy":"category","embeddable":true,"href":"https:\/\/www.europesays.com\/fr\/wp-json\/wp\/v2\/categories?post=153143"},{"taxonomy":"post_tag","embeddable":true,"href":"https:\/\/www.europesays.com\/fr\/wp-json\/wp\/v2\/tags?post=153143"}],"curies":[{"name":"wp","href":"https:\/\/api.w.org\/{rel}","templated":true}]}}