{"id":153155,"date":"2025-06-05T05:17:11","date_gmt":"2025-06-05T05:17:11","guid":{"rendered":"https:\/\/www.europesays.com\/fr\/153155\/"},"modified":"2025-06-05T05:17:11","modified_gmt":"2025-06-05T05:17:11","slug":"claude-francois-jr-veut-racheter-le-moulin-de-dannemois","status":"publish","type":"post","link":"https:\/\/www.europesays.com\/fr\/153155\/","title":{"rendered":"Claude-Fran\u00e7ois Jr veut racheter le moulin de Dannemois"},"content":{"rendered":"<p>C&rsquo;est un vieux projet qui pourrait tr\u00e8s vite se concr\u00e9tiser. Claude Fran\u00e7ois Jr a confirm\u00e9, dans l&rsquo;\u00e9mission <a class=\"link \" href=\"https:\/\/x.com\/TVMAG\/status\/1929556864036987198?ref_src=twsrc%5Etfw%7Ctwcamp%5Etweetembed%7Ctwterm%5E1929556864036987198%7Ctwgr%5E9bc61d3791af0b3304d3cde7c51fb42a8a0ea209%7Ctwcon%5Es1_&amp;ref_url=https%3A%2F%2Fpublish.twitter.com%2F%3Fquery%3Dhttps3A2F2Ftwitter.com2FTVMAG2Fstatus2F1929556864036987198widget%3DTweet\" rel=\"nofollow noopener\" target=\"_blank\" data-ylk=\"slk:Buzz TV;elm:context_link;itc:0;sec:content-canvas\">Buzz TV<\/a>, entrer dans l&rsquo;ultime phase de n\u00e9gociation pour acqu\u00e9rir le Moulin de Dannemois, r\u00e9sidence de son p\u00e8re dans les ann\u00e9es 1960. L&rsquo;interpr\u00e8te de \u00ab\u00a0Alexandrie, Alexandra\u00a0\u00bb avait acquis et r\u00e9nov\u00e9 le domaine pour en faire sa maison du bonheur\u00a0: c&rsquo;est l\u00e0 que Claude Fran\u00e7ois avait construit sa famille\u00a0avec Isabelle et leurs deux enfants, Claude Fran\u00e7ois Jr et Marc, qu&rsquo;il recevait ses amis et le showbiz, qu&rsquo;il trouvait l&rsquo;inspiration pour ses tubes \u2013 \u00ab\u00a0Comme d&rsquo;habitude\u00a0\u00bb, \u00ab\u00a0Le Lundi au soleil\u00a0\u00bb. Et qu&rsquo;il profitait de\u00a0moments de calme et de repos, entre ses concerts et ses tourn\u00e9es, devant sa piscine en forme de c\u0153ur\u2026<\/p>\n<p>Apr\u00e8s <a class=\"link \" href=\"https:\/\/www.lepoint.fr\/culture\/11-mars-1978-claude-francois-bricole-une-derniere-fois-dans-sa-baignoire-et-disjoncte-11-03-2012-1440027_3.php\" rel=\"nofollow noopener\" target=\"_blank\" data-ylk=\"slk:le d\u00e9c\u00e8s de Claude Fran\u00e7ois, en 1978;elm:context_link;itc:0;sec:content-canvas\">le d\u00e9c\u00e8s de Claude Fran\u00e7ois, en 1978<\/a>, les lieux avaient \u00e9t\u00e9\u00a0vendus, puis repris par le couple Lescure, qui en fit un mus\u00e9e pour les fans du chanteur. On y trouve, p\u00eale-m\u00eale, costumes de sc\u00e8ne, disques d&rsquo;or, souvenirs de l&rsquo;artiste, lettres, photos, effets personnels\u2026<\/p>\n<p>Accueillir dans le moulin les fans de Cloclo<\/p>\n<p>Tr\u00e8s attach\u00e9 au lieu, Claude Fran\u00e7ois Jr s&rsquo;y rend\u00a0r\u00e9guli\u00e8rement, notamment pour l&rsquo;anniversaire de la mort de son p\u00e8re. \u00ab\u00a0La famille Lescure en est propri\u00e9taire depuis vingt-cinq\u00a0ans. Ils ont fait un beau boulot, confirme le fils a\u00een\u00e9 dans Buzz TV. Le rachat est en bonne voie, mais il faut se d\u00e9cider rapidement.\u00a0\u00bb Quitte \u00e0 mettre la pression\u00a0: \u00ab\u00a0Je leur ai dit\u00a0: \u201cSi on n&rsquo;arrive pas \u00e0 s&rsquo;entendre ce mois-ci, au mois de juin, je passe [&#8230;] <a href=\"https:\/\/www.lepoint.fr\/people\/un-graceland-a-la-francaise-claude-francois-jr-veut-racheter-le-moulin-de-dannemois-04-06-2025-2591249_2116.php\" rel=\"nofollow noopener\" target=\"_blank\" data-ylk=\"slk:Lire la suite;elm:context_link;itc:0;sec:content-canvas\" class=\"link \">Lire la suite<\/a><\/p>\n<p><script async src=\"https:\/\/platform.twitter.com\/widgets.js\" charset=\"utf-8\"><\/script><\/p>\n","protected":false},"excerpt":{"rendered":"C&rsquo;est un vieux projet qui pourrait tr\u00e8s vite se concr\u00e9tiser. Claude Fran\u00e7ois Jr a confirm\u00e9, dans l&rsquo;\u00e9mission Buzz&hellip;\n","protected":false},"author":2,"featured_media":153156,"comment_status":"","ping_status":"","sticky":false,"template":"","format":"standard","meta":{"footnotes":""},"categories":[1355],"tags":[10896,28280,58,59,1011,27,28279,28281,27995,1361,873],"class_list":{"0":"post-153155","1":"post","2":"type-post","3":"status-publish","4":"format-standard","5":"has-post-thumbnail","7":"category-musique","8":"tag-claude-francois","9":"tag-costumes-de-scene","10":"tag-divertissement","11":"tag-entertainment","12":"tag-fr","13":"tag-france","14":"tag-le-lundi-au-soleil","15":"tag-lescure","16":"tag-moulin-de-dannemois","17":"tag-music","18":"tag-musique"},"share_on_mastodon":{"url":"https:\/\/pubeurope.com\/@fr\/114629066302215184","error":""},"_links":{"self":[{"href":"https:\/\/www.europesays.com\/fr\/wp-json\/wp\/v2\/posts\/153155","targetHints":{"allow":["GET"]}}],"collection":[{"href":"https:\/\/www.europesays.com\/fr\/wp-json\/wp\/v2\/posts"}],"about":[{"href":"https:\/\/www.europesays.com\/fr\/wp-json\/wp\/v2\/types\/post"}],"author":[{"embeddable":true,"href":"https:\/\/www.europesays.com\/fr\/wp-json\/wp\/v2\/users\/2"}],"replies":[{"embeddable":true,"href":"https:\/\/www.europesays.com\/fr\/wp-json\/wp\/v2\/comments?post=153155"}],"version-history":[{"count":0,"href":"https:\/\/www.europesays.com\/fr\/wp-json\/wp\/v2\/posts\/153155\/revisions"}],"wp:featuredmedia":[{"embeddable":true,"href":"https:\/\/www.europesays.com\/fr\/wp-json\/wp\/v2\/media\/153156"}],"wp:attachment":[{"href":"https:\/\/www.europesays.com\/fr\/wp-json\/wp\/v2\/media?parent=153155"}],"wp:term":[{"taxonomy":"category","embeddable":true,"href":"https:\/\/www.europesays.com\/fr\/wp-json\/wp\/v2\/categories?post=153155"},{"taxonomy":"post_tag","embeddable":true,"href":"https:\/\/www.europesays.com\/fr\/wp-json\/wp\/v2\/tags?post=153155"}],"curies":[{"name":"wp","href":"https:\/\/api.w.org\/{rel}","templated":true}]}}