{"id":153163,"date":"2025-06-05T05:21:23","date_gmt":"2025-06-05T05:21:23","guid":{"rendered":"https:\/\/www.europesays.com\/fr\/153163\/"},"modified":"2025-06-05T05:21:23","modified_gmt":"2025-06-05T05:21:23","slug":"lemission-va-enfin-se-terminer-plus-tot-des-cette-semaine-decouvrez-pourquoi","status":"publish","type":"post","link":"https:\/\/www.europesays.com\/fr\/153163\/","title":{"rendered":"L&rsquo;\u00e9mission va (enfin) se terminer plus t\u00f4t d\u00e8s cette semaine, d\u00e9couvrez pourquoi !"},"content":{"rendered":"<p>D\u00e8s ce mercredi 4 juin, M6 propose les quarts de finale de Top Chef 2025 avec le retour de Gr\u00e9goire et Ilane apr\u00e8s leur victoire dans Les Brigades cach\u00e9es la semaine derni\u00e8re. Une m\u00e9canique qui s&rsquo;accompagne d&rsquo;une bonne nouvelle puisque cela veut dire que l&rsquo;\u00e9mission va se terminer plus t\u00f4t !<\/p>\n<p>Des poches sous les yeux, des b\u00e2illements intempestifs, l&rsquo;envie de faire une sieste au beau milieu de l&rsquo;apr\u00e8s-midi\u2026 On sait que les jeudis sont longs pour les fans de <a href=\"https:\/\/www.programme-tv.net\/news\/tv\/379821-philippe-etchebest-se-confie-sur-ses-relations-avec-les-membres-du-jury-de-top-chef-on-ne-part-pas-en-vacances-ensemble-mais\/\" data-api-deeplink=\"teleloisirs:\/\/news\/379821\" target=\"_blank\" rel=\"noopener\">Top Chef<\/a>\u00a0! Le sch\u00e9ma est devenu r\u00e9current\u00a0; que ce soit pour <a href=\"https:\/\/www.programme-tv.net\/news\/tv\/365451-top-chef-2025-jury-tournage-pas-d-objectif-top-chef-les-premieres-infos-de-la-saison-16\/\" data-api-deeplink=\"teleloisirs:\/\/news\/365451\" target=\"_blank\" rel=\"noopener\">la saison 16 actuellement en diffusion<\/a> ou les pr\u00e9c\u00e9dentes, <b>le concours culinaire de M6 se finit toujours tr\u00e8s tard, aux alentours de 00h30<\/b>. Les t\u00e9l\u00e9spectateurs qui veulent savoir quel candidat est d\u00e9finitivement \u00e9limin\u00e9 de la comp\u00e9tition au cours des <a href=\"https:\/\/www.programme-tv.net\/news\/tv\/379782-quels-candidats-ont-gagne-les-brigades-cachees-et-reintegrent-top-chef-a-partir-de-la-semaine-prochaine\/\" data-api-deeplink=\"teleloisirs:\/\/news\/379782\" target=\"_blank\" rel=\"noopener\">Brigades cach\u00e9es<\/a>, le programme incarn\u00e9 par \u00c9ric Frechon et Fabien Ferr\u00e9 en deuxi\u00e8me partie de soir\u00e9e, se couchent donc tr\u00e8s tard\u00a0! Mais r\u00e9jouissez-vous, votre r\u00e9veil sera un peu plus facile \u00e0 supporter \u00e0 partir de cette semaine.<\/p>\n<p>Pourquoi Ilane et Gr\u00e9goire reviennent-ils dans Top Chef sur M6 \u00e0 partir de ce mercredi 4\u00a0juin\u00a0?<\/p>\n<p>Le mercredi 28\u00a0mai dernier, <a href=\"https:\/\/www.programme-tv.net\/news\/tv\/375511-ilane-integre-a-la-derniere-minute-dans-top-chef-raconte-l-appel-de-la-production-j-ai-cru-a-une-blague\/\" data-api-deeplink=\"teleloisirs:\/\/news\/375511\" target=\"_blank\" rel=\"noopener\">Ilane, un candidat qui n&rsquo;aurait jamais d\u00fb int\u00e9grer le concours<\/a> et Gr\u00e9goire, un ancien membre de la brigade de Glenn Viel, sont parvenus \u00e0 impressionner les chefs des Brigades cach\u00e9es et <a href=\"https:\/\/www.programme-tv.net\/news\/tv\/379782-quels-candidats-ont-gagne-les-brigades-cachees-et-reintegrent-top-chef-a-partir-de-la-semaine-prochaine\/\" data-api-deeplink=\"teleloisirs:\/\/news\/379782\" target=\"_blank\" rel=\"noopener\">r\u00e9int\u00e8grent respectivement le concours principal d\u00e8s ce mercredi 4\u00a0juin<\/a> sous les couleurs des \u00e9quipes de Fabien Ferr\u00e9 et \u00c9ric Frechon. <b>Une v\u00e9ritable surprise pour <\/b><a href=\"https:\/\/www.programme-tv.net\/news\/tv\/379405-il-y-a-eu-un-malentendu-claudio-top-chef-2025-revient-sur-les-tensions-avec-margaux-dans-la-guerre-des-restos\/\" data-api-deeplink=\"teleloisirs:\/\/news\/379405\" target=\"_blank\" rel=\"noopener\"><b>Margaux<\/b><\/a><b>, <\/b><a href=\"https:\/\/www.programme-tv.net\/news\/tv\/374404-c-est-dur-pour-un-enfant-quentin-top-chef-2025-se-confie-sur-le-deces-de-sa-mere-alors-qu-il-n-avait-que-13-ans\/\" data-api-deeplink=\"teleloisirs:\/\/news\/374404\" target=\"_blank\" rel=\"noopener\"><b>Quentin<\/b><\/a><b>, <\/b><a href=\"https:\/\/www.programme-tv.net\/news\/tv\/378990-j-espere-que-tu-vas-lui-laisser-un-peu-de-place-helene-darroze-top-chef-adresse-un-message-particulier-a-charles-apres-l-elimination-de-sa-compagne-philippine\/\" data-api-deeplink=\"teleloisirs:\/\/news\/378990\" target=\"_blank\" rel=\"noopener\"><b>Charles<\/b><\/a><b> et <\/b><a href=\"https:\/\/www.programme-tv.net\/biographie\/4122959-charlie-anne-top-chef-16\/\" data-api-deeplink=\"teleloisirs:\/\/person\/4122959\" target=\"_blank\" rel=\"noopener\"><b>Charlie<\/b><\/a><b> qui verront leurs chances de remporter <\/b><b>Top Chef<\/b><b> s&rsquo;\u00e9loigner\u00a0!<\/b> Si cela est une mauvaise nouvelle pour ces quatre comp\u00e9titeurs, elle r\u00e9jouira les t\u00e9l\u00e9spectateurs qui pourront aller au lit plus t\u00f4t puisque cela signifie que Les brigades cach\u00e9es sont termin\u00e9es. Ainsi, on conna\u00eetra le nom de la personne d\u00e9finitivement \u00e9limin\u00e9e aux environs de 23h30.<\/p>\n<p>                        Que regarder sur M6 apr\u00e8s la fin des Brigades cach\u00e9es de Top Chef en deuxi\u00e8me partie de soir\u00e9e\u00a0?<\/p>\n<p>Toutefois, pour celles et ceux qui veulent prolonger le plaisir ou qui ne trouvent pas le sommeil, il est possible de rester branch\u00e9 sur M6 en deuxi\u00e8me partie de soir\u00e9e pour suivre Les meilleurs moments de Top Chef, une \u00e9mission d&rsquo;une dur\u00e9e d&rsquo;une heure qui porte bien son nom puisqu&rsquo;il s&rsquo;agit de se rem\u00e9morer les meilleures s\u00e9quences toutes saisons confondues, des plats les plus impressionnants aux \u00e9v\u00e9nements les plus \u00e9mouvants. Ce programme diffus\u00e9 pendant deux semaines laissera sa place \u00e0 <a href=\"https:\/\/www.programme-tv.net\/news\/tv\/340110-cest-la-premiere-fois-quon-me-voit-torse-nu-a-la-tele-la-drole-de-reflexion-de-philippe-etchebest-dans-un-chef-au-bout-du-monde\/\" data-api-deeplink=\"teleloisirs:\/\/news\/340110\" target=\"_blank\" rel=\"noopener\">Un chef au bout du monde avec Philippe Etchebest<\/a> \u00e0 partir du mercredi 18\u00a0juin \u00e0 23h35. Ce soir-l\u00e0, le Meilleur Ouvrier de France s&rsquo;envolera pour la Californie. Une semaine plus tard, il partira \u00e0 la d\u00e9couverte des traditions gastronomiques du Qu\u00e9bec.<\/p>\n","protected":false},"excerpt":{"rendered":"D\u00e8s ce mercredi 4 juin, M6 propose les quarts de finale de Top Chef 2025 avec le retour&hellip;\n","protected":false},"author":2,"featured_media":153164,"comment_status":"","ping_status":"","sticky":false,"template":"","format":"standard","meta":{"footnotes":""},"categories":[8],"tags":[244,58,59,1011,27,19163,16553,13957,16552,494,19164,5387,23898,6094,492],"class_list":{"0":"post-153163","1":"post","2":"type-post","3":"status-publish","4":"format-standard","5":"has-post-thumbnail","7":"category-divertissement","8":"tag-commentaire","9":"tag-divertissement","10":"tag-entertainment","11":"tag-fr","12":"tag-france","13":"tag-glenn-viel","14":"tag-gru00e9goire-touchard-top-chef-16","15":"tag-hu00e9lu00e8ne-darroze","16":"tag-ilane-tinchant-top-chef-16","17":"tag-m6","18":"tag-paul-pairet","19":"tag-philippe-etchebest","20":"tag-stu00e9phane-rotenberg","21":"tag-stu00e9phanie-le-quellec","22":"tag-top-chef"},"share_on_mastodon":{"url":"https:\/\/pubeurope.com\/@fr\/114629082170240081","error":""},"_links":{"self":[{"href":"https:\/\/www.europesays.com\/fr\/wp-json\/wp\/v2\/posts\/153163","targetHints":{"allow":["GET"]}}],"collection":[{"href":"https:\/\/www.europesays.com\/fr\/wp-json\/wp\/v2\/posts"}],"about":[{"href":"https:\/\/www.europesays.com\/fr\/wp-json\/wp\/v2\/types\/post"}],"author":[{"embeddable":true,"href":"https:\/\/www.europesays.com\/fr\/wp-json\/wp\/v2\/users\/2"}],"replies":[{"embeddable":true,"href":"https:\/\/www.europesays.com\/fr\/wp-json\/wp\/v2\/comments?post=153163"}],"version-history":[{"count":0,"href":"https:\/\/www.europesays.com\/fr\/wp-json\/wp\/v2\/posts\/153163\/revisions"}],"wp:featuredmedia":[{"embeddable":true,"href":"https:\/\/www.europesays.com\/fr\/wp-json\/wp\/v2\/media\/153164"}],"wp:attachment":[{"href":"https:\/\/www.europesays.com\/fr\/wp-json\/wp\/v2\/media?parent=153163"}],"wp:term":[{"taxonomy":"category","embeddable":true,"href":"https:\/\/www.europesays.com\/fr\/wp-json\/wp\/v2\/categories?post=153163"},{"taxonomy":"post_tag","embeddable":true,"href":"https:\/\/www.europesays.com\/fr\/wp-json\/wp\/v2\/tags?post=153163"}],"curies":[{"name":"wp","href":"https:\/\/api.w.org\/{rel}","templated":true}]}}