{"id":15318,"date":"2025-04-10T15:47:40","date_gmt":"2025-04-10T15:47:40","guid":{"rendered":"https:\/\/www.europesays.com\/fr\/15318\/"},"modified":"2025-04-10T15:47:40","modified_gmt":"2025-04-10T15:47:40","slug":"riva-le-nouveau-resto-mediterraneen-de-strasbourg","status":"publish","type":"post","link":"https:\/\/www.europesays.com\/fr\/15318\/","title":{"rendered":"RIVA, le nouveau resto m\u00e9diterran\u00e9en de Strasbourg"},"content":{"rendered":"<p><strong>Au milieu de la Krutenau, en lieu et place de La Vie, un nouveau restaurant a r\u00e9cemment point\u00e9 son nez : son nom c\u2019est RIVA. On vous emm\u00e8ne dans un lieu qui fait la part belle aux tapas \u00e0 volont\u00e9, aux vins et aux viandes grill\u00e9es, \u00e0 l\u2019aperitivo et aux brunchs. Les gourmand(e)s et les amoureux\/ses de tabl\u00e9es bien garnies trouveront peut-\u00eatre ici leur nouvelle adresse estivale. On vous explique tout \u00e7a en d\u00e9tails.<\/strong><\/p>\n<p>Depuis quelques semaines d\u00e9j\u00e0, une nouvelle enseigne s\u2019est install\u00e9e \u00e0 la Krutenau :<strong> un restaurant lumineux aux tons ocres et bleus appel\u00e9 RIVA,<\/strong> situ\u00e9 tout proche de la place Saint-Nicolas-aux-Ondes.<\/p>\n<p>On dit bye au restaurant La Vie, et on souhaite la bienvenue \u00e0 cette adresse, <strong>qui se positionne sur des produits simples, frais, et des plats m\u00e9diterran\u00e9ens <\/strong>qui c\u00e9l\u00e8brent le soleil et l\u2019\u00e9t\u00e9.<\/p>\n<p>                <img width=\"388\" height=\"500\" src=\"https:\/\/www.europesays.com\/fr\/wp-content\/uploads\/2025\/04\/img-1229-2-388x500.jpeg\" class=\"attachment-gallery size-gallery\" alt=\"riva comptoir mediterrann\u00e9en steak tabl\u00e9e soleil IMG_1343 2\" data-full-url=\"https:\/\/pokaa.fr\/wp-content\/uploads\/2025\/04\/09\/img-1229-2.jpeg\" decoding=\"async\" loading=\"lazy\"  \/>            <\/p>\n<p>                <img width=\"389\" height=\"500\" src=\"https:\/\/www.europesays.com\/fr\/wp-content\/uploads\/2025\/04\/riva-comptoir-mediterranneen-steak-tablee-soleil-img-1343-2-389x500.jpeg\" class=\"attachment-gallery size-gallery\" alt=\"riva comptoir mediterrann\u00e9en steak tabl\u00e9e soleil IMG_1343 2\" data-full-url=\"https:\/\/pokaa.fr\/wp-content\/uploads\/2025\/04\/09\/riva-comptoir-mediterranneen-steak-tablee-soleil-img-1343-2.jpeg\" decoding=\"async\" loading=\"lazy\"  \/>            <\/p>\n<p>                <img width=\"375\" height=\"500\" src=\"https:\/\/www.europesays.com\/fr\/wp-content\/uploads\/2025\/04\/riva-comptoir-mediterranneen-steak-tablee-soleil-img-1156-375x500.jpeg\" class=\"attachment-gallery size-gallery\" alt=\"riva comptoir mediterrann\u00e9en steak tabl\u00e9e soleil IMG_1156\" data-full-url=\"https:\/\/pokaa.fr\/wp-content\/uploads\/2025\/04\/09\/riva-comptoir-mediterranneen-steak-tablee-soleil-img-1156.jpeg\" decoding=\"async\" loading=\"lazy\"  \/>            <\/p>\n<p>                <img width=\"375\" height=\"500\" src=\"https:\/\/www.europesays.com\/fr\/wp-content\/uploads\/2025\/04\/riva-comptoir-mediterranneen-steak-tablee-soleil-img-1206-2-375x500.jpeg\" class=\"attachment-gallery size-gallery\" alt=\"riva comptoir mediterrann\u00e9en steak tabl\u00e9e soleil IMG_1206 2\" data-full-url=\"https:\/\/pokaa.fr\/wp-content\/uploads\/2025\/04\/09\/riva-comptoir-mediterranneen-steak-tablee-soleil-img-1206-2.jpeg\" decoding=\"async\" loading=\"lazy\"  \/>            <\/p>\n<p>                <img width=\"375\" height=\"500\" src=\"https:\/\/www.europesays.com\/fr\/wp-content\/uploads\/2025\/04\/riva-comptoir-mediterranneen-steak-tablee-soleil-img-1147-375x500.jpeg\" class=\"attachment-gallery size-gallery\" alt=\"riva comptoir mediterrann\u00e9en steak tabl\u00e9e soleil IMG_1147\" data-full-url=\"https:\/\/pokaa.fr\/wp-content\/uploads\/2025\/04\/09\/riva-comptoir-mediterranneen-steak-tablee-soleil-img-1147.jpeg\" decoding=\"async\" loading=\"lazy\"  \/>            <\/p>\n<p>                    \u00a9 Bastien Pietronave \/ Pokaa<\/p>\n<p><strong>Des offres \u00e0 volont\u00e9 imbattables<\/strong>, une nouvelle \u00e9quipe en salle et en cuisine, <strong>une carte des vins pour toutes les bourses<\/strong>, une petite terrasse et <strong>une nouvelle d\u00e9co<\/strong>, tout a \u00e9t\u00e9 repens\u00e9<strong> pour que RIVA s\u2019anime \u00e0 toute heure <\/strong>et que les quilles de vin s\u2019entrechoquent.<\/p>\n<p>                <img width=\"667\" height=\"500\" src=\"https:\/\/www.europesays.com\/fr\/wp-content\/uploads\/2025\/04\/riva-comptoir-mediterranneen-steak-tablee-soleil-img-1329-667x500.jpeg\" class=\"attachment-gallery size-gallery\" alt=\"riva comptoir mediterrann\u00e9en steak tabl\u00e9e soleil IMG_1329\" data-full-url=\"https:\/\/pokaa.fr\/wp-content\/uploads\/2025\/04\/09\/riva-comptoir-mediterranneen-steak-tablee-soleil-img-1329.jpeg\" decoding=\"async\" loading=\"lazy\"  \/>            <\/p>\n<p>                <img width=\"387\" height=\"500\" src=\"https:\/\/www.europesays.com\/fr\/wp-content\/uploads\/2025\/04\/img-2175-387x500.jpeg\" class=\"attachment-gallery size-gallery\" alt=\"riva comptoir mediterrann\u00e9en steak tabl\u00e9e soleil IMG_1343 2\" data-full-url=\"https:\/\/pokaa.fr\/wp-content\/uploads\/2025\/04\/09\/img-2175.jpeg\" decoding=\"async\" loading=\"lazy\"  \/>            <\/p>\n<p>                <img width=\"375\" height=\"500\" src=\"https:\/\/www.europesays.com\/fr\/wp-content\/uploads\/2025\/04\/riva-comptoir-mediterranneen-steak-tablee-soleil-img-1325-375x500.jpeg\" class=\"attachment-gallery size-gallery\" alt=\"riva comptoir mediterrann\u00e9en steak tabl\u00e9e soleil IMG_1325\" data-full-url=\"https:\/\/pokaa.fr\/wp-content\/uploads\/2025\/04\/09\/riva-comptoir-mediterranneen-steak-tablee-soleil-img-1325.jpeg\" decoding=\"async\" loading=\"lazy\"  \/>            <\/p>\n<p>                <img width=\"667\" height=\"500\" src=\"https:\/\/www.europesays.com\/fr\/wp-content\/uploads\/2025\/04\/riva-comptoir-mediterranneen-steak-tablee-soleil-img-1164-667x500.jpeg\" class=\"attachment-gallery size-gallery\" alt=\"riva comptoir mediterrann\u00e9en steak tabl\u00e9e soleil IMG_1164\" data-full-url=\"https:\/\/pokaa.fr\/wp-content\/uploads\/2025\/04\/09\/riva-comptoir-mediterranneen-steak-tablee-soleil-img-1164.jpeg\" decoding=\"async\" loading=\"lazy\"  \/>            <\/p>\n<p>                    \u00a9 Bastien Pietronave \/ Pokaa<\/p>\n<p>Du soleil dans les assiettes et des offres imbattables<\/p>\n<p>Chez RIVA, le concept est simple : il faut qu\u2019il y ait de la vie, <strong>que \u00e7a mange et que \u00e7a trinque, et tant pis si \u00e7a tache.<\/strong><\/p>\n<p>Pour cela, <strong>les \u00e9quipes proposent une carte assez courte autour de plats<\/strong> <strong>simples<\/strong> comme les gnocchis au gorgonzola, les tagliatelles au saumon, les polpettes ou le filet de dorade (de 12 \u20ac \u00e0 18 \u20ac). Jusque-l\u00e0, rien de nouveau sous le soleil.<\/p>\n<p>L\u00e0 o\u00f9 \u00e7a devient int\u00e9ressant pour beaucoup de gens, <strong>c\u2019est quand l\u2019expression \u00ab \u00c0 volont\u00e9 \u00bb appara\u00eet.<\/strong><\/p>\n<p>    <img width=\"800\" height=\"600\" src=\"https:\/\/www.europesays.com\/fr\/wp-content\/uploads\/2025\/04\/riva-comptoir-mediterranneen-steak-tablee-soleil-img-1208-800x600.jpeg\" class=\"attachment-image-size-L size-image-size-L\" alt=\"riva comptoir mediterrann\u00e9en steak tabl\u00e9e soleil IMG_1208\" decoding=\"async\" loading=\"lazy\"  \/>         \u00a9 Bastien Pietronave \/ Pokaa <\/p>\n<p>En effet, chez RIVA,<strong> trois offres \u00e0 volont\u00e9 sont propos\u00e9es <\/strong>pour rassasier les estomacs, mais aussi pour <strong>permettre aux convives de go\u00fbter \u00e0 plusieurs plats.<\/strong><\/p>\n<p><strong>La premi\u00e8re offre, c\u2019est la bavette \u00e0 volont\u00e9 + frites maison pour 25 \u20ac par personne. <\/strong>Un plat avec du b\u0153uf Angus, des <strong>frites coup\u00e9es sur place<\/strong> (nature, au parmesan, au cheddar et au paprika), et <strong>un quatuor de sauces<\/strong> pour lustrer tout \u00e7a, elles aussi faites maison. Gorgonzola, poivre, spicy, b\u00e9arnaise, vous avez le choix.<\/p>\n<p>                <img width=\"375\" height=\"500\" src=\"https:\/\/www.europesays.com\/fr\/wp-content\/uploads\/2025\/04\/riva-comptoir-mediterranneen-steak-tablee-soleil-img-1368-2-375x500.jpeg\" class=\"attachment-gallery size-gallery\" alt=\"riva comptoir mediterrann\u00e9en steak tabl\u00e9e soleil IMG_1368 2\" data-full-url=\"https:\/\/pokaa.fr\/wp-content\/uploads\/2025\/04\/09\/riva-comptoir-mediterranneen-steak-tablee-soleil-img-1368-2.jpeg\" decoding=\"async\" loading=\"lazy\"  \/>            <\/p>\n<p>                <img width=\"375\" height=\"500\" src=\"https:\/\/www.europesays.com\/fr\/wp-content\/uploads\/2025\/04\/riva-comptoir-mediterranneen-steak-tablee-soleil-img-1389-2-375x500.jpeg\" class=\"attachment-gallery size-gallery\" alt=\"riva comptoir mediterrann\u00e9en steak tabl\u00e9e soleil IMG_1389 2\" data-full-url=\"https:\/\/pokaa.fr\/wp-content\/uploads\/2025\/04\/09\/riva-comptoir-mediterranneen-steak-tablee-soleil-img-1389-2.jpeg\" decoding=\"async\" loading=\"lazy\"  \/>            <\/p>\n<p>                <img width=\"375\" height=\"500\" src=\"https:\/\/www.europesays.com\/fr\/wp-content\/uploads\/2025\/04\/riva-comptoir-mediterranneen-steak-tablee-soleil-img-1186-375x500.jpeg\" class=\"attachment-gallery size-gallery\" alt=\"riva comptoir mediterrann\u00e9en steak tabl\u00e9e soleil IMG_1186\" data-full-url=\"https:\/\/pokaa.fr\/wp-content\/uploads\/2025\/04\/09\/riva-comptoir-mediterranneen-steak-tablee-soleil-img-1186.jpeg\" decoding=\"async\" loading=\"lazy\"  \/>            <\/p>\n<p>                    \u00a9 Bastien Pietronave \/ Pokaa<\/p>\n<p>La seconde offre, <strong>c\u2019est la formule tapas \u00e0 volont\u00e9 \u00e0 29 \u20ac par personne.<\/strong> En tout, vous pouvez <strong>croquer dans 12 recettes de tapas. <\/strong>Charcuterie, fromages<strong>, saumon fum\u00e9 et cr\u00e8me \u00e0 l\u2019aneth<\/strong>, artichaut en persillade, involtini \u00e0 la ricotta, piquillos farcis, <strong>scampis ou crispy chicken,<\/strong> la voie est libre jusqu\u2019\u00e0 plus faim.<\/p>\n<p>                <img width=\"375\" height=\"500\" src=\"https:\/\/www.europesays.com\/fr\/wp-content\/uploads\/2025\/04\/riva-comptoir-mediterranneen-steak-tablee-soleil-img-1349-375x500.jpeg\" class=\"attachment-gallery size-gallery\" alt=\"riva comptoir mediterrann\u00e9en steak tabl\u00e9e soleil IMG_1349\" data-full-url=\"https:\/\/pokaa.fr\/wp-content\/uploads\/2025\/04\/09\/riva-comptoir-mediterranneen-steak-tablee-soleil-img-1349.jpeg\" decoding=\"async\" loading=\"lazy\"  \/>            <\/p>\n<p>                <img width=\"375\" height=\"500\" src=\"https:\/\/www.europesays.com\/fr\/wp-content\/uploads\/2025\/04\/riva-comptoir-mediterranneen-steak-tablee-soleil-img-1309-375x500.jpeg\" class=\"attachment-gallery size-gallery\" alt=\"riva comptoir mediterrann\u00e9en steak tabl\u00e9e soleil IMG_1309\" data-full-url=\"https:\/\/pokaa.fr\/wp-content\/uploads\/2025\/04\/09\/riva-comptoir-mediterranneen-steak-tablee-soleil-img-1309.jpeg\" decoding=\"async\" loading=\"lazy\"  \/>            <\/p>\n<p>                <img width=\"389\" height=\"500\" src=\"https:\/\/www.europesays.com\/fr\/wp-content\/uploads\/2025\/04\/riva-comptoir-mediterranneen-steak-tablee-soleil-img-1341-389x500.jpeg\" class=\"attachment-gallery size-gallery\" alt=\"riva comptoir mediterrann\u00e9en steak tabl\u00e9e soleil IMG_1341\" data-full-url=\"https:\/\/pokaa.fr\/wp-content\/uploads\/2025\/04\/09\/riva-comptoir-mediterranneen-steak-tablee-soleil-img-1341.jpeg\" decoding=\"async\" loading=\"lazy\"  \/>            <\/p>\n<p>                <img width=\"375\" height=\"500\" src=\"https:\/\/www.europesays.com\/fr\/wp-content\/uploads\/2025\/04\/riva-comptoir-mediterranneen-steak-tablee-soleil-img-1318-375x500.jpeg\" class=\"attachment-gallery size-gallery\" alt=\"riva comptoir mediterrann\u00e9en steak tabl\u00e9e soleil IMG_1318\" data-full-url=\"https:\/\/pokaa.fr\/wp-content\/uploads\/2025\/04\/09\/riva-comptoir-mediterranneen-steak-tablee-soleil-img-1318.jpeg\" decoding=\"async\" loading=\"lazy\"  \/>            <\/p>\n<p>                    \u00a9 Bastien Pietronave \/ Pokaa<\/p>\n<p>La troisi\u00e8me offre, c\u2019est l\u2019aperitivo, <strong>un buffet d\u2019antipasti \u00e0 volont\u00e9 + un verre de vin pour 15 \u20ac<\/strong> (de 18h \u00e0 20h, du mardi au samedi). Pas mal, non ?<\/p>\n<p>Et puisque les beaux jours nous aident aussi \u00e0 nous lever plus t\u00f4t pour profiter des plaisirs de la vie,<strong> un brunch fera son apparition d\u00e8s le dimanche 27 avril<\/strong>. Pour l\u2019instant, on sait juste qu\u2019il sera propos\u00e9 <strong>sous forme de buffet \u00e0 volont\u00e9 pour moins de 30 \u20ac.<\/strong><\/p>\n<p>                <img width=\"375\" height=\"500\" src=\"https:\/\/www.europesays.com\/fr\/wp-content\/uploads\/2025\/04\/riva-comptoir-mediterranneen-steak-tablee-soleil-img-1193-375x500.jpeg\" class=\"attachment-gallery size-gallery\" alt=\"riva comptoir mediterrann\u00e9en steak tabl\u00e9e soleil IMG_1193\" data-full-url=\"https:\/\/pokaa.fr\/wp-content\/uploads\/2025\/04\/09\/riva-comptoir-mediterranneen-steak-tablee-soleil-img-1193.jpeg\" decoding=\"async\" loading=\"lazy\"  \/>            <\/p>\n<p>                <img width=\"375\" height=\"500\" src=\"https:\/\/www.europesays.com\/fr\/wp-content\/uploads\/2025\/04\/riva-comptoir-mediterranneen-steak-tablee-soleil-img-1363-375x500.jpeg\" class=\"attachment-gallery size-gallery\" alt=\"riva comptoir mediterrann\u00e9en steak tabl\u00e9e soleil IMG_1363\" data-full-url=\"https:\/\/pokaa.fr\/wp-content\/uploads\/2025\/04\/09\/riva-comptoir-mediterranneen-steak-tablee-soleil-img-1363.jpeg\" decoding=\"async\" loading=\"lazy\"  \/>            <\/p>\n<p>                <img width=\"375\" height=\"500\" src=\"https:\/\/www.europesays.com\/fr\/wp-content\/uploads\/2025\/04\/riva-comptoir-mediterranneen-steak-tablee-soleil-img-1197-375x500.jpeg\" class=\"attachment-gallery size-gallery\" alt=\"riva comptoir mediterrann\u00e9en steak tabl\u00e9e soleil IMG_1197\" data-full-url=\"https:\/\/pokaa.fr\/wp-content\/uploads\/2025\/04\/09\/riva-comptoir-mediterranneen-steak-tablee-soleil-img-1197.jpeg\" decoding=\"async\" loading=\"lazy\"  \/>            <\/p>\n<p>                <img width=\"375\" height=\"500\" src=\"https:\/\/www.europesays.com\/fr\/wp-content\/uploads\/2025\/04\/riva-comptoir-mediterranneen-steak-tablee-soleil-img-1299-375x500.jpeg\" class=\"attachment-gallery size-gallery\" alt=\"riva comptoir mediterrann\u00e9en steak tabl\u00e9e soleil IMG_1299\" data-full-url=\"https:\/\/pokaa.fr\/wp-content\/uploads\/2025\/04\/09\/riva-comptoir-mediterranneen-steak-tablee-soleil-img-1299.jpeg\" decoding=\"async\" loading=\"lazy\"  \/>            <\/p>\n<p>                <img width=\"375\" height=\"500\" src=\"https:\/\/www.europesays.com\/fr\/wp-content\/uploads\/2025\/04\/riva-comptoir-mediterranneen-steak-tablee-soleil-img-1202-2-375x500.jpeg\" class=\"attachment-gallery size-gallery\" alt=\"riva comptoir mediterrann\u00e9en steak tabl\u00e9e soleil IMG_1202 2\" data-full-url=\"https:\/\/pokaa.fr\/wp-content\/uploads\/2025\/04\/09\/riva-comptoir-mediterranneen-steak-tablee-soleil-img-1202-2.jpeg\" decoding=\"async\" loading=\"lazy\"  \/>            <\/p>\n<p>                    \u00a9 Bastien Pietronave \/ Pokaa<\/p>\n<p>C\u00f4t\u00e9 vins, l\u00e0 aussi, <strong>il y en a pour toutes les bourses<\/strong>, car l\u2019\u00e9quipe s\u2019est amus\u00e9e \u00e0 proposer <strong>une carte en trois parties.<\/strong><\/p>\n<p>La premi\u00e8re est d\u00e9di\u00e9e aux <strong>\u00ab\u00a0Quilles des Copains\u00a0\u00bb<\/strong>, avec des propositions de 24 \u00e0 35 \u20ac la bouteille. La deuxi\u00e8me partie est quant \u00e0 elle r\u00e9serv\u00e9e aux<strong> \u00ab Bouteilles de Papa \u00bb<\/strong>, avec des prix allant de 42 \u00e0 62 \u20ac. La troisi\u00e8me, <strong>\u00ab Les Flacons de Tonton \u00bb<\/strong>, met en lumi\u00e8re des vins d\u2019exception allant de 84 \u00e0 135 \u20ac la bouteille. La majorit\u00e9 de ces vins sont \u00e9galement propos\u00e9s au verre.<\/p>\n<p>    <img width=\"800\" height=\"600\" src=\"https:\/\/www.europesays.com\/fr\/wp-content\/uploads\/2025\/04\/riva-comptoir-mediterranneen-steak-tablee-soleil-img-1171-800x600.jpeg\" class=\"attachment-image-size-L size-image-size-L\" alt=\"riva comptoir mediterrann\u00e9en steak tabl\u00e9e soleil IMG_1171\" decoding=\"async\" loading=\"lazy\"  \/>         \u00a9 Bastien Pietronave \/ Pokaa <\/p>\n<p>Vous l\u2019avez compris, il y a eu du changement \u00e0 la Krutenau, <strong>et RIVA d\u00e9barque avec des arguments de choix qui devraient plaire aux Strasbourgeois(es).<\/strong><\/p>\n<p>Que ce soit <strong>en terrasse \u00e0 l\u2019ombre des parasols<\/strong>, dans la salle qui a \u00e9t\u00e9 totalement repens\u00e9e (et red\u00e9cor\u00e9e), RIVA souhaite avant tout <strong>rassembler les Alsacien(ne)s autour de belles tabl\u00e9es et de bons petits plats.<\/strong><\/p>\n<p><strong>Et vous, le concept vous int\u00e9resse ?\u00a0<\/strong><\/p>\n<p>                <img width=\"375\" height=\"500\" src=\"https:\/\/www.europesays.com\/fr\/wp-content\/uploads\/2025\/04\/riva-comptoir-mediterranneen-steak-tablee-soleil-img-1378-375x500.jpeg\" class=\"attachment-gallery size-gallery\" alt=\"riva comptoir mediterrann\u00e9en steak tabl\u00e9e soleil IMG_1378\" data-full-url=\"https:\/\/pokaa.fr\/wp-content\/uploads\/2025\/04\/09\/riva-comptoir-mediterranneen-steak-tablee-soleil-img-1378.jpeg\" decoding=\"async\" loading=\"lazy\"  \/>            <\/p>\n<p>                <img width=\"375\" height=\"500\" src=\"https:\/\/www.europesays.com\/fr\/wp-content\/uploads\/2025\/04\/riva-comptoir-mediterranneen-steak-tablee-soleil-img-1364-375x500.jpeg\" class=\"attachment-gallery size-gallery\" alt=\"riva comptoir mediterrann\u00e9en steak tabl\u00e9e soleil IMG_1364\" data-full-url=\"https:\/\/pokaa.fr\/wp-content\/uploads\/2025\/04\/09\/riva-comptoir-mediterranneen-steak-tablee-soleil-img-1364.jpeg\" decoding=\"async\" loading=\"lazy\"  \/>            <\/p>\n<p>                <img width=\"375\" height=\"500\" src=\"https:\/\/www.europesays.com\/fr\/wp-content\/uploads\/2025\/04\/riva-comptoir-mediterranneen-steak-tablee-soleil-img-1336-2-375x500.jpeg\" class=\"attachment-gallery size-gallery\" alt=\"riva comptoir mediterrann\u00e9en steak tabl\u00e9e soleil IMG_1336 2\" data-full-url=\"https:\/\/pokaa.fr\/wp-content\/uploads\/2025\/04\/09\/riva-comptoir-mediterranneen-steak-tablee-soleil-img-1336-2.jpeg\" decoding=\"async\" loading=\"lazy\"  \/>            <\/p>\n<p>                <img width=\"667\" height=\"500\" src=\"https:\/\/www.europesays.com\/fr\/wp-content\/uploads\/2025\/04\/riva-comptoir-mediterranneen-steak-tablee-soleil-img-1183-667x500.jpeg\" class=\"attachment-gallery size-gallery\" alt=\"riva comptoir mediterrann\u00e9en steak tabl\u00e9e soleil IMG_1183\" data-full-url=\"https:\/\/pokaa.fr\/wp-content\/uploads\/2025\/04\/09\/riva-comptoir-mediterranneen-steak-tablee-soleil-img-1183.jpeg\" decoding=\"async\" loading=\"lazy\"  \/>            <\/p>\n<p>                <img width=\"375\" height=\"500\" src=\"https:\/\/www.europesays.com\/fr\/wp-content\/uploads\/2025\/04\/riva-comptoir-mediterranneen-steak-tablee-soleil-img-1152-375x500.jpeg\" class=\"attachment-gallery size-gallery\" alt=\"riva comptoir mediterrann\u00e9en steak tabl\u00e9e soleil IMG_1152\" data-full-url=\"https:\/\/pokaa.fr\/wp-content\/uploads\/2025\/04\/09\/riva-comptoir-mediterranneen-steak-tablee-soleil-img-1152.jpeg\" decoding=\"async\" loading=\"lazy\"  \/>            <\/p>\n<p>                    \u00a9 Bastien Pietronave \/ Pokaa<\/p>\n<p>Les petits et les gros + <\/p>\n<ul>\n<li><strong>Le rapport qualit\u00e9-prix des offres \u00e0 volont\u00e9 semble imbattable, celles et ceux qui aiment s\u2019en mettre plein la panse seront servi(e)s.<\/strong><\/li>\n<li>Le restaurant s\u2019est refait une beaut\u00e9 et c\u2019est plut\u00f4t r\u00e9ussi.<\/li>\n<li><strong>Une partie bar pour un verre au comptoir, une mezzanine pour plus d\u2019intimit\u00e9, ou une salle confortable pour de belles tabl\u00e9es, le restaurant se divise en plusieurs univers.<\/strong><\/li>\n<li><strong>La s\u00e9lection des vins est large et tr\u00e8s diversifi\u00e9e, il y en a pour tous les gouts et en plus la plupart des r\u00e9f\u00e9rences sont disponibles au verre.<\/strong><\/li>\n<li>La terrasse est plut\u00f4t sympatoche.<\/li>\n<li>La carte d\u2019antipasti va changer tr\u00e8s r\u00e9guli\u00e8rement pour apporter de la diversit\u00e9.<\/li>\n<li><strong>Les offres v\u00e9g\u00e9tariennes sont bien pr\u00e9sentes sur la carte.<\/strong><\/li>\n<li>Escalope milanaise g\u00e9ante, tartare \u00e0 volont\u00e9 en plusieurs fa\u00e7ons, il va tr\u00e8s vite y a avoir du nouveau dans les prochaines semaines.<\/li>\n<\/ul>\n<p>            RIVA <\/p>\n<p>            Quoi ?<br \/>\n            Restaurant \/ bar \u00e0 vins et \u00e0 tapas         <\/p>\n<p>            o\u00f9 ?<br \/>\n            3 rue des Planches, \u00e0 Strasbourg        <\/p>\n<p>                Plus d&rsquo;infos ?<\/p>\n<p><strong><a href=\"https:\/\/www.google.com\/url?sa=t&amp;source=web&amp;rct=j&amp;opi=89978449&amp;url=https:\/\/rivastrasbourg.fr\/&amp;ved=2ahUKEwjqn-LX4sqMAxW0RKQEHZuRFhIQFnoECDkQAQ&amp;usg=AOvVaw1FhbfNvpGUkNMKX-CSE2M0\" target=\"_blank\" rel=\"noopener\">Le site web<\/a><\/strong><\/p>\n<p><strong><a href=\"https:\/\/www.google.com\/url?sa=t&amp;source=web&amp;rct=j&amp;opi=89978449&amp;url=https:\/\/www.facebook.com\/lavierestaurant.fr\/%3Flocale%3Dfr_FR&amp;ved=2ahUKEwjqn-LX4sqMAxW0RKQEHZuRFhIQFnoECEQQAQ&amp;usg=AOvVaw10oCFGqYdTOOnyhSeNHKUF\" target=\"_blank\" rel=\"noopener\">La page Facebook<\/a><\/strong><\/p>\n<p><strong><a href=\"https:\/\/www.google.com\/url?sa=t&amp;source=web&amp;rct=j&amp;opi=89978449&amp;url=https:\/\/www.instagram.com\/riva.strasbourg\/&amp;ved=2ahUKEwjqn-LX4sqMAxW0RKQEHZuRFhIQFnoECDMQAQ&amp;usg=AOvVaw2419_zkHMa0Ham3BErEEJu\" target=\"_blank\" rel=\"noopener\">La page Instagram<\/a><\/strong><\/p>\n<p>Tel : 06 81 27 33 43<\/p>\n<p><script async src=\"\/\/www.instagram.com\/embed.js\"><\/script><\/p>\n","protected":false},"excerpt":{"rendered":"Au milieu de la Krutenau, en lieu et place de La Vie, un nouveau restaurant a r\u00e9cemment point\u00e9&hellip;\n","protected":false},"author":2,"featured_media":15319,"comment_status":"","ping_status":"","sticky":false,"template":"","format":"standard","meta":{"footnotes":""},"categories":[2820],"tags":[1111,11,1777,674,1011,27,775,6448,12,25,1340,6449,640],"class_list":{"0":"post-15318","1":"post","2":"type-post","3":"status-publish","4":"format-standard","5":"has-post-thumbnail","7":"category-strasbourg","8":"tag-actu","9":"tag-actualites","10":"tag-eu","11":"tag-europe","12":"tag-fr","13":"tag-france","14":"tag-grand-est","15":"tag-mediteranneen","16":"tag-news","17":"tag-republique-francaise","18":"tag-restaurant","19":"tag-riva","20":"tag-strasbourg"},"share_on_mastodon":{"url":"https:\/\/pubeurope.com\/@fr\/114314454476550656","error":""},"_links":{"self":[{"href":"https:\/\/www.europesays.com\/fr\/wp-json\/wp\/v2\/posts\/15318","targetHints":{"allow":["GET"]}}],"collection":[{"href":"https:\/\/www.europesays.com\/fr\/wp-json\/wp\/v2\/posts"}],"about":[{"href":"https:\/\/www.europesays.com\/fr\/wp-json\/wp\/v2\/types\/post"}],"author":[{"embeddable":true,"href":"https:\/\/www.europesays.com\/fr\/wp-json\/wp\/v2\/users\/2"}],"replies":[{"embeddable":true,"href":"https:\/\/www.europesays.com\/fr\/wp-json\/wp\/v2\/comments?post=15318"}],"version-history":[{"count":0,"href":"https:\/\/www.europesays.com\/fr\/wp-json\/wp\/v2\/posts\/15318\/revisions"}],"wp:featuredmedia":[{"embeddable":true,"href":"https:\/\/www.europesays.com\/fr\/wp-json\/wp\/v2\/media\/15319"}],"wp:attachment":[{"href":"https:\/\/www.europesays.com\/fr\/wp-json\/wp\/v2\/media?parent=15318"}],"wp:term":[{"taxonomy":"category","embeddable":true,"href":"https:\/\/www.europesays.com\/fr\/wp-json\/wp\/v2\/categories?post=15318"},{"taxonomy":"post_tag","embeddable":true,"href":"https:\/\/www.europesays.com\/fr\/wp-json\/wp\/v2\/tags?post=15318"}],"curies":[{"name":"wp","href":"https:\/\/api.w.org\/{rel}","templated":true}]}}