{"id":153193,"date":"2025-06-05T05:38:20","date_gmt":"2025-06-05T05:38:20","guid":{"rendered":"https:\/\/www.europesays.com\/fr\/153193\/"},"modified":"2025-06-05T05:38:20","modified_gmt":"2025-06-05T05:38:20","slug":"que-faire-a-grenoble-ce-week-end-samedi-7-et-dimanche-8-juin-2025-2","status":"publish","type":"post","link":"https:\/\/www.europesays.com\/fr\/153193\/","title":{"rendered":"Que faire \u00e0 Grenoble ce week-end (samedi 7 et dimanche 8 juin 2025) ?"},"content":{"rendered":"<p>Voici une s\u00e9lection d&rsquo;\u00e9v\u00e9nements et d&rsquo;animations \u00e0 ne pas manquer ce <strong>week-end<\/strong> de <strong>samedi 7 <\/strong>et ce <strong>dimanche 8 juin 2025 <\/strong>&#8211; et m\u00eame <strong>vendredi 6 juin<\/strong> en soir\u00e9e &#8211; \u00e0 <strong>Grenoble <\/strong>et alentour. <\/p>\n<p>Rencontrer Rapha\u00ebl Quenard \u00e0 Grenoble <\/p>\n<p>L&rsquo;acteur, r\u00e9alisateur, sc\u00e9nariste et d\u00e9sormais \u00e9crivain is\u00e9rois, <strong>Rapha\u00ebl Quenard<\/strong>, sera pr\u00e9sent \u00e0 <strong>Grenoble <\/strong>ce vendredi 6 juin 2025, \u00e0 l&rsquo;occasion de deux \u00e9v\u00e9nements. <\/p>\n<p>Il viendra d\u00e9dicacer son roman Clamser \u00e0 Tatatouine, \u00e9dit\u00e9 chez Flammarion, \u00e0 la <strong>librairie Le Square<\/strong>, de 19h \u00e0 20h30. Puis \u00e0 21h, il sera au <a href=\"https:\/\/mesinfos.fr\/38000-grenoble\/cinema-le-club-a-grenoble-des-avant-premieres-surprises-un-mardi-par-mois-205879.html\" rel=\"noopener\" target=\"_blank\">cin\u00e9ma le Club <\/a>pour pr\u00e9senter en avant-premi\u00e8re son <strong>premier long-m\u00e9trage<\/strong> (qui reste malgr\u00e9 tout assez court avec une dur\u00e9e d&rsquo;une heure huit), cor\u00e9alis\u00e9 avec Hugo David, qui sortira en salles le 9 juillet : I Love Peru ! <\/p>\n<p><strong>Pratique<\/strong> <\/p>\n<p>Librairie le Square, 2 place du Dr-L\u00e9on-Martin \u00e0 Grenoble. R\u00e9servations : 04\u00a076\u00a046\u00a061\u00a063 ou <a href=\"http:\/\/mesinfos.fr\/cdn-cgi\/l\/email-protection#5c2e392f392e2a3d283533321c30353e2e3d352e353930392f2d293d2e39723a2e\" rel=\"noopener\" target=\"_blank\">[email\u00a0protected]<\/a> <\/p>\n<p>Cin\u00e9ma Le Club, 9 B rue du Phalanst\u00e8re \u00e0 Grenoble. Renseignements : <a href=\"https:\/\/www.cinemaleclub.com\/evenement-1210.html\" rel=\"noopener\" target=\"_blank\">ici<\/a>.<\/p>\n<p>  Faire un karaok\u00e9 et participer \u00e0 un bal populaire \u00e0 la MC2 de Grenoble <img decoding=\"async\" alt=\"\" data-zoomable=\"\" height=\"1501\" loading=\"lazy\" src=\"https:\/\/www.europesays.com\/fr\/wp-content\/uploads\/2025\/06\/img-20250514-210954.jpg\" title=\"\u00a9 Thomas Richardson - La MC2 de Grenoble est en f\u00eate tout le mois de juin, et en particulier ce week-end.\" width=\"2000\"\/> \u00a9 Thomas Richardson &#8211; La MC2 de Grenoble est en f\u00eate tout le mois de juin, et en particulier ce week-end. <\/p>\n<p>La <strong>MC2 <\/strong>encha\u00eene les \u00e9v\u00e9nements festifs gratuits en juin, et en particulier ce week-end. D&rsquo;abord, ce vendredi 6 juin \u00e0 partir de 21h30, elle organise un <strong>karaok\u00e9 <\/strong>festif <strong>sp\u00e9cial cin\u00e9ma<\/strong> : l&rsquo;occasion, durant trois heures, de pousser la chansonnette sur ses musiques et chansons de films pr\u00e9f\u00e9r\u00e9es.<\/p>\n<p>Le second aura lieu samedi 7 juin, \u00e0 partir de 18h30, dans le jardin de la MC2, avec un <strong>bal populaire<\/strong> et interg\u00e9n\u00e9rationnel, \u00ab\u00a0une grande f\u00eate chor\u00e9graphique ouverte \u00e0 tous\u00a0\u00bb. <\/p>\n<p><strong>Pratique<\/strong> <\/p>\n<p>Karaok\u00e9 sp\u00e9cial cin\u00e9ma, vendredi 6 juin \u00e0 21h30 \u00e0 la la Cantine de la MC2, puis samedi 7 juin \u00e0 18h30, bal populaire dans le jardin de la MC2. Gratuit. Renseignements : <a href=\"https:\/\/www.mc2grenoble.fr\/mc2-en-fete-un-mois-de-juin-vibrant-a-la-mc2\/\" rel=\"noopener\" target=\"_blank\">ici<\/a>.<\/p>\n<p>  Assister aux concerts en famille de la premi\u00e8re \u00e9dition du festival FamiPhonie \u00e0 Grenoble <\/p>\n<p>Le <strong>Caf\u00e9 des Arts<\/strong> \u00e0 Grenoble organise la premi\u00e8re \u00e9dition du<strong> festival FamiPhonie<\/strong> du 6 au 8 juin. Le principe : des personnes de tous \u00e2ges pratiquant la musique en famille, et des personnes de tous \u00e2ges pour les \u00e9couter. <\/p>\n<p>Au programme :<\/p>\n<ul>\n<li>vendredi 6 juin \u00e0 20h30 : <strong>HasinAkis<\/strong>, rencontre entre la musique classique et le jazz avec deux pianistes : Alice Rosset et Jan-Christophe Kotsiras. <\/li>\n<li>Samedi 7 juin \u00e0 15h : place Saint-Laurent : <strong>animation musicale gratuite <\/strong>avec Alice Rosset. A 20h : concert de la <strong>famille Mervant<\/strong> (violoncelle, piano et violon) autour de morceaux de Corelli, Dvorak, Gluck, Sarasate, Haydn, Monteverdi. Puis concert de <strong>Frangins<\/strong>, 45 minutes de rock. <\/li>\n<li>Dimanche 8 juin \u00e0 16h : <strong>sc\u00e8ne ouverte<\/strong> libre, inscriptions sur place, puis \u00e0 19h, <strong>concert de cl\u00f4ture <\/strong>avec <strong>les Jumelles volcaniques en trio<\/strong> (musiques du monde et chansons).<\/li>\n<\/ul>\n<p><strong>Pratique<\/strong> <\/p>\n<p>Festival Famiphonie, au Caf\u00e9 des Arts, 36, rue Saint-Laurent \u00e0 Grenoble, du vendredi 6 au dimanche 8 juin. Renseignements et r\u00e9servations : <a class=\"invalid-link\" href=\"http:\/\/www.lecafedesarts38.fr\/famiphonie.html\" rel=\"noopener\" target=\"_blank\">ici<\/a>.<\/p>\n<p>  Faire un tour du monde culturel \u00e0 Vif <\/p>\n<p>Vendredi 6 et samedi 7 juin, se d\u00e9roulera la 14e \u00e9dition du <strong>festival du Mouvement <\/strong>dans le parc Champollion \u00e0 <strong>Vif<\/strong>. Au programme : des rythmes d&rsquo;Afrique aux danses d&rsquo;Europe\u00a0en passant par les couleurs de l&rsquo;Inde et les traditions d&rsquo;Am\u00e9rique centrale, soit un v\u00e9ritable tour du monde culturel accessible \u00e0 tous et gratuit. <\/p>\n<p>Rendez-vous au <strong>parc Champollion<\/strong> vendredi soir de 19h \u00e0 22h, puis samedi de 20h \u00e0 23 h, avec notamment<strong> Le Supershow<\/strong>, un <strong>spectacle de feu et de pyrotechnie<\/strong> dans un univers electro hip-hop en cl\u00f4ture le samedi soir. <\/p>\n<p>Une <strong>d\u00e9ambulation <\/strong>est \u00e9galement programm\u00e9e le samedi de 15h \u00e0 17h15 depuis la mairie avec diff\u00e9rentes associations de danse et la batucada de l&rsquo;AMV. <\/p>\n<p><strong>Pratique<\/strong> <\/p>\n<p>Festival du mouvement au parc Champollion \u00e0 Vif, vendredi 6 et samedi 7 juin 2025. Renseignements : <a href=\"https:\/\/ville-vif.fr\/festival-du-mouvement\/\" rel=\"noopener\" target=\"_blank\">ici<\/a>.\u00a0<\/p>\n<p>  Aller \u00e0 a rencontre d&rsquo;auteurs de BD <\/p>\n<p>Le <strong>festival de la BD de Grenoble <\/strong>se d\u00e9roulera samedi 7 et dimanche 8 juin \u00e0 <strong>Cap Berriat<\/strong> \u00e0 Grenoble. <\/p>\n<p>Au programme : rencontre avec les auteurs et artistes pr\u00e9sents (Layla Benabid, \u00c9tienne Friess, Coline Picaud, Arnaud Boutle, Maylis Daufresne, Carole Godet, Sherif Nagati, Holo, Nicolas Rouvi\u00e8re, Nicolas Julo, Bart BD, Pablo Vasquez, Gianenrico Bonacorsi, Carole Dubreuil, Jipeg Dessin\u2026)<\/p>\n<p>Parmi les animations : <strong>tables rondes<\/strong> sur le th\u00e8me <strong>Ecrire un sc\u00e9nario<\/strong> le samedi \u00e0 15h, <strong>La BD engag\u00e9e<\/strong> le dimanche \u00e0 14h.<strong> Ateliers de dessin<\/strong> le dimanche \u00e0 11h et \u00e0 16h. <strong>Concert dessin\u00e9<\/strong> \u00e0 20h avec Jean Feutre et <strong>blind test<\/strong> avec Tartifun TV. <\/p>\n<p><strong>Pratique<\/strong> <\/p>\n<p>Festival de BD de Grenoble, samedi 7 et dimanche 8 juin 2025 \u00e0 Cap Berriat, 21 rue Boucher-de-Perthes \u00e0 Grenoble. Prix libre \u00e0 l&rsquo;entr\u00e9e du festival. Renseignements : <a href=\"https:\/\/www.helloasso.com\/associations\/grenoble-bd\/formulaires\/2?fbclid=IwY2xjawJwYmpleHRuA2FlbQIxMAABHmb6NNJF8u9ShmPDigI6xioKg82oYm3622hAUoc3wtt38nzOTUpgv5vRT_9x_aem_nkPcfm_ntH0MvKuU8yzzkw\" rel=\"noopener\" target=\"_blank\">ici<\/a>.\u00a0<\/p>\n<p> O\u00f9 chiner \u00e0 Grenoble et alentour <\/p>\n<ul>\n<li>Samedi 7 juin, de 8h \u00e0 17h : <strong>brocante <\/strong>du quartier Hoche, place Andr\u00e9-Malraux, \u00e0 Grenoble. <\/li>\n<li>Samedi 7 juin, de 7h \u00e0 18h : <strong>vide-greniers,<\/strong> place Edmond-Arnaud, \u00e0 Grenoble. <\/li>\n<li>Samedi 7 juin, de 9h \u00e0 13 h : brocante des jeunes, au parc Jean-Moulin, \u00e0 Fontaine. <\/li>\n<li>Dimanche 8 juin, de 6h \u00e0 14h : vide-greniers de l&rsquo;esplanade, 16, boulevard de l&rsquo;Esplanade, \u00e0 Grenoble. <\/li>\n<li>Dimanche 8 juin, de 8h \u00e0 18h : vide-greniers et vente de vinyles, 20 bis, rue Barnave, \u00e0 Saint-Martin-d&rsquo;H\u00e8res.<\/li>\n<\/ul>\n","protected":false},"excerpt":{"rendered":"Voici une s\u00e9lection d&rsquo;\u00e9v\u00e9nements et d&rsquo;animations \u00e0 ne pas manquer ce week-end de samedi 7 et ce dimanche&hellip;\n","protected":false},"author":2,"featured_media":153078,"comment_status":"","ping_status":"","sticky":false,"template":"","format":"standard","meta":{"footnotes":""},"categories":[9566],"tags":[1111,11,2430,9993,650,4156,5972,1777,674,1011,27,2731,12,28268,25,3365],"class_list":{"0":"post-153193","1":"post","2":"type-post","3":"status-publish","4":"format-standard","5":"has-post-thumbnail","7":"category-grenoble","8":"tag-actu","9":"tag-actualites","10":"tag-auvergne-rhone-alpes","11":"tag-bd","12":"tag-cinema","13":"tag-concerts","14":"tag-danse","15":"tag-eu","16":"tag-europe","17":"tag-fr","18":"tag-france","19":"tag-grenoble","20":"tag-news","21":"tag-raphau00ebl-quenard","22":"tag-republique-francaise","23":"tag-vide-greniers"},"share_on_mastodon":{"url":"https:\/\/pubeurope.com\/@fr\/114629148971872753","error":""},"_links":{"self":[{"href":"https:\/\/www.europesays.com\/fr\/wp-json\/wp\/v2\/posts\/153193","targetHints":{"allow":["GET"]}}],"collection":[{"href":"https:\/\/www.europesays.com\/fr\/wp-json\/wp\/v2\/posts"}],"about":[{"href":"https:\/\/www.europesays.com\/fr\/wp-json\/wp\/v2\/types\/post"}],"author":[{"embeddable":true,"href":"https:\/\/www.europesays.com\/fr\/wp-json\/wp\/v2\/users\/2"}],"replies":[{"embeddable":true,"href":"https:\/\/www.europesays.com\/fr\/wp-json\/wp\/v2\/comments?post=153193"}],"version-history":[{"count":0,"href":"https:\/\/www.europesays.com\/fr\/wp-json\/wp\/v2\/posts\/153193\/revisions"}],"wp:featuredmedia":[{"embeddable":true,"href":"https:\/\/www.europesays.com\/fr\/wp-json\/wp\/v2\/media\/153078"}],"wp:attachment":[{"href":"https:\/\/www.europesays.com\/fr\/wp-json\/wp\/v2\/media?parent=153193"}],"wp:term":[{"taxonomy":"category","embeddable":true,"href":"https:\/\/www.europesays.com\/fr\/wp-json\/wp\/v2\/categories?post=153193"},{"taxonomy":"post_tag","embeddable":true,"href":"https:\/\/www.europesays.com\/fr\/wp-json\/wp\/v2\/tags?post=153193"}],"curies":[{"name":"wp","href":"https:\/\/api.w.org\/{rel}","templated":true}]}}