{"id":153194,"date":"2025-06-05T05:39:11","date_gmt":"2025-06-05T05:39:11","guid":{"rendered":"https:\/\/www.europesays.com\/fr\/153194\/"},"modified":"2025-06-05T05:39:11","modified_gmt":"2025-06-05T05:39:11","slug":"un-garcon-recherche-pour-jouer-le-role-principal-dun-telefilm-france-tv","status":"publish","type":"post","link":"https:\/\/www.europesays.com\/fr\/153194\/","title":{"rendered":"un gar\u00e7on recherch\u00e9 pour jouer le r\u00f4le principal d&rsquo;un t\u00e9l\u00e9film France TV"},"content":{"rendered":"<p>            Par<br \/>\n        <strong><br \/>\n            <a href=\"https:\/\/actu.fr\/auteur\/laurene-fertin\" title=\"Consulter tous les articles de Laur\u00e8ne Fertin\" target=\"_blank\" rel=\"noopener\">Laur\u00e8ne Fertin<\/a><br \/>\n        <\/strong><\/p>\n<p>        Publi\u00e9 le<\/p>\n<p>            5 juin 2025 \u00e0 7h02        <\/p>\n<p>Pour le tournage d\u2019un t\u00e9l\u00e9film France TV, intitul\u00e9 Notre fils et r\u00e9alis\u00e9e par la Rennaise Elsa Blayau, <strong>un jeune gar\u00e7on<\/strong> est recherch\u00e9 pour jouer <strong>le r\u00f4le principal<\/strong>.<\/p>\n<p class=\" wall-content\">Le tournage aura lieu <strong>du 9\u00a0octobre au 6\u00a0novembre<\/strong> \u00e0 <strong>Rennes<\/strong> et ses alentours.<\/p>\n<p>Le synopsis<\/p>\n<p class=\" wall-content\">L\u2019histoire de Notre fils raconte <strong>le parcours sem\u00e9 d\u2019emb\u00fbches de Romain et Antoine<\/strong>, un couple homosexuel, engag\u00e9 dans une longue et difficile <strong>proc\u00e9dure d\u2019adoption.<\/strong><\/p>\n<p class=\" wall-content\">Apr\u00e8s cinq ans d\u2019attente, ils voient leur demande d\u2019adoption <strong>bloqu\u00e9e<\/strong> pour des raisons essentiellement soci\u00e9tales\u2009: la r\u00e9sistance du syst\u00e8me \u00e0 confier des enfants \u00e0 un couple d\u2019hommes, notamment pour les adoptions dites \u00ab\u2009tardives\u2009\u00bb. Malgr\u00e9 leur amour sinc\u00e8re et leur d\u00e9sir profond de devenir parents, ils se heurtent \u00e0 des <strong>pr\u00e9jug\u00e9s,<\/strong> comme prouver la pr\u00e9sence de figures f\u00e9minines dans leur entourage.<\/p>\n<p class=\" wall-content\">Parall\u00e8lement, on d\u00e9couvre <strong>Th\u00e9o,<\/strong> un gar\u00e7on de huit ans, <strong>pupille de l\u2019\u00c9tat,<\/strong> marqu\u00e9 par <strong>un pass\u00e9 douloureux d\u2019abandon<\/strong> et <strong>de maltraitance.<\/strong> Ballott\u00e9 d\u2019un foyer \u00e0 un autre, Th\u00e9o exprime un fort besoin d\u2019amour.<\/p>\n<p>Vid\u00e9os : en ce moment sur Actu<\/p>\n<p class=\" wall-content\">Contre toute attente, le dossier de Romain et Antoine retient l\u2019attention d\u2019une tutrice progressiste en Bretagne. Elle souhaiterait leur confier Th\u00e9o.<\/p>\n<p>Dans le r\u00f4le de Th\u00e9o, huit ans<\/p>\n<p class=\" wall-content\">Dans le film, le gar\u00e7on recherch\u00e9 incarnera donc <strong>Th\u00e9o. <\/strong>Retir\u00e9 tr\u00e8s jeune \u00e0 sa m\u00e8re pour maltraitance, il vit depuis dans un foyer, ballott\u00e9 d\u2019un syst\u00e8me \u00e0 un autre. Ce qu\u2019on voit de lui en surface\u2009: <strong>un gar\u00e7on solitaire<\/strong>, souvent sur la <strong>d\u00e9fensive, malicieux, mais<\/strong>\u00a0<strong>silencieux,<\/strong> qui observe plus qu\u2019il ne parle.<\/p>\n<p class=\" wall-content\">Ce qu\u2019il cache\u2009: <strong>un c\u0153ur immense,<\/strong> une intelligence \u00e9motionnelle fine, et <strong>un besoin vital d\u2019\u00eatre aim\u00e9<\/strong>.<\/p>\n<p class=\" wall-content\">Il a appris \u00e0 se d\u00e9brouiller seul, \u00e0 se prot\u00e9ger derri\u00e8re des murs, \u00e0 ne pas attendre trop des adultes. Mais ses gestes trahissent son besoin de contact\u2009: <strong>il r\u00e9clame des bisous<\/strong> sur le nez. Il garde pr\u00e9cieusement des cartes de sept familles avec uniquement les \u00ab\u2009mamans\u2009\u00bb, il se l\u00e8ve la nuit pour laver ses draps, par honte de ses <strong>pipis au lit.<\/strong><\/p>\n<p class=\" wall-content\">\u00c0 travers ses silences, ses petits sourires, ses mots parfois crus, <strong>Th\u00e9o incarne l\u2019enfance bless\u00e9e<\/strong> qui esp\u00e8re encore.<\/p>\n<p>Pour candidater<\/p>\n<p class=\" wall-content\">Si vous pensez que votre enfant (entre sept et neuf ans) peut coller au r\u00f4le de Th\u00e9o, vous pouvez <strong>candidater<\/strong> aupr\u00e8s de la directrice de casting Cl\u00e9mentine Fritsch et sa collaboratrice C\u00e9line Pelletier \u00e0 l\u2019adresse mail suivante\u2009: <a href=\"https:\/\/actu.fr\/cdn-cgi\/l\/email-protection\" class=\"__cf_email__\" data-cfemail=\"87e4ebe2eae2e9f3eee9e2e1f5eef3f4e4efe4e6f4f3eee9e0c7e0eae6eeeba9e4e8ea\" target=\"_blank\" rel=\"noopener\">[email\u00a0protected]<\/a>.<\/p>\n<p class=\" wall-content\">Vous devez pr\u00e9ciser<strong> dans l\u2019objet du mail<\/strong> que vous candidatez pour le r\u00f4le de Th\u00e9o, en int\u00e9grant ces \u00e9l\u00e9ments\u2009:<\/p>\n<ul class=\" wall-content\">\n<li>deux ou trois <strong>photos r\u00e9centes,<\/strong> de face et en couleur (pas de SnapChat, ni de filtres ou autres effets)\u2009;<\/li>\n<li>le <strong>pr\u00e9nom<\/strong> et le <strong>nom<\/strong> de l\u2019enfant\u2009;<\/li>\n<li><strong>l\u2019\u00e2ge<\/strong>\u2009;<\/li>\n<li>la <strong>date<\/strong> de naissance\u2009;<\/li>\n<li><strong>les coordonn\u00e9es t\u00e9l\u00e9phoniques<\/strong> des parents\u2009;<\/li>\n<li>la <strong>taille<\/strong>\u2009;<\/li>\n<li>la <strong>ville<\/strong> de r\u00e9sidence\u2009;<\/li>\n<li>une <strong>vid\u00e9o<\/strong> de pr\u00e9sentation d\u2019environ 30 secondes. La vid\u00e9o doit \u00eatre \u00e0 l\u2019horizontal, il faudra \u00e9galement filmer en int\u00e9rieur (pour \u00e9viter les nuisances sonores). \u00ab\u2009L\u2019important est d\u2019\u00eatre le plus naturel possible, car nous cherchons \u00e0 y voir la personnalit\u00e9 de l\u2019enfant\u2009\u00bb, indiquent les organisateurs (rices). \u00ab\u2009Il est possible dans cette vid\u00e9o de raconter une anecdote marquante que votre enfant aurait envie de nous partager. Merci de nous pr\u00e9ciser \u00e9galement si l\u2019enfant a d\u00e9j\u00e0 eu une exp\u00e9rience sur un tournage ou quelque chose de similaire.\u2009\u00bb<\/li>\n<\/ul>\n<p class=\" wall-content\">Le <strong>casting<\/strong> sera r\u00e9alis\u00e9 dans le courant des mois de <strong>juin\/juillet.<\/strong><\/p>\n<p class=\" wall-content\">Suivez toute l\u2019actualit\u00e9 de vos villes et m\u00e9dias favoris en vous inscrivant \u00e0 <a href=\"https:\/\/moncompte.actu.fr\" title=\"D\u00e9couvez Mon Actu\" rel=\"nofollow noopener\" data-trk=\"{&quot;cta&quot;:{&quot;action&quot;:&quot;https:\\\/\\\/moncompte.actu.fr&quot;,&quot;category&quot;:&quot;mon compte&quot;,&quot;from&quot;:&quot;article footer&quot;,&quot;name&quot;:&quot;Mon actu&quot;,&quot;type&quot;:&quot;cta&quot;}}\" target=\"_blank\">Mon Actu<\/a>.<\/p>\n","protected":false},"excerpt":{"rendered":"Par Laur\u00e8ne Fertin Publi\u00e9 le 5 juin 2025 \u00e0 7h02 Pour le tournage d\u2019un t\u00e9l\u00e9film France TV, intitul\u00e9&hellip;\n","protected":false},"author":2,"featured_media":153195,"comment_status":"","ping_status":"","sticky":false,"template":"","format":"standard","meta":{"footnotes":""},"categories":[2821],"tags":[1111,11,829,11668,650,1777,674,1011,27,1652,12,584,25],"class_list":{"0":"post-153194","1":"post","2":"type-post","3":"status-publish","4":"format-standard","5":"has-post-thumbnail","7":"category-rennes","8":"tag-actu","9":"tag-actualites","10":"tag-bretagne","11":"tag-casting","12":"tag-cinema","13":"tag-eu","14":"tag-europe","15":"tag-fr","16":"tag-france","17":"tag-loisirs-culture","18":"tag-news","19":"tag-rennes","20":"tag-republique-francaise"},"share_on_mastodon":{"url":"https:\/\/pubeurope.com\/@fr\/114629152822867553","error":""},"_links":{"self":[{"href":"https:\/\/www.europesays.com\/fr\/wp-json\/wp\/v2\/posts\/153194","targetHints":{"allow":["GET"]}}],"collection":[{"href":"https:\/\/www.europesays.com\/fr\/wp-json\/wp\/v2\/posts"}],"about":[{"href":"https:\/\/www.europesays.com\/fr\/wp-json\/wp\/v2\/types\/post"}],"author":[{"embeddable":true,"href":"https:\/\/www.europesays.com\/fr\/wp-json\/wp\/v2\/users\/2"}],"replies":[{"embeddable":true,"href":"https:\/\/www.europesays.com\/fr\/wp-json\/wp\/v2\/comments?post=153194"}],"version-history":[{"count":0,"href":"https:\/\/www.europesays.com\/fr\/wp-json\/wp\/v2\/posts\/153194\/revisions"}],"wp:featuredmedia":[{"embeddable":true,"href":"https:\/\/www.europesays.com\/fr\/wp-json\/wp\/v2\/media\/153195"}],"wp:attachment":[{"href":"https:\/\/www.europesays.com\/fr\/wp-json\/wp\/v2\/media?parent=153194"}],"wp:term":[{"taxonomy":"category","embeddable":true,"href":"https:\/\/www.europesays.com\/fr\/wp-json\/wp\/v2\/categories?post=153194"},{"taxonomy":"post_tag","embeddable":true,"href":"https:\/\/www.europesays.com\/fr\/wp-json\/wp\/v2\/tags?post=153194"}],"curies":[{"name":"wp","href":"https:\/\/api.w.org\/{rel}","templated":true}]}}