{"id":153198,"date":"2025-06-05T05:41:13","date_gmt":"2025-06-05T05:41:13","guid":{"rendered":"https:\/\/www.europesays.com\/fr\/153198\/"},"modified":"2025-06-05T05:41:13","modified_gmt":"2025-06-05T05:41:13","slug":"cette-caserne-de-pompiers-pres-de-strasbourg-ouvre-ses-portes-dimanche","status":"publish","type":"post","link":"https:\/\/www.europesays.com\/fr\/153198\/","title":{"rendered":"cette caserne de pompiers pr\u00e8s de Strasbourg ouvre ses portes dimanche"},"content":{"rendered":"<p>            Par<br \/>\n        <strong><br \/>\n            <a href=\"https:\/\/actu.fr\/auteur\/margot-fournie\" title=\"Consulter tous les articles de Margot Fournie\" rel=\"nofollow noopener\" target=\"_blank\">Margot Fournie<\/a><br \/>\n        <\/strong><\/p>\n<p>        Publi\u00e9 le<\/p>\n<p>            5 juin 2025 \u00e0 7h02        <\/p>\n<p>Le 8\u00a0juin, \u00e0 partir de 10h, le centre de secours de <a href=\"https:\/\/actu.fr\/grand-est\/brumath_67067\" rel=\"nofollow noopener\" target=\"_blank\">Brumath<\/a>, pr\u00e8s de Strasbourg (Bas-Rhin), va organiser une<strong> journ\u00e9e portes ouvertes<\/strong>.<\/p>\n<p class=\" wall-content\">Les <a href=\"https:\/\/actu.fr\/tag\/pompiers\" rel=\"nofollow noopener\" target=\"_blank\">sapeurs pompiers<\/a> ont pr\u00e9vu de <strong>nombreuses animations<\/strong>. On vous en livre le programme.<\/p>\n<p>Jeux gonflables, initiation au secourisme<\/p>\n<p class=\" wall-content\">Pour la journ\u00e9e, l\u2019Amicale des sapeurs-pompiers a pr\u00e9vu d\u2019organiser une<strong> activit\u00e9 descente en rappel<\/strong>.<\/p>\n<p class=\" wall-content\">Il y aura aussi un <strong>parcours pompier et sportif<\/strong> ou encore une<strong> initiation au secourisme<\/strong>. Des structures gonflables seront \u00e9galement install\u00e9es.<\/p>\n<p>De la restauration sur place<\/p>\n<p class=\" wall-content\">Toute la journ\u00e9e, les visiteurs pourront trouver des snacks, de la petite restauration sur place.<\/p>\n<p>Vid\u00e9os : en ce moment sur Actu<\/p>\n<p class=\" wall-content\">\u00c0 partir de 17h, des <strong>tartes flamb\u00e9es<\/strong> seront pr\u00eates \u00e0 manger.<\/p>\n<p class=\" wall-content\">Suivez toute l\u2019actualit\u00e9 de vos villes et m\u00e9dias favoris en vous inscrivant \u00e0 <a href=\"https:\/\/moncompte.actu.fr\" title=\"D\u00e9couvez Mon Actu\" rel=\"nofollow noopener\" data-trk=\"{&quot;cta&quot;:{&quot;action&quot;:&quot;https:\\\/\\\/moncompte.actu.fr&quot;,&quot;category&quot;:&quot;mon compte&quot;,&quot;from&quot;:&quot;article footer&quot;,&quot;name&quot;:&quot;Mon actu&quot;,&quot;type&quot;:&quot;cta&quot;}}\" target=\"_blank\">Mon Actu<\/a>.<\/p>\n","protected":false},"excerpt":{"rendered":"Par Margot Fournie Publi\u00e9 le 5 juin 2025 \u00e0 7h02 Le 8\u00a0juin, \u00e0 partir de 10h, le centre&hellip;\n","protected":false},"author":2,"featured_media":153199,"comment_status":"","ping_status":"","sticky":false,"template":"","format":"standard","meta":{"footnotes":""},"categories":[2820],"tags":[1111,11,1719,1777,674,1011,27,775,1652,12,1311,25,640],"class_list":{"0":"post-153198","1":"post","2":"type-post","3":"status-publish","4":"format-standard","5":"has-post-thumbnail","7":"category-strasbourg","8":"tag-actu","9":"tag-actualites","10":"tag-enfants","11":"tag-eu","12":"tag-europe","13":"tag-fr","14":"tag-france","15":"tag-grand-est","16":"tag-loisirs-culture","17":"tag-news","18":"tag-pompiers","19":"tag-republique-francaise","20":"tag-strasbourg"},"share_on_mastodon":{"url":"https:\/\/pubeurope.com\/@fr\/114629160717405323","error":""},"_links":{"self":[{"href":"https:\/\/www.europesays.com\/fr\/wp-json\/wp\/v2\/posts\/153198","targetHints":{"allow":["GET"]}}],"collection":[{"href":"https:\/\/www.europesays.com\/fr\/wp-json\/wp\/v2\/posts"}],"about":[{"href":"https:\/\/www.europesays.com\/fr\/wp-json\/wp\/v2\/types\/post"}],"author":[{"embeddable":true,"href":"https:\/\/www.europesays.com\/fr\/wp-json\/wp\/v2\/users\/2"}],"replies":[{"embeddable":true,"href":"https:\/\/www.europesays.com\/fr\/wp-json\/wp\/v2\/comments?post=153198"}],"version-history":[{"count":0,"href":"https:\/\/www.europesays.com\/fr\/wp-json\/wp\/v2\/posts\/153198\/revisions"}],"wp:featuredmedia":[{"embeddable":true,"href":"https:\/\/www.europesays.com\/fr\/wp-json\/wp\/v2\/media\/153199"}],"wp:attachment":[{"href":"https:\/\/www.europesays.com\/fr\/wp-json\/wp\/v2\/media?parent=153198"}],"wp:term":[{"taxonomy":"category","embeddable":true,"href":"https:\/\/www.europesays.com\/fr\/wp-json\/wp\/v2\/categories?post=153198"},{"taxonomy":"post_tag","embeddable":true,"href":"https:\/\/www.europesays.com\/fr\/wp-json\/wp\/v2\/tags?post=153198"}],"curies":[{"name":"wp","href":"https:\/\/api.w.org\/{rel}","templated":true}]}}