{"id":153206,"date":"2025-06-05T05:45:12","date_gmt":"2025-06-05T05:45:12","guid":{"rendered":"https:\/\/www.europesays.com\/fr\/153206\/"},"modified":"2025-06-05T05:45:12","modified_gmt":"2025-06-05T05:45:12","slug":"a-nantes-ces-commerces-organisent-une-soiree-concert-pour-la-bonne-cause","status":"publish","type":"post","link":"https:\/\/www.europesays.com\/fr\/153206\/","title":{"rendered":"\u00c0 Nantes, ces commerces organisent une soir\u00e9e concert pour la bonne cause"},"content":{"rendered":"<p>            Par<br \/>\n        <strong><br \/>\n            <a href=\"https:\/\/actu.fr\/auteur\/tristan-mahe-actu-fr\" title=\"Consulter tous les articles de Tristan Mah\u00e9\" rel=\"nofollow noopener\" target=\"_blank\">Tristan Mah\u00e9<\/a><br \/>\n        <\/strong><\/p>\n<p>        Publi\u00e9 le<\/p>\n<p>            5 juin 2025 \u00e0 6h46        <\/p>\n<p>Jeudi 5 juin 2025, la rue Mar\u00e9chal Joffre \u00e0 Nantes promet une soir\u00e9e pleine d\u2019animations et de<strong> bonne ambiance<\/strong>. Certains commer\u00e7ants se sont accord\u00e9s pour organiser un \u00e9v\u00e9nement anim\u00e9 par des <strong>groupes de musique<\/strong>.<\/p>\n<p class=\" wall-content\">Ainsi, O\u2019d\u2019\u00e9on, The Agacant\u2019s et La Bagnole ont r\u00e9pondu pr\u00e9sents et se produiront lors de cette soir\u00e9e.<\/p>\n<p>    <a href=\"https:\/\/www.google.com\/maps\/embed?pb=!1m18!1m12!1m3!1d2709.7322185569565!2d-1.5498398248026806!3d47.22182167115706!2m3!1f0!2f0!3f0!3m2!1i1024!2i768!4f13.1!3m3!1m2!1s0x4805eebda74e86fb%3A0x31b19469d3b91e08!2sRue%20Mar%C3%A9chal%20Joffre%2C%2044000%20Nantes!5e0!3m2!1sfr!2sfr!4v1748962145631!5m2!1sfr!2sfr\" title=\"Ouvrie le lien\" rel=\"nofollow noopener\" target=\"_blank\">Cliquez ici pour visualiser le contenu<\/a><\/p>\n<p>Une soir\u00e9e pour la bonne cause<\/p>\n<p class=\" wall-content\"><strong>L\u2019initiative est \u00e0 <a href=\"https:\/\/www.facebook.com\/photo\/?fbid=991187929849108&amp;set=pb.100068737304353.-2207520000\" rel=\"nofollow noopener\" target=\"_blank\">but caritatif<\/a><\/strong>\u00a0et une partie des recettes de la soir\u00e9e sera revers\u00e9e \u00e0 <a href=\"https:\/\/metropole.nantes.fr\/associations\/annuaire-des-associations-nantaises\/nauptilus\" rel=\"nofollow noopener\" target=\"_blank\">l\u2019association Nauptilus<\/a>.<\/p>\n<p class=\" wall-content\">L\u2019objectif affich\u00e9 est simple\u2009: favoriser les soins pour les enfants hospitalis\u00e9s en r\u00e9animation p\u00e9diatrique au <a href=\"https:\/\/www.chu-nantes.fr\/\" rel=\"nofollow noopener\" target=\"_blank\">CHU de Nantes<\/a> et am\u00e9liorer leur confort et celui de leurs proches.<\/p>\n<p>Vid\u00e9os : en ce moment sur Actu<\/p>\n<p>Infos pratiques\u2009:<br \/>Jeudi 5\u00a0juin 2025, rue Mar\u00e9chal Joffre.<br \/>-O\u2019d\u2019\u00e9on\u2009: 19h au bar Mojo.<br \/>-The Agacant\u2019s\u2009: 20h au bar l\u2019Ubik.<br \/>-La Bagnole\u2009: 21h aux bars Barberousse et Feu Bar.<br \/>L\u2019entr\u00e9e dans les bars pour assister aux concerts est gratuite.<\/p>\n<p class=\" wall-content\">Suivez toute l\u2019actualit\u00e9 de vos villes et m\u00e9dias favoris en vous inscrivant \u00e0 <a href=\"https:\/\/moncompte.actu.fr\" title=\"D\u00e9couvez Mon Actu\" rel=\"nofollow noopener\" data-trk=\"{&quot;cta&quot;:{&quot;action&quot;:&quot;https:\\\/\\\/moncompte.actu.fr&quot;,&quot;category&quot;:&quot;mon compte&quot;,&quot;from&quot;:&quot;article footer&quot;,&quot;name&quot;:&quot;Mon actu&quot;,&quot;type&quot;:&quot;cta&quot;}}\" target=\"_blank\">Mon Actu<\/a>.<\/p>\n","protected":false},"excerpt":{"rendered":"Par Tristan Mah\u00e9 Publi\u00e9 le 5 juin 2025 \u00e0 6h46 Jeudi 5 juin 2025, la rue Mar\u00e9chal Joffre&hellip;\n","protected":false},"author":2,"featured_media":153207,"comment_status":"","ping_status":"","sticky":false,"template":"","format":"standard","meta":{"footnotes":""},"categories":[2818],"tags":[1111,11,215,1697,1777,674,1011,27,766,12,2636,25,104],"class_list":{"0":"post-153206","1":"post","2":"type-post","3":"status-publish","4":"format-standard","5":"has-post-thumbnail","7":"category-nantes","8":"tag-actu","9":"tag-actualites","10":"tag-commerce","11":"tag-concert","12":"tag-eu","13":"tag-europe","14":"tag-fr","15":"tag-france","16":"tag-nantes","17":"tag-news","18":"tag-pays-de-la-loire","19":"tag-republique-francaise","20":"tag-societe"},"share_on_mastodon":{"url":"https:\/\/pubeurope.com\/@fr\/114629177146964834","error":""},"_links":{"self":[{"href":"https:\/\/www.europesays.com\/fr\/wp-json\/wp\/v2\/posts\/153206","targetHints":{"allow":["GET"]}}],"collection":[{"href":"https:\/\/www.europesays.com\/fr\/wp-json\/wp\/v2\/posts"}],"about":[{"href":"https:\/\/www.europesays.com\/fr\/wp-json\/wp\/v2\/types\/post"}],"author":[{"embeddable":true,"href":"https:\/\/www.europesays.com\/fr\/wp-json\/wp\/v2\/users\/2"}],"replies":[{"embeddable":true,"href":"https:\/\/www.europesays.com\/fr\/wp-json\/wp\/v2\/comments?post=153206"}],"version-history":[{"count":0,"href":"https:\/\/www.europesays.com\/fr\/wp-json\/wp\/v2\/posts\/153206\/revisions"}],"wp:featuredmedia":[{"embeddable":true,"href":"https:\/\/www.europesays.com\/fr\/wp-json\/wp\/v2\/media\/153207"}],"wp:attachment":[{"href":"https:\/\/www.europesays.com\/fr\/wp-json\/wp\/v2\/media?parent=153206"}],"wp:term":[{"taxonomy":"category","embeddable":true,"href":"https:\/\/www.europesays.com\/fr\/wp-json\/wp\/v2\/categories?post=153206"},{"taxonomy":"post_tag","embeddable":true,"href":"https:\/\/www.europesays.com\/fr\/wp-json\/wp\/v2\/tags?post=153206"}],"curies":[{"name":"wp","href":"https:\/\/api.w.org\/{rel}","templated":true}]}}