{"id":153208,"date":"2025-06-05T05:46:12","date_gmt":"2025-06-05T05:46:12","guid":{"rendered":"https:\/\/www.europesays.com\/fr\/153208\/"},"modified":"2025-06-05T05:46:12","modified_gmt":"2025-06-05T05:46:12","slug":"le-prefet-de-nantes-boucle-toute-une-partie-de-la-ville","status":"publish","type":"post","link":"https:\/\/www.europesays.com\/fr\/153208\/","title":{"rendered":"Le pr\u00e9fet de Nantes boucle toute une partie de la ville"},"content":{"rendered":"<p>\t\t<img loading=\"lazy\" decoding=\"async\" width=\"1000\" height=\"1000\" data-attachment-id=\"93232\" data-permalink=\"https:\/\/contre-attaque.net\/2025\/06\/05\/pour-proteger-lextreme-droite-le-prefet-de-nantes-boucle-toute-une-partie-de-la-ville\/sans-titre-1-28\/\" data-orig-file=\"https:\/\/www.europesays.com\/fr\/wp-content\/uploads\/2025\/06\/Sans-titre-1-1.jpg\" data-orig-size=\"1000,1000\" data-comments-opened=\"0\" data-image-meta=\"{&quot;aperture&quot;:&quot;0&quot;,&quot;credit&quot;:&quot;&quot;,&quot;camera&quot;:&quot;&quot;,&quot;caption&quot;:&quot;&quot;,&quot;created_timestamp&quot;:&quot;0&quot;,&quot;copyright&quot;:&quot;&quot;,&quot;focal_length&quot;:&quot;0&quot;,&quot;iso&quot;:&quot;0&quot;,&quot;shutter_speed&quot;:&quot;0&quot;,&quot;title&quot;:&quot;&quot;,&quot;orientation&quot;:&quot;0&quot;}\" data-image-title=\"Sans titre 1\" data-image-description=\"\" data-image-caption=\"\" data-medium-file=\"https:\/\/contre-attaque.net\/wp-content\/uploads\/2025\/06\/Sans-titre-1-1-300x300.jpg\" data-large-file=\"https:\/\/www.europesays.com\/fr\/wp-content\/uploads\/2025\/06\/Sans-titre-1-1.jpg\" src=\"https:\/\/www.europesays.com\/fr\/wp-content\/uploads\/2025\/06\/Sans-titre-1-1.jpg\" alt=\"Le pr\u00e9fet de Nantes Fabrice Rigoulet-Roze avec, \u00e0 c\u00f4t\u00e9, une carte de la zone interdite dans le centre-ville.\" class=\"wp-image-93232\"  \/><\/p>\n<p>C\u2019est probablement du jamais vu \u00e0 Nantes. M\u00eame lors du pic des manifestations les plus offensives contre l\u2019a\u00e9roport de Notre-Dame-des-Landes, aucun pr\u00e9fet n\u2019avait interdit d\u2019acc\u00e8s un aussi grand p\u00e9rim\u00e8tre pour une manifestation. Le 5 juin, pour prot\u00e9ger <a href=\"https:\/\/contre-attaque.net\/2025\/05\/16\/mobilisation-generale-a-nantes-comme-ailleurs-contre-pierre-edouard-sterin\/\" rel=\"nofollow noopener\" target=\"_blank\">le gala d\u2019extr\u00eame droite du milliardaire Pierre-\u00c9douard St\u00e9rin<\/a>, le pr\u00e9fet de Nantes boucle une \u00e9norme zone de Nantes, allant du CHU \u00e0 l\u2019Erdre, du ch\u00e2teau des Ducs \u00e0 la Loire. C\u2019est pr\u00e8s de la moiti\u00e9 du centre-ville qui sera consid\u00e9r\u00e9 comme une zone rouge. Le droit de manifester y sera suspendu, pour emp\u00eacher toute opposition de s\u2019approcher de la Cit\u00e9 des Congr\u00e8s.<\/p>\n<p>Le pr\u00e9fet de Nantes Fabrice Rigoulet-Roze est un militant envoy\u00e9 \u00e0 Nantes pour imposer une certaine id\u00e9e de l\u2019ordre. Arriv\u00e9 en janvier 2023, <a href=\"https:\/\/contre-attaque.net\/2023\/02\/01\/nantes-31-janvier-deuxieme-sommation-arrosee-de-repression\/\" rel=\"nofollow noopener\" target=\"_blank\">il a r\u00e9prim\u00e9 d\u00e8s le d\u00e9part avec une extr\u00eame violence le mouvement de d\u00e9fense des retraites<\/a>\u00a0: d\u00e8s la premi\u00e8re manifestation, il a donn\u00e9 l\u2019ordre \u00e0 ses policiers de charger au d\u00e9marrage, l\u2019avant de la grande manifestation syndicale. Durant ce mouvement, un nombre colossal de personnes ont \u00e9t\u00e9 arr\u00eat\u00e9es. Nantes a \u00e9t\u00e9 la premi\u00e8re ville, derri\u00e8re Paris, en nombre d\u2019interpellations. Les bless\u00e9s et mutil\u00e9s ont aussi \u00e9t\u00e9 innombrables, notamment une main quasiment arrach\u00e9e et le testicule d\u2019un manifestant d\u00e9truit par un tir de LBD. Des policiers ont aussi commis des violences sexuelles sur des \u00e9tudiantes. Des syndicalistes CGT, y compris \u00e2g\u00e9s et handicap\u00e9s, ont \u00e9t\u00e9 tabass\u00e9s.<\/p>\n<p>La m\u00eame ann\u00e9e, ce pr\u00e9fet a laiss\u00e9 des n\u00e9o-nazis semer la terreur dans la petite commune de Saint-Br\u00e9vin, \u00e0 l\u2019ouest de Nantes. Le maire y avait accept\u00e9 un centre d\u2019h\u00e9bergement pour les exil\u00e9s, et des fascistes de tout le grand ouest avaient d\u00e9barqu\u00e9 pour s\u2019y opposer. Des m\u00e9thodes d\u2019intimidations et des violences se sont multipli\u00e9es dans la commune. \u00c0 chaque rassemblement d\u2019extr\u00eame droite, <a href=\"https:\/\/contre-attaque.net\/2023\/05\/01\/saint-brevin-la-police-auxiliaire-des-neo-nazis\/\" rel=\"nofollow noopener\" target=\"_blank\">la police \u00e9tait d\u00e9ploy\u00e9e pour prot\u00e9ger les racistes<\/a> et charger les manifestants de gauche. Pire\u00a0: le maire a \u00e9t\u00e9 victime d\u2019une tentative de meurtre. Sa maison a \u00e9t\u00e9 incendi\u00e9e en pleine nuit, il aurait pu br\u00fbler vif. L\u2019\u00e9lu avait d\u00e9missionn\u00e9 en d\u00e9non\u00e7ant un manque \u00abflagrant\u00bb de soutien de l\u2019\u00c9tat. Fabrice Rigoulet-Roze n\u2019avait ni soutenu ni prot\u00e9g\u00e9 un maire menac\u00e9 de mort par des n\u00e9o-nazis.<\/p>\n<p>Le pr\u00e9fet avait m\u00eame menti dans la presse en pr\u00e9tendant qu\u2019il avait rencontr\u00e9 l\u2019\u00e9lu victime. Le maire de Saint-Br\u00e9vin avait protest\u00e9\u00a0: \u00abQuand il dit qu\u2019il a organis\u00e9 des r\u00e9unions publiques, de la part d\u2019un pr\u00e9fet mentir effront\u00e9ment en public, c\u2019est quand m\u00eame important. Il sait tr\u00e8s bien qu\u2019il n\u2019en a pas organis\u00e9. Il suffit de lui demander la date, il ne pourra en fournir, car il n\u2019en a pas fait\u00bb.<\/p>\n<p>Quelques mois plus tard, <a href=\"https:\/\/contre-attaque.net\/2023\/10\/19\/nantes-des-centaines-de-personnes-empechees-de-marcher-pour-la-palestine\/\" rel=\"nofollow noopener\" target=\"_blank\">les mobilisations pour la Palestine ont \u00e9t\u00e9 durement r\u00e9prim\u00e9es<\/a>, alors que les violences d\u2019extr\u00eame droite se multipliaient dans le d\u00e9partement. \u00c0 chaque r\u00e9union du RN, Fabrice Rigoulet-Roze a d\u00e9ploy\u00e9 <a href=\"https:\/\/contre-attaque.net\/2024\/12\/17\/14-decembre-au-nord-de-nantes-la-police-service-dordre-de-lextreme-droite\/\" rel=\"nofollow noopener\" target=\"_blank\">des moyens d\u00e9lirants pour prot\u00e9ger l\u2019extr\u00eame droite<\/a>\u00a0: drones, escadrons de CRS et de gendarmes. Consignes de brutalit\u00e9 maximale.<\/p>\n<p>D\u00e9but 2025, ce m\u00eame pr\u00e9fet organisait <a href=\"https:\/\/contre-attaque.net\/2025\/03\/04\/nantes-laboratoire-raciste-et-securitaire\/\" rel=\"nofollow noopener\" target=\"_blank\">des \u00abop\u00e9rations places nette\u00bb \u00e0 Nantes<\/a>, qui consistaient essentiellement \u00e0 d\u00e9ployer des centaines de policiers pour contr\u00f4ler des passants non-blancs. En parall\u00e8le, il a mis en \u0153uvre des fiches ill\u00e9gales visant les personnes sans-papier. Le 1er mai dernier, il organisait <a href=\"https:\/\/contre-attaque.net\/2025\/05\/02\/1er-mai-a-nantes-manifestation-massive-la-prefecture-tente-la-strategie-de-la-tension\/\" rel=\"nofollow noopener\" target=\"_blank\">une r\u00e9pression sans pr\u00e9c\u00e9dent de cette manifestation traditionnelle<\/a>\u00a0: la police avait charg\u00e9 d\u00e8s le d\u00e9part, gazant et frappant sans distinction la jeunesse et les syndicalistes, avant d\u2019encadrer tout le d\u00e9fil\u00e9 de mani\u00e8re anxiog\u00e8ne, alors qu\u2019il ne s\u2019\u00e9tait rien pass\u00e9.<\/p>\n<p>Le 5 juin, un gala est donc organis\u00e9 par le milliardaire d\u2019extr\u00eame droite Pierre-\u00c9douard St\u00e9rin \u00e0 la Cit\u00e9 des Cong\u00e8res. Cela fait des mois que les syndicats et partis de gauche nantais demandent l\u2019annulation de cette soir\u00e9e dans une salle poss\u00e9d\u00e9e par la mairie de Nantes, ce qui est une v\u00e9ritable provocation.<\/p>\n<p>Non seulement le pr\u00e9fet n\u2019a pas annul\u00e9 la soir\u00e9e, mais il a d\u00e9cid\u00e9 de la bunk\u00e9riser. Le 3 juin, un arr\u00eat\u00e9 pr\u00e9fectoral \u00e9voque de \u00abgraves risques de troubles \u00e0 l\u2019ordre public\u00bb et d\u00e9nonce les appels \u00abdu webm\u00e9dia de l\u2019ultra-gauche nantaise Contre Attaque\u00bb ainsi que \u00abla recherche d\u2019affrontement\u00bb. Il annonce que \u00ables manifestations et rassemblements non d\u00e9clar\u00e9s sont interdits du jeudi 5 juin \u00e0 15h00 au vendredi 6 juin 2025 \u00e0 8h00\u00bb donc jusqu\u2019au lendemain, \u00ab\u00e0 l\u2019int\u00e9rieur du p\u00e9rim\u00e8tre\u00bb gigantesque d\u00e9fini tr\u00e8s largement autour de la Cit\u00e9 des Congr\u00e8s. M\u00eame Ouest-France qualifi\u00e9 cette interdiction de \u00abXXL\u00bb.<\/p>\n<p>Le 4 juin, le pr\u00e9fet prenait un autre arr\u00eat\u00e9 autorisant l\u2019usage d\u2019un drone au dessus du centre-ville pour surveiller la manifestation. Il faut donc s\u2019attendre \u00e0 de tr\u00e8s gros moyens pour prot\u00e9ger le gala fasciste. Face \u00e0 ces menaces pr\u00e9fectorales, l\u2019appel syndical a \u00e9t\u00e9 d\u00e9plac\u00e9 de l\u2019autre c\u00f4t\u00e9 de la Loire, sur la rive sud, au niveau du Tripode, loin de la Cit\u00e9 des Congr\u00e8s. C\u2019est un pr\u00e9c\u00e9dent inqui\u00e9tant\u00a0: le pr\u00e9fet sait qu\u2019il peut d\u00e9sormais interdire un rassemblement syndical statique contre l\u2019extr\u00eame droite sans v\u00e9ritable contestation de la part des organisations.<\/p>\n<p>Quant \u00e0 la manifestation antifasciste, elle est maintenue \u00e0 18h, au niveau de l\u2019entr\u00e9e du CHU pr\u00e8s de l\u2019arr\u00eat H\u00f4tel Dieu. Les intimidations suffiront-elles \u00e0 \u00e9touffer la cause antifasciste\u00a0? Rien n\u2019est moins s\u00fbr. Nantes a d\u00e9montr\u00e9 par le pass\u00e9 sa d\u00e9termination \u00e0 lutter contre le fascisme, en se mobilisant dans toute sa diversit\u00e9.<\/p>\n","protected":false},"excerpt":{"rendered":"C\u2019est probablement du jamais vu \u00e0 Nantes. M\u00eame lors du pic des manifestations les plus offensives contre l\u2019a\u00e9roport&hellip;\n","protected":false},"author":2,"featured_media":153209,"comment_status":"","ping_status":"","sticky":false,"template":"","format":"standard","meta":{"footnotes":""},"categories":[2818],"tags":[1111,11,28286,1777,674,28287,1011,27,2088,766,12,2636,24249,17047,25],"class_list":{"0":"post-153208","1":"post","2":"type-post","3":"status-publish","4":"format-standard","5":"has-post-thumbnail","7":"category-nantes","8":"tag-actu","9":"tag-actualites","10":"tag-autoritarisme","11":"tag-eu","12":"tag-europe","13":"tag-fabrice-rigoulet-roze","14":"tag-fr","15":"tag-france","16":"tag-manifestation","17":"tag-nantes","18":"tag-news","19":"tag-pays-de-la-loire","20":"tag-pierre-edouard-sterin","21":"tag-repression","22":"tag-republique-francaise"},"share_on_mastodon":{"url":"https:\/\/pubeurope.com\/@fr\/114629180414434948","error":""},"_links":{"self":[{"href":"https:\/\/www.europesays.com\/fr\/wp-json\/wp\/v2\/posts\/153208","targetHints":{"allow":["GET"]}}],"collection":[{"href":"https:\/\/www.europesays.com\/fr\/wp-json\/wp\/v2\/posts"}],"about":[{"href":"https:\/\/www.europesays.com\/fr\/wp-json\/wp\/v2\/types\/post"}],"author":[{"embeddable":true,"href":"https:\/\/www.europesays.com\/fr\/wp-json\/wp\/v2\/users\/2"}],"replies":[{"embeddable":true,"href":"https:\/\/www.europesays.com\/fr\/wp-json\/wp\/v2\/comments?post=153208"}],"version-history":[{"count":0,"href":"https:\/\/www.europesays.com\/fr\/wp-json\/wp\/v2\/posts\/153208\/revisions"}],"wp:featuredmedia":[{"embeddable":true,"href":"https:\/\/www.europesays.com\/fr\/wp-json\/wp\/v2\/media\/153209"}],"wp:attachment":[{"href":"https:\/\/www.europesays.com\/fr\/wp-json\/wp\/v2\/media?parent=153208"}],"wp:term":[{"taxonomy":"category","embeddable":true,"href":"https:\/\/www.europesays.com\/fr\/wp-json\/wp\/v2\/categories?post=153208"},{"taxonomy":"post_tag","embeddable":true,"href":"https:\/\/www.europesays.com\/fr\/wp-json\/wp\/v2\/tags?post=153208"}],"curies":[{"name":"wp","href":"https:\/\/api.w.org\/{rel}","templated":true}]}}