{"id":153216,"date":"2025-06-05T05:50:10","date_gmt":"2025-06-05T05:50:10","guid":{"rendered":"https:\/\/www.europesays.com\/fr\/153216\/"},"modified":"2025-06-05T05:50:10","modified_gmt":"2025-06-05T05:50:10","slug":"voici-a-quoi-elle-ressemblera","status":"publish","type":"post","link":"https:\/\/www.europesays.com\/fr\/153216\/","title":{"rendered":"voici \u00e0 quoi elle ressemblera"},"content":{"rendered":"<p>            Par<br \/>\n        <strong><br \/>\n            <a href=\"https:\/\/actu.fr\/auteur\/lea-afonso\" title=\"Consulter tous les articles de L\u00e9a Afonso\" target=\"_blank\" rel=\"noopener\">L\u00e9a Afonso<\/a><br \/>\n        <\/strong><\/p>\n<p>        Publi\u00e9 le<\/p>\n<p>            5 juin 2025 \u00e0 7h12        <\/p>\n<p>C\u2019\u00e9tait un test qui s\u2019est conclu par\u2026 une p\u00e9rennisation\u2009! La <strong>piste cyclable<\/strong> le long du <strong>boulevard des Minimes <\/strong>\u00e0 <a href=\"https:\/\/actu.fr\/toulouse\/\" target=\"_blank\" rel=\"noopener\">Toulouse<\/a>,<a href=\"https:\/\/actu.fr\/occitanie\/toulouse_31555\/cette-nouvelle-piste-cyclable-le-long-du-canal-du-midi-a-toulouse-fait-elle-le-bonheur-de-tous_62125365.html\" target=\"_blank\" rel=\"noopener\"> test\u00e9e depuis janvier\u00a02025<\/a>, va finalement \u00eatre d\u00e9finitive en raison de son succ\u00e8s.<strong> D\u00e8s l\u2019\u00e9t\u00e9 2025<\/strong>, elle va \u00eatre am\u00e9lior\u00e9e et changer de visage pour aborder son aspect p\u00e9renne. Explication.<\/p>\n<p>    <a href=\"https:\/\/www.google.com\/maps\/embed?pb=!1m18!1m12!1m3!1d2888.577314848272!2d1.4404193773043061!3d43.61534175487693!2m3!1f0!2f0!3f0!3m2!1i1024!2i768!4f13.1!3m3!1m2!1s0x12aebb5898058edb%3A0xa1c12ea47138aeb4!2sBd%20des%20Minimes%2C%2031200%20Toulouse!5e0!3m2!1sfr!2sfr!4v1749030248844!5m2!1sfr!2sfr\" title=\"Ouvrie le lien\" target=\"_blank\" rel=\"noopener\">Cliquez ici pour visualiser le contenu<\/a><\/p>\n<p>Un r\u00e9el succ\u00e8s<\/p>\n<p class=\" wall-content\">\u00ab\u2009On souhaite passer \u00e0 la deuxi\u00e8me phase concernant cette piste cyclable, parce que les <strong>r\u00e9sultats<\/strong> d\u00e9montrent que<strong> l\u2019am\u00e9nagement est un succ\u00e8s.<\/strong> Un certain nombre de cyclistes privil\u00e9gient la piste et non plus la voie verte de partage avec les pi\u00e9tons\u2009\u00bb, explique <strong>Maxime Boyer, adjoint au maire<\/strong>, charg\u00e9 des d\u00e9placements et nouvelles mobilit\u00e9s.<\/p>\n<p class=\" wall-content\">Rappelons que cette voie partag\u00e9e le long du canal \u00e9tait dangereuse. De nombreux accidents s\u2019\u00e9taient produits par le pass\u00e9 entre cyclistes et pi\u00e9tons.<\/p>\n<p>Une piste cyclable similaire \u00e0 ce qui existe d\u00e9j\u00e0 \u00e0 Toulouse<\/p>\n<p class=\" wall-content\">Visuellement, les Toulousains peuvent d\u00e9j\u00e0 s\u2019imaginer l\u2019aspect de cette nouvelle piste cyclable. En effet, \u00ab\u2009elle va se rapprocher de celle de la <strong>rue de la r\u00e9publique \u00e0 Saint-Cyprien<\/strong>.\u00a0On va<strong> enlever les gros blocs de b\u00e9ton<\/strong> au milieu de la route, pour faire une <strong>bordure<\/strong> plus esth\u00e9tique. Nous allons aussi am\u00e9liorer le parterre avec la mise en <strong>bidirectionnelle<\/strong> et rendre le tout plus esth\u00e9tique visuellement\u2009\u00bb, ajoute l\u2019adjoint au maire.<\/p>\n<p class=\" wall-content\">Il est important de souligner que le long du canal du midi est class\u00e9, la mairie doit donc consulter l\u2019Architecte des B\u00e2timents de France pour tout am\u00e9nagement.<\/p>\n<p>    <img   decoding=\"async\" loading=\"lazy\" src=\"https:\/\/www.europesays.com\/fr\/wp-content\/uploads\/2025\/06\/boulevard-des-minimes-10-960x640.jpg\" alt=\"Des entr\u00e9es et sorties de piste qui vont \u00eatre am\u00e9lior\u00e9es et plus visibles \" width=\"960\" height=\"640\"\/><br \/>\n    Des entr\u00e9es et sorties de piste qui vont \u00eatre am\u00e9lior\u00e9es et plus visibles (\u00a9L\u00e9a Afonso \/ Actu Toulouse)<\/p>\n<p class=\" wall-content\">Une p\u00e9rennisation passe aussi par une<strong> meilleure signal\u00e9tique<\/strong>. Aujourd\u2019hui, l\u2019entr\u00e9e et la sortie de piste restent assez peu signal\u00e9es. \u00ab\u2009On va donc r\u00e9am\u00e9nager ces deux extr\u00e9mit\u00e9s, mais aussi les sur\u00e9l\u00e9vations aux aspects de damiers au niveau des arr\u00eats de bus, pour que les cyclistes comprennent bien que les pi\u00e9tons sont ici prioritaires\u2009\u00bb.<\/p>\n<p>    <img   decoding=\"async\" loading=\"lazy\" src=\"https:\/\/www.europesays.com\/fr\/wp-content\/uploads\/2025\/06\/boulevard-des-minimes-11-960x640.jpg\" alt=\"La sur\u00e9l\u00e9vation \u00e0 l'aspect de damier au niveau des arr\u00eats de bus va \u00eatre am\u00e9lior\u00e9e\" width=\"960\" height=\"640\"\/><br \/>\n    La sur\u00e9l\u00e9vation \u00e0 l\u2019aspect de damier au niveau des arr\u00eats de bus va \u00eatre am\u00e9lior\u00e9e (\u00a9L\u00e9a Afonso \/ Actu Toulouse)<\/p>\n<p class=\" wall-content\">Pour assurer plus de s\u00e9curit\u00e9 aux <strong>pi\u00e9tons<\/strong>, des<strong> \u00eelots d\u2019attente<\/strong> au niveau des feux seront cr\u00e9\u00e9s. \u00ab\u2009Ils seront positionn\u00e9s au niveau des bordures entre la route et la piste\u2009\u00bb, pour que les riverains traversent en deux fois.<\/p>\n<p>Vers une verbalisation\u2009?<\/p>\n<p class=\" wall-content\">Avec une telle p\u00e9rennisation et incitation \u00e0 emprunter cette piste, la question de la <strong>verbalisation<\/strong> pour tous contrevenants qui rouleraient sur la voie verte se pose. \u00ab\u2009Aller sur la piste va toujours \u00eatre <strong>incitatif<\/strong>\u2009\u00bb, assure Maxime Boyer.<\/p>\n<p class=\" wall-content\">\u00ab\u2009Mais l\u2019id\u00e9e est de faire \u00e9voluer l\u2019aspect r\u00e9glementaire pour que la voie verte reste un cheminement exclusif pour les pi\u00e9tons. \u00c0 ce moment-l\u00e0, on pourra faire un<strong> arr\u00eat\u00e9 de circulation<\/strong> pour bien s\u00e9parer les deux voies\u2009\u00bb.<\/p>\n<p>    <img   decoding=\"async\" loading=\"lazy\" src=\"https:\/\/www.europesays.com\/fr\/wp-content\/uploads\/2025\/06\/velo-canal-midi-960x640.jpeg\" alt=\"Cette piste cyclable visera \u00e0 ne plus emprunter la voie r\u00e9serv\u00e9e aux pi\u00e9tons le long du canal du Midi.\" width=\"960\" height=\"640\"\/><br \/>\n    Cette piste cyclable visera \u00e0 ne plus emprunter la voie r\u00e9serv\u00e9e aux pi\u00e9tons le long du canal du Midi. (\u00a9Mar\u00e9va Laville \/ Actu Toulouse)Une piste qui va se prolonger<\/p>\n<p class=\" wall-content\">Les Toulousains ne sont pas sans conna\u00eetre le<strong>\u00a0R\u00e9seau Express V\u00e9lo<\/strong> qui est en train de se d\u00e9velopper \u00e0 l\u2019\u00e9chelle de la ville.<a href=\"https:\/\/actu.fr\/occitanie\/toulouse_31555\/toulouse-une-nouvelle-piste-cyclable-ouvre-le-long-du-canal-du-midi-et-prefigure-un-reseau-plus-vaste_48955006.html\" target=\"_blank\" rel=\"noopener\"> Le long du canal du midi, il s\u2019agit des REV 2 et 13<\/a> qui se mettent en place. Cette piste le long du boulevard des Minimes \u00ab\u2009s\u2019inscrit dans le <strong>grand parc canal<\/strong> avec un parcours pi\u00e9ton plus s\u00e9curis\u00e9. C\u2019est pour \u00e7a que ce r\u00e9seau prendra du temps dans sa r\u00e9alisation. \u00c7a va passer par des phases d\u2019exp\u00e9rimentation qui peuvent fonctionner ou pas\u2009\u00bb, continue l\u2019adjoint au maire.<\/p>\n<p class=\" wall-content\">Tout le long du lin\u00e9aire, l\u2019id\u00e9e est la m\u00eame\u2009: faire un<strong> am\u00e9nagement bidirectionnel<\/strong> pour les v\u00e9los, <strong>s\u00e9par\u00e9 des pi\u00e9tons.<\/strong> Alors, on peut d\u00e9j\u00e0 imaginer le prolongement de cette piste le long du boulevard Pierre Semard.<\/p>\n<p class=\" wall-content\">Suivez toute l\u2019actualit\u00e9 de vos villes et m\u00e9dias favoris en vous inscrivant \u00e0 <a href=\"https:\/\/moncompte.actu.fr\" title=\"D\u00e9couvez Mon Actu\" rel=\"nofollow noopener\" data-trk=\"{&quot;cta&quot;:{&quot;action&quot;:&quot;https:\\\/\\\/moncompte.actu.fr&quot;,&quot;category&quot;:&quot;mon compte&quot;,&quot;from&quot;:&quot;article footer&quot;,&quot;name&quot;:&quot;Mon actu&quot;,&quot;type&quot;:&quot;cta&quot;}}\" target=\"_blank\">Mon Actu<\/a>.<\/p>\n<ul class=\"ac-article-tag wall-content\">\n<li><a href=\"https:\/\/actu.fr\/tag\/pistes-cyclables\" data-trk=\"{&quot;cta&quot;:{&quot;action&quot;:&quot;Pistes cyclables&quot;,&quot;category&quot;:&quot;tag&quot;,&quot;from&quot;:&quot;article footer&quot;,&quot;name&quot;:&quot;Pistes cyclables&quot;,&quot;type&quot;:&quot;cta&quot;}}\" target=\"_blank\" rel=\"noopener\">#Pistes cyclables<\/a><\/li>\n<li><a href=\"https:\/\/actu.fr\/tag\/urbanisme\" data-trk=\"{&quot;cta&quot;:{&quot;action&quot;:&quot;Urbanisme&quot;,&quot;category&quot;:&quot;tag&quot;,&quot;from&quot;:&quot;article footer&quot;,&quot;name&quot;:&quot;Urbanisme&quot;,&quot;type&quot;:&quot;cta&quot;}}\" target=\"_blank\" rel=\"noopener\">#Urbanisme<\/a><\/li>\n<\/ul>\n","protected":false},"excerpt":{"rendered":"Par L\u00e9a Afonso Publi\u00e9 le 5 juin 2025 \u00e0 7h12 C\u2019\u00e9tait un test qui s\u2019est conclu par\u2026 une&hellip;\n","protected":false},"author":2,"featured_media":153217,"comment_status":"","ping_status":"","sticky":false,"template":"","format":"standard","meta":{"footnotes":""},"categories":[2816],"tags":[1111,11,1777,674,1011,27,12,2680,4798,25,104,2312,1352],"class_list":{"0":"post-153216","1":"post","2":"type-post","3":"status-publish","4":"format-standard","5":"has-post-thumbnail","7":"category-toulouse","8":"tag-actu","9":"tag-actualites","10":"tag-eu","11":"tag-europe","12":"tag-fr","13":"tag-france","14":"tag-news","15":"tag-occitanie","16":"tag-pistes-cyclables","17":"tag-republique-francaise","18":"tag-societe","19":"tag-toulouse","20":"tag-urbanisme"},"share_on_mastodon":{"url":"https:\/\/pubeurope.com\/@fr\/114629196171157935","error":""},"_links":{"self":[{"href":"https:\/\/www.europesays.com\/fr\/wp-json\/wp\/v2\/posts\/153216","targetHints":{"allow":["GET"]}}],"collection":[{"href":"https:\/\/www.europesays.com\/fr\/wp-json\/wp\/v2\/posts"}],"about":[{"href":"https:\/\/www.europesays.com\/fr\/wp-json\/wp\/v2\/types\/post"}],"author":[{"embeddable":true,"href":"https:\/\/www.europesays.com\/fr\/wp-json\/wp\/v2\/users\/2"}],"replies":[{"embeddable":true,"href":"https:\/\/www.europesays.com\/fr\/wp-json\/wp\/v2\/comments?post=153216"}],"version-history":[{"count":0,"href":"https:\/\/www.europesays.com\/fr\/wp-json\/wp\/v2\/posts\/153216\/revisions"}],"wp:featuredmedia":[{"embeddable":true,"href":"https:\/\/www.europesays.com\/fr\/wp-json\/wp\/v2\/media\/153217"}],"wp:attachment":[{"href":"https:\/\/www.europesays.com\/fr\/wp-json\/wp\/v2\/media?parent=153216"}],"wp:term":[{"taxonomy":"category","embeddable":true,"href":"https:\/\/www.europesays.com\/fr\/wp-json\/wp\/v2\/categories?post=153216"},{"taxonomy":"post_tag","embeddable":true,"href":"https:\/\/www.europesays.com\/fr\/wp-json\/wp\/v2\/tags?post=153216"}],"curies":[{"name":"wp","href":"https:\/\/api.w.org\/{rel}","templated":true}]}}