{"id":153220,"date":"2025-06-05T05:52:22","date_gmt":"2025-06-05T05:52:22","guid":{"rendered":"https:\/\/www.europesays.com\/fr\/153220\/"},"modified":"2025-06-05T05:52:22","modified_gmt":"2025-06-05T05:52:22","slug":"marine-le-pen-condamnee-le-tribunal-administratif-de-lille-confirme-la-perte-de-son-mandat-de-conseillere-departementale","status":"publish","type":"post","link":"https:\/\/www.europesays.com\/fr\/153220\/","title":{"rendered":"Marine Le\u00a0Pen condamn\u00e9e\u00a0: le tribunal administratif de Lille confirme la perte de son mandat de conseill\u00e8re d\u00e9partementale"},"content":{"rendered":"<p>Dans sa croisade visant \u00e0 d\u00e9l\u00e9gitimer sa condamnation \u00e0 une in\u00e9ligibilit\u00e9 imm\u00e9diate lors du proc\u00e8s des emplois fictifs du RN, <a href=\"https:\/\/www.humanite.fr\/politique\/departements\/marine-le-pen-en-croisade-contre-les-juges-tyrans-conteste-la-perte-de-son-poste-de-conseillere-departementale\" rel=\"nofollow noopener\" target=\"_blank\">Marine Le\u00a0Pen<\/a> a perdu une manche. La pr\u00e9fecture du Pas-de-Calais lui <a href=\"https:\/\/www.humanite.fr\/politique\/marine-le-pen\/proces-rn-marine-le-pen-conteste-devant-la-justice-la-perte-de-son-mandat-de-conseillere-departementale\" rel=\"nofollow noopener\" target=\"_blank\">avait notifi\u00e9 en avril<\/a> sa d\u00e9mission d\u2019office du poste de conseill\u00e8re d\u00e9partementale. La cheffe de file des d\u00e9put\u00e9s Rassemblement national (RN) avait contest\u00e9 la d\u00e9cision dans la foul\u00e9e aupr\u00e8s du tribunal administratif de Lille. La justice lui a donn\u00e9 tort ce mercredi 4\u00a0juin, actant sa d\u00e9mission.<\/p>\n<p>\u00ab\u00a0Sur le fond du litige, le tribunal a jug\u00e9 que les dispositions l\u00e9gislatives du code \u00e9lectoral applicables aux conseillers d\u00e9partementaux imposent au pr\u00e9fet de d\u00e9clarer d\u00e9missionnaire d\u2019office l\u2019\u00e9lu d\u00e9partemental d\u00e9clar\u00e9 in\u00e9ligible par le juge p\u00e9nal, par un jugement assorti de l\u2019ex\u00e9cution provisoire\u00a0\u00bb a statu\u00e9 <a href=\"https:\/\/lille.tribunal-administratif.fr\/decisions-de-justice\/dernieres-decisions\/le-tribunal-administratif-de-lille-confirme-la-demission-d-office-de-mme-marine-le-pen-de-son-mandat-de-conseillere-departementale-du-pas-de-calais\" rel=\"nofollow noopener\" target=\"_blank\">le tribunal dans sa d\u00e9cision<\/a>.<\/p>\n<p>Marine Le\u00a0Pen fait appel<\/p>\n<p>Le 31\u00a0mars dernier, <a href=\"https:\/\/www.humanite.fr\/politique\/assistants-parlementaires\/proces-du-rn-marine-le-pen-condamnee-a-une-peine-dineligibilite-a-effet-immediat-pour-detournement-de-fonds-publics\" rel=\"nofollow noopener\" target=\"_blank\">le tribunal de Paris d\u00e9clarait Marine Le\u00a0Pen coupable<\/a>\u00a0d\u2019avoir mis au point un syst\u00e8me de d\u00e9tournement de fonds publics dans <a href=\"https:\/\/www.humanite.fr\/politique\/assistants-parlementaires\/proces-du-rn-marine-le-pen-condamnee-a-une-peine-dineligibilite-a-effet-immediat-pour-detournement-de-fonds-publics\" rel=\"nofollow noopener\" target=\"_blank\">l\u2019affaire des assistants parlementaires europ\u00e9ens du RN<\/a>, pour un pr\u00e9judice total de 4,1\u00a0millions d\u2019euros. Elle a \u00e9t\u00e9 condamn\u00e9e \u00e0 quatre ans de prison, dont deux ans ferme et \u00e0 cinq d\u2019in\u00e9ligibilit\u00e9 avec ex\u00e9cution provisoire. Condamnation de laquelle elle a \u00e9galement fait appel, avec, en point de mire, la course \u00e0 la pr\u00e9sidentielle de 2027.<\/p>\n<p>Marine Le\u00a0Pen ne semble pas aimer la d\u00e9faite et persiste. Son avocat, Thomas Laval, a imm\u00e9diatement annonc\u00e9 qu\u2019elle <a href=\"https:\/\/www.humanite.fr\/feminisme\/gisele-pelicot\/proces-des-viols-de-mazan-un-seul-des-51-condamnes-maintient-son-appel\" rel=\"nofollow noopener\" target=\"_blank\">souhaitait faire appel<\/a>, suspendant la d\u00e9mission d\u2019office. Dans un communiqu\u00e9 transmis \u00e0 la presse suite \u00e0 l\u2019annonce du verdict, Thomas Laval d\u00e9plore une d\u00e9cision qui \u00ab\u00a0la prive de repr\u00e9senter les \u00e9lecteurs du canton d\u2019H\u00e9nin-Beaumont\u00a0\u00bb. \u00ab\u00a0Le m\u00e9canisme de la d\u00e9mission d\u2019office pour une peine d\u2019in\u00e9ligibilit\u00e9 non d\u00e9finitive, viole plusieurs principes fondamentaux dans un \u00c9tat de droit, comme le principe de la contradiction, ainsi que plusieurs engagements internationaux de la France\u00a0\u00bb, a-t-il continu\u00e9 recyclant l\u2019argumentaire d\u00e9ploy\u00e9 par les cadres RN qui n\u2019ont eu de cesse d\u2019\u00e9ructer contre \u00ab\u00a0les juges tyrans qui ex\u00e9cutent l\u2019\u00c9tat de droit en place publique\u00a0\u00bb.<\/p>\n<p>Or non seulement le tribunal administratif de Lille a rejet\u00e9 la question prioritaire de constitutionnalit\u00e9 (QPC) que la patronne du RN avait transmise pour faire valoir une possible atteinte \u00e0 la libert\u00e9 des \u00e9lecteurs et \u00e0 d\u2019autres principes constitutionnels, mais il a soulign\u00e9 que les dispositions l\u00e9gislatives mises en cause ont d\u00e9j\u00e0 \u00e9t\u00e9 jug\u00e9es conformes \u00e0 la Constitution par une d\u00e9cision du Conseil constitutionnel du 28\u00a0mars 2025.<\/p>\n<p>Face \u00e0 l\u2019extr\u00eame droite, ne rien l\u00e2cher\u00a0!<\/p>\n<p>C\u2019est pied \u00e0 pied, argument contre argument qu\u2019il faut combattre l\u2019extr\u00eame droite. Et c\u2019est ce que nous faisons chaque jour dans l\u2019Humanit\u00e9.<\/p>\n<p>Face aux attaques incessantes des racistes et des porteurs de haine\u00a0: soutenez-nous\u00a0! Ensemble, faisons entendre une autre voix dans ce d\u00e9bat public toujours plus naus\u00e9abond.<br \/><a href=\"https:\/\/www.humanite.fr\/lhumanite-cest-vous\" rel=\"nofollow noopener\" target=\"_blank\">Je veux en savoir plus.<\/a><\/p>\n","protected":false},"excerpt":{"rendered":"Dans sa croisade visant \u00e0 d\u00e9l\u00e9gitimer sa condamnation \u00e0 une in\u00e9ligibilit\u00e9 imm\u00e9diate lors du proc\u00e8s des emplois fictifs&hellip;\n","protected":false},"author":2,"featured_media":153221,"comment_status":"","ping_status":"","sticky":false,"template":"","format":"standard","meta":{"footnotes":""},"categories":[2815],"tags":[1111,11,28290,1777,674,1011,27,811,303,1307,430,12,25],"class_list":{"0":"post-153220","1":"post","2":"type-post","3":"status-publish","4":"format-standard","5":"has-post-thumbnail","7":"category-lille","8":"tag-actu","9":"tag-actualites","10":"tag-du00e9tournement-de-fonds","11":"tag-eu","12":"tag-europe","13":"tag-fr","14":"tag-france","15":"tag-hauts-de-france","16":"tag-justice","17":"tag-lille","18":"tag-marine-le-pen","19":"tag-news","20":"tag-republique-francaise"},"share_on_mastodon":{"url":"https:\/\/pubeurope.com\/@fr\/114629204023269737","error":""},"_links":{"self":[{"href":"https:\/\/www.europesays.com\/fr\/wp-json\/wp\/v2\/posts\/153220","targetHints":{"allow":["GET"]}}],"collection":[{"href":"https:\/\/www.europesays.com\/fr\/wp-json\/wp\/v2\/posts"}],"about":[{"href":"https:\/\/www.europesays.com\/fr\/wp-json\/wp\/v2\/types\/post"}],"author":[{"embeddable":true,"href":"https:\/\/www.europesays.com\/fr\/wp-json\/wp\/v2\/users\/2"}],"replies":[{"embeddable":true,"href":"https:\/\/www.europesays.com\/fr\/wp-json\/wp\/v2\/comments?post=153220"}],"version-history":[{"count":0,"href":"https:\/\/www.europesays.com\/fr\/wp-json\/wp\/v2\/posts\/153220\/revisions"}],"wp:featuredmedia":[{"embeddable":true,"href":"https:\/\/www.europesays.com\/fr\/wp-json\/wp\/v2\/media\/153221"}],"wp:attachment":[{"href":"https:\/\/www.europesays.com\/fr\/wp-json\/wp\/v2\/media?parent=153220"}],"wp:term":[{"taxonomy":"category","embeddable":true,"href":"https:\/\/www.europesays.com\/fr\/wp-json\/wp\/v2\/categories?post=153220"},{"taxonomy":"post_tag","embeddable":true,"href":"https:\/\/www.europesays.com\/fr\/wp-json\/wp\/v2\/tags?post=153220"}],"curies":[{"name":"wp","href":"https:\/\/api.w.org\/{rel}","templated":true}]}}