{"id":153222,"date":"2025-06-05T05:53:12","date_gmt":"2025-06-05T05:53:12","guid":{"rendered":"https:\/\/www.europesays.com\/fr\/153222\/"},"modified":"2025-06-05T05:53:12","modified_gmt":"2025-06-05T05:53:12","slug":"the-art-of-the-brick-debarque-a-marseille-ce-jeudi-5-juin","status":"publish","type":"post","link":"https:\/\/www.europesays.com\/fr\/153222\/","title":{"rendered":"\u00ab\u00a0The Art of the Brick\u00a0\u00bb d\u00e9barque \u00e0 Marseille ce jeudi 5\u00a0juin"},"content":{"rendered":"<p>\u00ab\u00a0Le Lego est un jouet universel et accessible, tout le monde le conna\u00eet et a des liens avec. Avec cette exposition, je veux permettre au plus grand nombre de se connecter avec l\u2019art\u00a0\u00bb, explique l\u2019artiste am\u00e9ricain bas\u00e9 \u00e0 New York, Nathan Sawaya, exceptionnellement pr\u00e9sent pour le lancement de son expo \u00ab\u00a0The art of the brick\u00a0\u00bb \u00e0 Marseille, le 120e stop de cette manifestation artistique en c\u00e9l\u00e8bres briques.<\/p>\n<p>\u00ab\u00a0Je suis ravi d\u2019\u00eatre \u00e0 Marseille, tr\u00e8s heureux et tr\u00e8s excit\u00e9, je n\u2019\u00e9tais jamais venu, c\u2019est la plus vieille ville de France, je suis tr\u00e8s content qu\u2019on ait pu enfin venir.\u00a0\u00bb Et pour l\u2019occasion, l\u2019artiste a m\u00eame produit une \u0153uvre \u00ab\u00a0en deux jours\u00a0\u00bb\u00a0: la r\u00e9plique en Lego <a href=\"https:\/\/www.laprovence.com\/article\/region\/60079338496376\/un-nouveau-banksy-a-marseille-loeuvre-du-phare-avec-une-phrase-en-anglais-qui-agite-les-reseaux-sociaux\" target=\"_blank\" rel=\"noopener\">du phare myst\u00e9rieux de Banksy d\u00e9couvert sur un mur dans le quartier des Catalans il y a quelques jours, sans oublier la borne urbaine qui va avec sur le trottoir.<\/a><\/p>\n<p>Un dinosaure de 80\u00a0020 pi\u00e8ces et des portraits pop art<\/p>\n<p>Dans un espace de 1\u00a0000m\u00b2 rue Saint-Ferr\u00e9ol (1er), le public d\u00e9ambule sur deux \u00e9tages pour d\u00e9couvrir des \u0153uvres color\u00e9es et impressionnantes mais surtout tr\u00e8s diversifi\u00e9es. \u00ab\u00a0Je joue avec Lego depuis tout petit, dans les ann\u00e9es\u00a070, et j\u2019en explore les possibilit\u00e9s artistiques depuis 15\u00a0ans.\u00a0\u00bb Des jeux de perspectives, des trompe-l\u2019\u0153il, \u00ab\u00a0des lignes droites qui deviennent des courbes\u00a0\u00bb, des sculptures monumentales monochromes rouges, bleues ou jaunes essentiellement, \u00ab\u00a0les principales couleurs de<a href=\"https:\/\/www.laprovence.com\/article\/economie\/7085421738266114\/lego-qui-enregistre-un-record-de-benefices-n-a-pas-peur-de-trump\" target=\"_blank\" rel=\"noopener\"> Lego de mon enfance.<\/a>\u00ab\u00a0<\/p>\n<p>Des \u0153uvres sur la condition humaine, une salle des cr\u00e2nes psych\u00e9d\u00e9lique, un T-rex g\u00e9ant de 6 m\u00e8tres de long fabriqu\u00e9 avec plus de 80\u00a0000 pi\u00e8ces, sp\u00e9cialement d\u00e9di\u00e9 aux enfants dans une pi\u00e8ce \u00e0 part. Ou encore des portraits, fa\u00e7on pop art, de Bob Dylan, Janis Joplin et Jimi Hendrix, de plus de mille pi\u00e8ces chacun. Mais aussi et surtout des r\u00e9pliques d\u2019\u0153uvres d\u2019art connues que l\u2019artiste appr\u00e9cie particuli\u00e8rement.<\/p>\n<p><img alt=\"La salle des cr\u00e2nes psych\u00e9d\u00e9lique de l\u2019expo en Lego, &quot;The art of the brick&quot;.\" loading=\"lazy\" decoding=\"async\" data-nimg=\"fill\" class=\" TwicCore_img__i9TC1 undefined  undefined\" style=\"position:absolute;height:100%;width:100%;left:0;top:0;right:0;bottom:0;color:transparent;background-size:cover;background-position:50% 50%;background-repeat:no-repeat;background-image:url(&quot;data:image\/svg+xml;charset=utf-8,%3Csvg xmlns='http:\/\/www.w3.org\/2000\/svg' %3E%3Cfilter id='b' color-interpolation-filters='sRGB'%3E%3CfeGaussianBlur stdDeviation='20'\/%3E%3CfeColorMatrix values='1 0 0 0 0 0 1 0 0 0 0 0 1 0 0 0 0 0 100 -1' result='s'\/%3E%3CfeFlood x='0' y='0' width='100%25' height='100%25'\/%3E%3CfeComposite operator='out' in='s'\/%3E%3CfeComposite in2='SourceGraphic'\/%3E%3CfeGaussianBlur stdDeviation='20'\/%3E%3C\/filter%3E%3Cimage width='100%25' height='100%25' x='0' y='0' preserveAspectRatio='none' style='filter: url(%23b);' href='https:\/\/pictures.laprovence.com\/cdn-cgi\/image\/blur=250\/media\/melody\/2025\/06\/05\/exposition-dart-en-lego-au-45-rue-saint-ferreol-lexposition-ouvre-ses-portes-avec-plus-dune-centaine-1749100142_8fcc9eb17048638dc9eb170480ddc9v_.jpg'\/%3E%3C\/svg%3E&quot;)\"   src=\"https:\/\/www.europesays.com\/fr\/wp-content\/uploads\/2025\/06\/exposition-dart-en-lego-au-45-rue-saint-ferreol-lexposition-ouvre-ses-portes-avec-plus-dune-centaine.jpeg\"\/>La salle des cr\u00e2nes psych\u00e9d\u00e9lique de l\u2019expo en Lego, \u00ab\u00a0The art of the brick\u00a0\u00bb. \/ Philippe LAURENSONDes r\u00e9pliques de chefs-d\u2019\u0153uvre de l\u2019histoire de l\u2019art<\/p>\n<p>Les chefs-d\u2019\u0153uvre se succ\u00e8dent\u00a0: la Joconde de Vinci, Le cri de Munch, le David de Michel-Ange, clin d\u2019\u0153il aussi \u00e0 Marseille, Le baiser de Klimt. Ou m\u00eame La nuit \u00e9toil\u00e9e de Van Gogh. \u00ab\u00a0Quand je r\u00e9alise une r\u00e9plique, j\u2019\u00e9tudie en profondeur l\u2019\u0153uvre originale. Pour les autres, les id\u00e9es me viennent souvent quand je voyage. Je fais un plan, j\u2019ai une vision, je colle chaque brique l\u2019une apr\u00e8s l\u2019autre.<\/p>\n<p>Mes travaux doivent aussi pouvoir voyager sans se casser donc je colle beaucoup ! C\u2019est un proc\u00e9d\u00e9 artistique tr\u00e8s lent : c\u2019est presque th\u00e9rapeutique, je r\u00e9alise pi\u00e8ce par pi\u00e8ce mes \u0153uvres chez moi en musique avec \u00e9norm\u00e9ment de patience\u00a0\u00bb, nous raconte Nathan Sawaya. Pour chaque \u0153uvre, le nombre de briques utilis\u00e9es est indiqu\u00e9 et un message est d\u00e9livr\u00e9 par l\u2019artiste. Il y raconte ses sources d\u2019inspiration ou transmet ses id\u00e9es, ses punchlines de vie. \u00ab\u00a0Les r\u00eaves se construisent\u2026 une brique apr\u00e8s l\u2019autre.\u00a0\u00bb<\/p>\n<p><img alt=\"Des r\u00e9pliques de chefs-d\u2019\u0153uvre en Lego par Nathan Sawaya.\" loading=\"lazy\" decoding=\"async\" data-nimg=\"fill\" class=\" TwicCore_img__i9TC1 undefined  undefined\" style=\"position:absolute;height:100%;width:100%;left:0;top:0;right:0;bottom:0;color:transparent;background-size:cover;background-position:50% 50%;background-repeat:no-repeat;background-image:url(&quot;data:image\/svg+xml;charset=utf-8,%3Csvg xmlns='http:\/\/www.w3.org\/2000\/svg' %3E%3Cfilter id='b' color-interpolation-filters='sRGB'%3E%3CfeGaussianBlur stdDeviation='20'\/%3E%3CfeColorMatrix values='1 0 0 0 0 0 1 0 0 0 0 0 1 0 0 0 0 0 100 -1' result='s'\/%3E%3CfeFlood x='0' y='0' width='100%25' height='100%25'\/%3E%3CfeComposite operator='out' in='s'\/%3E%3CfeComposite in2='SourceGraphic'\/%3E%3CfeGaussianBlur stdDeviation='20'\/%3E%3C\/filter%3E%3Cimage width='100%25' height='100%25' x='0' y='0' preserveAspectRatio='none' style='filter: url(%23b);' href='https:\/\/pictures.laprovence.com\/cdn-cgi\/image\/blur=250\/media\/melody\/2025\/06\/05\/exposition-dart-en-lego-au-45-rue-saint-ferreol-lexposition-ouvre-ses-portes-avec-plus-dune-centaine-1749100142_328c66d170486368c66d170480a8c6v_.jpg'\/%3E%3C\/svg%3E&quot;)\"   src=\"https:\/\/www.europesays.com\/fr\/wp-content\/uploads\/2025\/06\/1749102792_45_exposition-dart-en-lego-au-45-rue-saint-ferreol-lexposition-ouvre-ses-portes-avec-plus-dune-centaine.jpeg\"\/>Des r\u00e9pliques de chefs-d\u2019\u0153uvre en Lego par Nathan Sawaya. \/ Photo Philippe LAURENSONUne nouvelle salle dans l\u2019expo marseillaise<\/p>\n<p>En plus de la r\u00e9plique du Banksy des Catalans, l\u2019expo marseillaise comporte une autre nouveaut\u00e9. Une salle r\u00e9serv\u00e9e \u00e0 la collaboration avec le photographe australien Dean West. Ce dernier r\u00e9alise des photos hyperr\u00e9alistes \u00e0 travers notamment des d\u00e9cors californiens.<\/p>\n<p>Dans chaque photo grand format un \u00e9l\u00e9ment est d\u00e9tourn\u00e9 en briques et sort de la photo pour tr\u00f4ner dans la pi\u00e8ce devant ou \u00e0 c\u00f4t\u00e9 du clich\u00e9 en grandeur nature. Une mise en abyme qui joue encore une fois pour amuser le visiteur, l\u2019inspirer et l\u2019enchanter. Une immersion grandeur nature dans le monde du jouet le plus c\u00e9l\u00e8bre qui va ravir toutes les g\u00e9n\u00e9rations.<\/p>\n<p>Jusqu\u2019en septembre. 45 rue Saint-Ferr\u00e9ol, \u00e0 Marseille (1er). Tous les jours (sauf le mardi) de 10 h \u00e0 19 h 30. Tarifs 10,90\u00a0\u20ac enfant\/13,90\u00a0\u20ac adulte. Gratuit pour les moins de 4\u00a0ans. theartofthebrickexpo.com\/marseille.<\/p>\n","protected":false},"excerpt":{"rendered":"\u00ab\u00a0Le Lego est un jouet universel et accessible, tout le monde le conna\u00eet et a des liens avec.&hellip;\n","protected":false},"author":2,"featured_media":153223,"comment_status":"","ping_status":"","sticky":false,"template":"","format":"standard","meta":{"footnotes":""},"categories":[2814],"tags":[17,1111,11,3734,28291,251,1777,674,1011,27,7105,3053,14812,884,12,882,25,3989],"class_list":{"0":"post-153222","1":"post","2":"type-post","3":"status-publish","4":"format-standard","5":"has-post-thumbnail","7":"category-marseille","8":"tag-17","9":"tag-actu","10":"tag-actualites","11":"tag-art","12":"tag-brick","13":"tag-culture","14":"tag-eu","15":"tag-europe","16":"tag-fr","17":"tag-france","18":"tag-jouet","19":"tag-lart","20":"tag-lego","21":"tag-marseille","22":"tag-news","23":"tag-provence-alpes-cote-dazur","24":"tag-republique-francaise","25":"tag-the"},"share_on_mastodon":{"url":"https:\/\/pubeurope.com\/@fr\/114629207901500170","error":""},"_links":{"self":[{"href":"https:\/\/www.europesays.com\/fr\/wp-json\/wp\/v2\/posts\/153222","targetHints":{"allow":["GET"]}}],"collection":[{"href":"https:\/\/www.europesays.com\/fr\/wp-json\/wp\/v2\/posts"}],"about":[{"href":"https:\/\/www.europesays.com\/fr\/wp-json\/wp\/v2\/types\/post"}],"author":[{"embeddable":true,"href":"https:\/\/www.europesays.com\/fr\/wp-json\/wp\/v2\/users\/2"}],"replies":[{"embeddable":true,"href":"https:\/\/www.europesays.com\/fr\/wp-json\/wp\/v2\/comments?post=153222"}],"version-history":[{"count":0,"href":"https:\/\/www.europesays.com\/fr\/wp-json\/wp\/v2\/posts\/153222\/revisions"}],"wp:featuredmedia":[{"embeddable":true,"href":"https:\/\/www.europesays.com\/fr\/wp-json\/wp\/v2\/media\/153223"}],"wp:attachment":[{"href":"https:\/\/www.europesays.com\/fr\/wp-json\/wp\/v2\/media?parent=153222"}],"wp:term":[{"taxonomy":"category","embeddable":true,"href":"https:\/\/www.europesays.com\/fr\/wp-json\/wp\/v2\/categories?post=153222"},{"taxonomy":"post_tag","embeddable":true,"href":"https:\/\/www.europesays.com\/fr\/wp-json\/wp\/v2\/tags?post=153222"}],"curies":[{"name":"wp","href":"https:\/\/api.w.org\/{rel}","templated":true}]}}