{"id":153227,"date":"2025-06-05T05:56:14","date_gmt":"2025-06-05T05:56:14","guid":{"rendered":"https:\/\/www.europesays.com\/fr\/153227\/"},"modified":"2025-06-05T05:56:14","modified_gmt":"2025-06-05T05:56:14","slug":"cetait-quoi-ce-panache-de-fumee-au-sud-de-lyon-les-pompiers-face-a-un-incendie-impossible-a-eteindre","status":"publish","type":"post","link":"https:\/\/www.europesays.com\/fr\/153227\/","title":{"rendered":"C&rsquo;\u00e9tait quoi ce panache de fum\u00e9e au sud de Lyon ? Les pompiers face \u00e0 un incendie impossible \u00e0 \u00e9teindre"},"content":{"rendered":"<p>C&rsquo;\u00e9tait quoi ce panache de fum\u00e9e au sud de Lyon ? Les pompiers face \u00e0 un incendie impossible \u00e0 \u00e9teindre &#8211; DR<\/p>\n<p itemprop=\"description\"><strong>Ce mercredi en fin d&rsquo;apr\u00e8s-midi, de nombreux habitants du Rh\u00f4ne et automobilistes ont pu apercevoir un \u00e9pais panache de fum\u00e9es au sud de l&rsquo;agglom\u00e9ration lyonnaise.<\/strong><\/p>\n<p>La faute \u00e0 un incendie survenu vers 18h dans un transformateur \u00e9lectrique de 400 000 vols \u00e0 Echalas.<\/p>\n<p>L&rsquo;op\u00e9ration a \u00e9t\u00e9 massive, avec 46 pompiers et 19 engins d\u00e9ploy\u00e9s sur place, et l&rsquo;appui technique de nombreux salari\u00e9s de RTE.<\/p>\n<p>Imm\u00e9diatement, les soldats du feu ont install\u00e9 un r\u00e9seau de mesures de la toxicit\u00e9 des fum\u00e9es sur les communes concern\u00e9es, \u00e0 savoir Echalas, Givors et Saint-Romain-en-Gier. Mais \u00ab\u00a0les relev\u00e9s ont indiqu\u00e9 des niveaux de pollution \u00e0 des seuils inf\u00e9rieurs \u00e0 ceux enregistr\u00e9s parfois sur certaines agglom\u00e9rations\u00a0\u00bb, fait savoir la pr\u00e9fecture du Rh\u00f4ne.<\/p>\n<p>Au bout de 4 heures de surveillance, les pompiers ont constat\u00e9 que le feu baissait \u00ab\u00a0consid\u00e9rablement\u00a0\u00bb en intensit\u00e9. Ce qui \u00e9tait une bonne nouvelle car selon l&rsquo;expertise du SDMIS, l&rsquo;extinction du sinistre dans le transformateur n&rsquo;\u00e9tait \u00ab\u00a0pas possible par une intervention directe\u00a0\u00bb.<\/p>\n<p>\u00ab\u00a0Aussi, et en l&rsquo;absence de risque, la d\u00e9cision a \u00e9t\u00e9 prise d&rsquo;obtenir l&rsquo;extinction de l&rsquo;incendie par la disparition de la mati\u00e8re combustible\u00a0\u00bb, concluent les services de l&rsquo;Etat. Comprendre que le feu s&rsquo;arr\u00eatera de lui-m\u00eame, quand il n&rsquo;aura plus rien \u00e0 consumer.<\/p>\n<p>En attendant, c&rsquo;est RTE qui sera charg\u00e9 de la surveillance du site, en lien avec la pr\u00e9fecture, le SDMIS et les gendarmes.<\/p>\n","protected":false},"excerpt":{"rendered":"C&rsquo;\u00e9tait quoi ce panache de fum\u00e9e au sud de Lyon ? Les pompiers face \u00e0 un incendie impossible&hellip;\n","protected":false},"author":2,"featured_media":153228,"comment_status":"","ping_status":"","sticky":false,"template":"","format":"standard","meta":{"footnotes":""},"categories":[1889],"tags":[1111,11,2813,2190,2430,1109,251,1112,2811,1777,674,118,1011,27,1922,1110,1114,2428,2810,12,241,316,25,2812,517,800],"class_list":{"0":"post-153227","1":"post","2":"type-post","3":"status-publish","4":"format-standard","5":"has-post-thumbnail","7":"category-lyon","8":"tag-actu","9":"tag-actualites","10":"tag-article","11":"tag-asvel","12":"tag-auvergne-rhone-alpes","13":"tag-breves","14":"tag-culture","15":"tag-depeches","16":"tag-economique","17":"tag-eu","18":"tag-europe","19":"tag-faits-divers","20":"tag-fr","21":"tag-france","22":"tag-info","23":"tag-informations","24":"tag-infos","25":"tag-lyon","26":"tag-lyonmag","27":"tag-news","28":"tag-ol","29":"tag-politique","30":"tag-republique-francaise","31":"tag-sociale","32":"tag-sport","33":"tag-transports"},"share_on_mastodon":{"url":"https:\/\/pubeurope.com\/@fr\/114629219647583491","error":""},"_links":{"self":[{"href":"https:\/\/www.europesays.com\/fr\/wp-json\/wp\/v2\/posts\/153227","targetHints":{"allow":["GET"]}}],"collection":[{"href":"https:\/\/www.europesays.com\/fr\/wp-json\/wp\/v2\/posts"}],"about":[{"href":"https:\/\/www.europesays.com\/fr\/wp-json\/wp\/v2\/types\/post"}],"author":[{"embeddable":true,"href":"https:\/\/www.europesays.com\/fr\/wp-json\/wp\/v2\/users\/2"}],"replies":[{"embeddable":true,"href":"https:\/\/www.europesays.com\/fr\/wp-json\/wp\/v2\/comments?post=153227"}],"version-history":[{"count":0,"href":"https:\/\/www.europesays.com\/fr\/wp-json\/wp\/v2\/posts\/153227\/revisions"}],"wp:featuredmedia":[{"embeddable":true,"href":"https:\/\/www.europesays.com\/fr\/wp-json\/wp\/v2\/media\/153228"}],"wp:attachment":[{"href":"https:\/\/www.europesays.com\/fr\/wp-json\/wp\/v2\/media?parent=153227"}],"wp:term":[{"taxonomy":"category","embeddable":true,"href":"https:\/\/www.europesays.com\/fr\/wp-json\/wp\/v2\/categories?post=153227"},{"taxonomy":"post_tag","embeddable":true,"href":"https:\/\/www.europesays.com\/fr\/wp-json\/wp\/v2\/tags?post=153227"}],"curies":[{"name":"wp","href":"https:\/\/api.w.org\/{rel}","templated":true}]}}