{"id":153231,"date":"2025-06-05T05:58:09","date_gmt":"2025-06-05T05:58:09","guid":{"rendered":"https:\/\/www.europesays.com\/fr\/153231\/"},"modified":"2025-06-05T05:58:09","modified_gmt":"2025-06-05T05:58:09","slug":"fiere-de-son-biomethane-charny-est-la-premiere-commune-dile-de-france-a-installer-un-panneau-gaz-vert-a-son-entree","status":"publish","type":"post","link":"https:\/\/www.europesays.com\/fr\/153231\/","title":{"rendered":"Fi\u00e8re de son biom\u00e9thane, Charny est la premi\u00e8re commune d\u2019\u00cele-de-France \u00e0 installer un panneau \u00ab\u00a0gaz vert\u00a0\u00bb \u00e0 son entr\u00e9e"},"content":{"rendered":"<p class=\"paragraph text_align_left\">\u00c0 c\u00f4t\u00e9 des habituels \u00ab villages fleuris \u00bb ou \u00ab Plaines et Monts de France \u00bb, un nouveau panneau arbore la mention \u00ab gaz vert, ville engag\u00e9e \u00bb \u00e0 l\u2019entr\u00e9e du village de <a href=\"https:\/\/www.leparisien.fr\/seine-et-marne-77\/charny-77410\/\" target=\"_self\" rel=\"noopener\">Charny<\/a>. Cette commune de 1 500 habitants du nord de la Seine-et-Marne est la premi\u00e8re d\u2019\u00cele-de-France \u00e0 mettre en avant le fait que ses habitants sont aliment\u00e9s par du <a href=\"https:\/\/www.leparisien.fr\/economie\/crise-de-lenergie-le-biomethane-un-bon-filon-a-exploiter-07-06-2023-6MQ33Q3LJJA3PG4K772BCVRNTE.php\" target=\"_self\" rel=\"noopener\">biom\u00e9thane<\/a> produit par un m\u00e9thaniseur. Une fa\u00e7on pour le r\u00e9seau Gaz R\u00e9seau Distribution France (GRDF) de promouvoir \u00ab une image positive aupr\u00e8s de la population et d\u2019inciter les agriculteurs \u00e0 se lancer dans cette diversification \u00bb.<\/p>\n<p class=\"paragraph text_align_left\">En arrivant \u00e0 proximit\u00e9 du village, difficile de passer \u00e0 c\u00f4t\u00e9 de cette installation compos\u00e9e d\u2019\u00e9normes r\u00e9servoirs gris coiff\u00e9s d\u2019un d\u00f4me. Il y a cinq ans, des agriculteurs de Charny ont pr\u00e9sent\u00e9 ce projet au maire Xavier Ferreira (SE) apr\u00e8s avoir \u00e9t\u00e9 durement frapp\u00e9s par la crise agricole de 2016.<\/p>\n","protected":false},"excerpt":{"rendered":"\u00c0 c\u00f4t\u00e9 des habituels \u00ab villages fleuris \u00bb ou \u00ab Plaines et Monts de France \u00bb, un nouveau&hellip;\n","protected":false},"author":2,"featured_media":153232,"comment_status":"","ping_status":"","sticky":false,"template":"","format":"standard","meta":{"footnotes":""},"categories":[1592],"tags":[1111,11,1777,674,1011,27,3746,662,1944,12,626,25,1937],"class_list":{"0":"post-153231","1":"post","2":"type-post","3":"status-publish","4":"format-standard","5":"has-post-thumbnail","7":"category-ile-de-france","8":"tag-actu","9":"tag-actualites","10":"tag-eu","11":"tag-europe","12":"tag-fr","13":"tag-france","14":"tag-futurs","15":"tag-ile-de-france","16":"tag-ma-ville","17":"tag-news","18":"tag-paris","19":"tag-republique-francaise","20":"tag-seine-et-marne"},"share_on_mastodon":{"url":"https:\/\/pubeurope.com\/@fr\/114629227541223183","error":""},"_links":{"self":[{"href":"https:\/\/www.europesays.com\/fr\/wp-json\/wp\/v2\/posts\/153231","targetHints":{"allow":["GET"]}}],"collection":[{"href":"https:\/\/www.europesays.com\/fr\/wp-json\/wp\/v2\/posts"}],"about":[{"href":"https:\/\/www.europesays.com\/fr\/wp-json\/wp\/v2\/types\/post"}],"author":[{"embeddable":true,"href":"https:\/\/www.europesays.com\/fr\/wp-json\/wp\/v2\/users\/2"}],"replies":[{"embeddable":true,"href":"https:\/\/www.europesays.com\/fr\/wp-json\/wp\/v2\/comments?post=153231"}],"version-history":[{"count":0,"href":"https:\/\/www.europesays.com\/fr\/wp-json\/wp\/v2\/posts\/153231\/revisions"}],"wp:featuredmedia":[{"embeddable":true,"href":"https:\/\/www.europesays.com\/fr\/wp-json\/wp\/v2\/media\/153232"}],"wp:attachment":[{"href":"https:\/\/www.europesays.com\/fr\/wp-json\/wp\/v2\/media?parent=153231"}],"wp:term":[{"taxonomy":"category","embeddable":true,"href":"https:\/\/www.europesays.com\/fr\/wp-json\/wp\/v2\/categories?post=153231"},{"taxonomy":"post_tag","embeddable":true,"href":"https:\/\/www.europesays.com\/fr\/wp-json\/wp\/v2\/tags?post=153231"}],"curies":[{"name":"wp","href":"https:\/\/api.w.org\/{rel}","templated":true}]}}