{"id":153233,"date":"2025-06-05T05:59:11","date_gmt":"2025-06-05T05:59:11","guid":{"rendered":"https:\/\/www.europesays.com\/fr\/153233\/"},"modified":"2025-06-05T05:59:11","modified_gmt":"2025-06-05T05:59:11","slug":"nouvelle-numerotation-des-chaines-de-la-tnt-ce-qui-change-les-arrivees-les-enjeux-les-questions-que-lon-se-pose","status":"publish","type":"post","link":"https:\/\/www.europesays.com\/fr\/153233\/","title":{"rendered":"Nouvelle num\u00e9rotation des cha\u00eenes de la TNT\u00a0: ce qui change, les arriv\u00e9es, les enjeux\u2026 Les questions que l\u2019on se pose"},"content":{"rendered":"<p class=\"paragraph text_align_left\">Demain d\u00e8s l\u2019aube, \u00e0 l\u2019heure o\u00f9 blanchit la campagne, ma t\u00e9l\u00e9 aura chang\u00e9. Dans la nuit de jeudi \u00e0 vendredi, les acteurs de la TNT vont organiser la discr\u00e8te <a href=\"https:\/\/www.leparisien.fr\/culture-loisirs\/tv\/nouvelle-numerotation-des-chaines-tf-1-et-france-televisions-qui-rient-bfmtv-qui-pleure-13-01-2025-IC4FA6F2TFCTVLYUBOIY7TPCFE.php\" target=\"_blank\" rel=\"noreferrer nofollow noopener\">mise \u00e0 jour de la num\u00e9rotation des cha\u00eenes<\/a>. Un petit bouleversement pour vos habitudes de t\u00e9l\u00e9commande, puisque une dizaine de diffuseurs va changer de position. \u00c0 cela s\u2019ajoute la naissance d\u2019une cha\u00eene T18, et d\u2019une autre \u00e0 venir, NOVO 19, attendue en septembre. Un mini big bang.<\/p>\n","protected":false},"excerpt":{"rendered":"Demain d\u00e8s l\u2019aube, \u00e0 l\u2019heure o\u00f9 blanchit la campagne, ma t\u00e9l\u00e9 aura chang\u00e9. Dans la nuit de jeudi&hellip;\n","protected":false},"author":2,"featured_media":153234,"comment_status":"","ping_status":"","sticky":false,"template":"","format":"standard","meta":{"footnotes":""},"categories":[1888],"tags":[1111,1928,11,1927,872,1777,674,1011,27,12,1926,626,1925,25,2205],"class_list":{"0":"post-153233","1":"post","2":"type-post","3":"status-publish","4":"format-standard","5":"has-post-thumbnail","7":"category-paris","8":"tag-actu","9":"tag-actu-paris","10":"tag-actualites","11":"tag-actualites-paris","12":"tag-culture-et-loisirs","13":"tag-eu","14":"tag-europe","15":"tag-fr","16":"tag-france","17":"tag-news","18":"tag-news-paris","19":"tag-paris","20":"tag-paris-news","21":"tag-republique-francaise","22":"tag-television-medias"},"share_on_mastodon":{"url":"https:\/\/pubeurope.com\/@fr\/114629231521262815","error":""},"_links":{"self":[{"href":"https:\/\/www.europesays.com\/fr\/wp-json\/wp\/v2\/posts\/153233","targetHints":{"allow":["GET"]}}],"collection":[{"href":"https:\/\/www.europesays.com\/fr\/wp-json\/wp\/v2\/posts"}],"about":[{"href":"https:\/\/www.europesays.com\/fr\/wp-json\/wp\/v2\/types\/post"}],"author":[{"embeddable":true,"href":"https:\/\/www.europesays.com\/fr\/wp-json\/wp\/v2\/users\/2"}],"replies":[{"embeddable":true,"href":"https:\/\/www.europesays.com\/fr\/wp-json\/wp\/v2\/comments?post=153233"}],"version-history":[{"count":0,"href":"https:\/\/www.europesays.com\/fr\/wp-json\/wp\/v2\/posts\/153233\/revisions"}],"wp:featuredmedia":[{"embeddable":true,"href":"https:\/\/www.europesays.com\/fr\/wp-json\/wp\/v2\/media\/153234"}],"wp:attachment":[{"href":"https:\/\/www.europesays.com\/fr\/wp-json\/wp\/v2\/media?parent=153233"}],"wp:term":[{"taxonomy":"category","embeddable":true,"href":"https:\/\/www.europesays.com\/fr\/wp-json\/wp\/v2\/categories?post=153233"},{"taxonomy":"post_tag","embeddable":true,"href":"https:\/\/www.europesays.com\/fr\/wp-json\/wp\/v2\/tags?post=153233"}],"curies":[{"name":"wp","href":"https:\/\/api.w.org\/{rel}","templated":true}]}}