{"id":153251,"date":"2025-06-05T06:09:09","date_gmt":"2025-06-05T06:09:09","guid":{"rendered":"https:\/\/www.europesays.com\/fr\/153251\/"},"modified":"2025-06-05T06:09:09","modified_gmt":"2025-06-05T06:09:09","slug":"le-journal-fakir-a-t-il-eu-recours-a-lia-pour-realiser-un-livre-de-coloriage-avec-guillaume-meurice-liberation","status":"publish","type":"post","link":"https:\/\/www.europesays.com\/fr\/153251\/","title":{"rendered":"Le journal Fakir a-t-il eu recours \u00e0 l\u2019IA pour r\u00e9aliser un livre de coloriage avec Guillaume Meurice\u00a0? \u2013 Lib\u00e9ration"},"content":{"rendered":"<p class=\"sc-ksZaOG ehjQrN text-element\">\u00abTu vas faire un bouquin qui d\u00e9nonce le capitalisme et le r\u00e9chauffement climatique\u2026 et tu le fais via IA g\u00e9n\u00e9rative ?\u00bb L\u2019annonce d\u2019un nouveau livre par Fakir n\u2019a pas fait que des heureux. Sur le papier, l\u2019ouvrage avait pourtant tout pour plaire au public du journal alternatif fond\u00e9 par <a href=\"https:\/\/www.liberation.fr\/politique\/elections\/francois-ruffin-pour-2027-il-nous-faut-une-primaire-et-je-la-remporterai-20250520_CPUNMEP6AJFONKIFVMVGVYRUGU\/\" target=\"_blank\" rel=\"noopener\" title=\"https:\/\/www.liberation.fr\/politique\/elections\/francois-ruffin-pour-2027-il-nous-faut-une-primaire-et-je-la-remporterai-20250520_CPUNMEP6AJFONKIFVMVGVYRUGU\/\">Fran\u00e7ois Ruffin<\/a> : \u00abLe premier livre de coloriages des Editions Fakir, peut-on lire sur leur site. Ici, Guillaume Meurice et ses copains Karim Cherifi et Philippe Laumont vont t\u2019aider \u00e0 bien pr\u00e9parer ton avenir en coloriant des planches pleines de joie et d\u2019espoir : in\u00e9galit\u00e9s, travail, environnement, \u00e9cologie\u2026 Et pour couronner le tout, la pr\u00e9face est sign\u00e9e Aymeric Lompret.\u00bb<\/p>\n<p class=\"sc-ksZaOG ehjQrN text-element\">Cependant, la quasi-totalit\u00e9 des r\u00e9actions \u00e0 la publication de Fakir <a href=\"https:\/\/bsky.app\/profile\/journalfakir.bsky.social\/post\/3lqn2rt6ekc2z\" target=\"_blank\" rel=\"noopener\" title=\"https:\/\/bsky.app\/profile\/journalfakir.bsky.social\/post\/3lqn2rt6ekc2z\">sur Bluesky<\/a>, et <a href=\"https:\/\/www.facebook.com\/photo\/?fbid=1171866538318105&amp;set=pb.100064843086121.-2207520000\" target=\"_blank\" rel=\"noopener\">sur Facebook<\/a>, ne mentionne pas le principe du livre<\/p>\n","protected":false},"excerpt":{"rendered":"\u00abTu vas faire un bouquin qui d\u00e9nonce le capitalisme et le r\u00e9chauffement climatique\u2026 et tu le fais via&hellip;\n","protected":false},"author":2,"featured_media":153252,"comment_status":"","ping_status":"","sticky":false,"template":"","format":"standard","meta":{"footnotes":""},"categories":[1586],"tags":[11,1777,674,1779,1011,27,19903,12,25,1778,364],"class_list":{"0":"post-153251","1":"post","2":"type-post","3":"status-publish","4":"format-standard","5":"has-post-thumbnail","7":"category-europe","8":"tag-actualites","9":"tag-eu","10":"tag-europe","11":"tag-european-union","12":"tag-fr","13":"tag-france","14":"tag-guillaume-meurice","15":"tag-news","16":"tag-republique-francaise","17":"tag-ue","18":"tag-union-europeenne"},"share_on_mastodon":{"url":"https:\/\/pubeurope.com\/@fr\/114629270890502286","error":""},"_links":{"self":[{"href":"https:\/\/www.europesays.com\/fr\/wp-json\/wp\/v2\/posts\/153251","targetHints":{"allow":["GET"]}}],"collection":[{"href":"https:\/\/www.europesays.com\/fr\/wp-json\/wp\/v2\/posts"}],"about":[{"href":"https:\/\/www.europesays.com\/fr\/wp-json\/wp\/v2\/types\/post"}],"author":[{"embeddable":true,"href":"https:\/\/www.europesays.com\/fr\/wp-json\/wp\/v2\/users\/2"}],"replies":[{"embeddable":true,"href":"https:\/\/www.europesays.com\/fr\/wp-json\/wp\/v2\/comments?post=153251"}],"version-history":[{"count":0,"href":"https:\/\/www.europesays.com\/fr\/wp-json\/wp\/v2\/posts\/153251\/revisions"}],"wp:featuredmedia":[{"embeddable":true,"href":"https:\/\/www.europesays.com\/fr\/wp-json\/wp\/v2\/media\/153252"}],"wp:attachment":[{"href":"https:\/\/www.europesays.com\/fr\/wp-json\/wp\/v2\/media?parent=153251"}],"wp:term":[{"taxonomy":"category","embeddable":true,"href":"https:\/\/www.europesays.com\/fr\/wp-json\/wp\/v2\/categories?post=153251"},{"taxonomy":"post_tag","embeddable":true,"href":"https:\/\/www.europesays.com\/fr\/wp-json\/wp\/v2\/tags?post=153251"}],"curies":[{"name":"wp","href":"https:\/\/api.w.org\/{rel}","templated":true}]}}