{"id":15326,"date":"2025-04-10T15:51:28","date_gmt":"2025-04-10T15:51:28","guid":{"rendered":"https:\/\/www.europesays.com\/fr\/15326\/"},"modified":"2025-04-10T15:51:28","modified_gmt":"2025-04-10T15:51:28","slug":"reservez-votre-pain-de-menage-cuit-dans-le-four-a-bois-de-ce-village-de-loire-atlantique","status":"publish","type":"post","link":"https:\/\/www.europesays.com\/fr\/15326\/","title":{"rendered":"R\u00e9servez votre pain de m\u00e9nage cuit dans le four \u00e0 bois de ce village de Loire-Atlantique"},"content":{"rendered":"<p>\u00c0 La Chapelle-des-Marais, en Loire-Atlantrique, la section patrimoine de l\u2019association Le Coupis, propose une vente de pains de m\u00e9nage, cuits dans les fours des villages du Herb\u00e9 et de Qu\u00e9bitre. <strong>Ils seront \u00e0 r\u00e9cup\u00e9rer aupr\u00e8s du four de Qu\u00e9bitre samedi 19\u00a0avril, de 12\u00a0h \u00e0 12\u00a0h\u00a030<\/strong>.<\/p>\n<p>Inutile de venir avant, ils ne seront pas sortis des fours.<\/p>\n<p>Ces pains, p\u00e9tris traditionnellement \u00e0 la main, par les b\u00e9n\u00e9voles de l\u2019association, sont cuits au feu de bois.<\/p>\n<p>La vente, <strong>5\u00a0\u20ac<\/strong>, a lieu <strong>uniquement selon les r\u00e9servations<\/strong>, uniquement sur commande, avant le 17\u00a0avril, au <strong>t\u00e9l.\u00a006\u00a061\u00a000\u00a034\u00a026<\/strong>.<\/p>\n<p>?? \u00c0 noter. N\u2019oubliez pas de rapporter une poche ou un sac pour y mettre votre pain encore tout chaud.<\/p>\n<p>\u00a0<\/p>\n","protected":false},"excerpt":{"rendered":"\u00c0 La Chapelle-des-Marais, en Loire-Atlantrique, la section patrimoine de l\u2019association Le Coupis, propose une vente de pains de&hellip;\n","protected":false},"author":2,"featured_media":15327,"comment_status":"","ping_status":"","sticky":false,"template":"","format":"standard","meta":{"footnotes":""},"categories":[2818],"tags":[1111,11,4154,6454,1777,674,6455,1011,27,3047,6453,766,12,6452,2636,25,6451,6456],"class_list":{"0":"post-15326","1":"post","2":"type-post","3":"status-publish","4":"format-standard","5":"has-post-thumbnail","7":"category-nantes","8":"tag-actu","9":"tag-actualites","10":"tag-bois","11":"tag-cuit","12":"tag-eu","13":"tag-europe","14":"tag-four","15":"tag-fr","16":"tag-france","17":"tag-loire-atlantique","18":"tag-menage","19":"tag-nantes","20":"tag-news","21":"tag-pain","22":"tag-pays-de-la-loire","23":"tag-republique-francaise","24":"tag-reservez","25":"tag-village"},"share_on_mastodon":{"url":"https:\/\/pubeurope.com\/@fr\/114314470396655778","error":""},"_links":{"self":[{"href":"https:\/\/www.europesays.com\/fr\/wp-json\/wp\/v2\/posts\/15326","targetHints":{"allow":["GET"]}}],"collection":[{"href":"https:\/\/www.europesays.com\/fr\/wp-json\/wp\/v2\/posts"}],"about":[{"href":"https:\/\/www.europesays.com\/fr\/wp-json\/wp\/v2\/types\/post"}],"author":[{"embeddable":true,"href":"https:\/\/www.europesays.com\/fr\/wp-json\/wp\/v2\/users\/2"}],"replies":[{"embeddable":true,"href":"https:\/\/www.europesays.com\/fr\/wp-json\/wp\/v2\/comments?post=15326"}],"version-history":[{"count":0,"href":"https:\/\/www.europesays.com\/fr\/wp-json\/wp\/v2\/posts\/15326\/revisions"}],"wp:featuredmedia":[{"embeddable":true,"href":"https:\/\/www.europesays.com\/fr\/wp-json\/wp\/v2\/media\/15327"}],"wp:attachment":[{"href":"https:\/\/www.europesays.com\/fr\/wp-json\/wp\/v2\/media?parent=15326"}],"wp:term":[{"taxonomy":"category","embeddable":true,"href":"https:\/\/www.europesays.com\/fr\/wp-json\/wp\/v2\/categories?post=15326"},{"taxonomy":"post_tag","embeddable":true,"href":"https:\/\/www.europesays.com\/fr\/wp-json\/wp\/v2\/tags?post=15326"}],"curies":[{"name":"wp","href":"https:\/\/api.w.org\/{rel}","templated":true}]}}