{"id":153266,"date":"2025-06-05T06:18:10","date_gmt":"2025-06-05T06:18:10","guid":{"rendered":"https:\/\/www.europesays.com\/fr\/153266\/"},"modified":"2025-06-05T06:18:10","modified_gmt":"2025-06-05T06:18:10","slug":"motogp-martin-va-quitter-aprilia-le-repaire-des-motards","status":"publish","type":"post","link":"https:\/\/www.europesays.com\/fr\/153266\/","title":{"rendered":"MotoGP : Martin va quitter Aprilia &#8211; Le Repaire des Motards"},"content":{"rendered":"<ol>\n<li><a href=\"https:\/\/news.google.com\/rss\/articles\/CBMirgFBVV95cUxNejd5UXV3aE5vWmxIYjkxN3N5alk4Q2N5d0JXTDJMZzhkSlNTbzlfNWQ5MHFLbmZXS1otV0FpZ3F4T043OFpaOG9qVjNLYXhoeUdQbzFnelJiLVFrZ29remQxdEZDZFpEaThYdVBNdWx1NUdhQ3ZJUE5oanFhTjNmU01mRjRiTzBZT2J4WU50bGh4bXM0VGFLd0JaaGl0aHNlbk1CdXdlUE9SZjAwMmc?oc=5\" target=\"_blank\" rel=\"nofollow noopener\">MotoGP : Martin va quitter Aprilia<\/a>&nbsp;&nbsp;Le Repaire des Motards<\/li>\n<li><a href=\"https:\/\/news.google.com\/rss\/articles\/CBMimAJBVV95cUxQTnhUdzNjODVncDZ2eERCaVNjdnAtcThleVdsS0RiZHRHaE95SGpfMVBGMzZ6ZlZCSjVSaVk5bktZTnEyenNWMTkyMXVzamMzNU1zeGhTZklWblNRX096U0tmLVdMM1NDSG5sNzQ1QlJRVVJIbkcxUXhfWWZ3X0NDQW5acGlxSEY3U3ZPanM3RnczV2tScHpqUnhzVHNDZ19tWDV2VVRxc2hPZ1Q2cFlGUVc3VlhZV09uUzB2LWIyc2doSVZJVERfVWNvdmNLMFBmRzNDNUx6dk5CSWpaMmNKWFQxUnBQQnp3QnExengyc2dNczctUHFZYVEtZWUzWkZXRnpMazBHWHU3X0RxRDZjMnBaQTh2azcw?oc=5\" target=\"_blank\" rel=\"nofollow noopener\">\u00ab J&rsquo;ai d\u00e9cid\u00e9 d&rsquo;exercer mon droit de me lib\u00e9rer pour la saison 2026 \u00bb : Jorge Martin annonce son intention de quitter Aprilia \u00e0 la fin de la saison<\/a>&nbsp;&nbsp;L&rsquo;\u00c9quipe<\/li>\n<li><a href=\"https:\/\/news.google.com\/rss\/articles\/CBMisAFBVV95cUxOSXBHcHUzNlhVQm50SXdDTjF3R3B4THVfbmRQSXptQzBkeExFRDhESWhuTXQ1UjJUeE12ei1ueURCZGlQZkgyc1VUcmFabnB3MC03Z1ZXcHdmZTZ1N2FmM29sYW5BR3JkZkRRMDhVZW9KVmNzU3FPVTdMRzZ1UzlJcnRXdUpMd0Vha3QtdWdpRmpteHQ4WXlfcURVWC12ZFNpS0w4OURlVUYtdHZUMFQtQQ?oc=5\" target=\"_blank\" rel=\"nofollow noopener\">MotoGP, Marc Marquez commente le feuilleton Jorge Martin\u2013Aprilia : \u00ab il aura ses raisons \u00bb<\/a>&nbsp;&nbsp;Paddock GP<\/li>\n<li><a href=\"https:\/\/news.google.com\/rss\/articles\/CBMinAFBVV95cUxOdlpoVTBsa1hmanRCYWVzRV9CemJ1Rjk1LWdVOGxqQlJ0aV9UX01HSEdhbjFxLWU5a1I5U3IyaV9QTkVxOEZmN3NqR2YydW00bHdqcHFCdGloUmI2c1l1VmNTMThwQ0o1NVRRcmxpeGpQVWM1VnBQTTNSTVRTTDhfQV9rX0IzeVNucXNCc0V1bnAydEJ3WDdHNVlacjQ?oc=5\" target=\"_blank\" rel=\"nofollow noopener\">Une visite m\u00e9dicale \u00ab plut\u00f4t positive \u00bb pour Mart\u00edn<\/a>&nbsp;&nbsp;motogp.com<\/li>\n<li><a href=\"https:\/\/news.google.com\/rss\/articles\/CBMikgFBVV95cUxNVmRfWEpvYm5fS1JxOE1oNEIyMkZOZEMxSjZGcENXLWkxOTlMV1JuNE5TMjlmOGRubFRlemZPY0F1QTUtNlhkeE5JRmFoRUc2dmpJb3dzbjU4bHFuNFY4amdwX2VxVl9oMWh2UjJSbllFOXZQYUVQUHR1VGpwUDl0cTVLUk1ZVWFTOXQxODRrR09rZw?oc=5\" target=\"_blank\" rel=\"nofollow noopener\">Martin doit continuer les soins : derni\u00e8res nouvelles m\u00e9dicales<\/a>&nbsp;&nbsp;GP Inside<\/li>\n<\/ol>\n","protected":false},"excerpt":{"rendered":"MotoGP : Martin va quitter Aprilia&nbsp;&nbsp;Le Repaire des Motards \u00ab J&rsquo;ai d\u00e9cid\u00e9 d&rsquo;exercer mon droit de me lib\u00e9rer&hellip;\n","protected":false},"author":2,"featured_media":153267,"comment_status":"","ping_status":"","sticky":false,"template":"","format":"standard","meta":{"footnotes":""},"categories":[1413],"tags":[28293,5828,3108,1011,27,28294,4268,1457,1456,1458,13559,60],"class_list":{"0":"post-153266","1":"post","2":"type-post","3":"status-publish","4":"format-standard","5":"has-post-thumbnail","7":"category-moto","8":"tag-anticipe","9":"tag-aprilia","10":"tag-contrat","11":"tag-fr","12":"tag-france","13":"tag-jorge","14":"tag-martin","15":"tag-moto","16":"tag-motocycle","17":"tag-motogp","18":"tag-rupture","19":"tag-sports"},"share_on_mastodon":{"url":"https:\/\/pubeurope.com\/@fr\/114629306142606652","error":""},"_links":{"self":[{"href":"https:\/\/www.europesays.com\/fr\/wp-json\/wp\/v2\/posts\/153266","targetHints":{"allow":["GET"]}}],"collection":[{"href":"https:\/\/www.europesays.com\/fr\/wp-json\/wp\/v2\/posts"}],"about":[{"href":"https:\/\/www.europesays.com\/fr\/wp-json\/wp\/v2\/types\/post"}],"author":[{"embeddable":true,"href":"https:\/\/www.europesays.com\/fr\/wp-json\/wp\/v2\/users\/2"}],"replies":[{"embeddable":true,"href":"https:\/\/www.europesays.com\/fr\/wp-json\/wp\/v2\/comments?post=153266"}],"version-history":[{"count":0,"href":"https:\/\/www.europesays.com\/fr\/wp-json\/wp\/v2\/posts\/153266\/revisions"}],"wp:featuredmedia":[{"embeddable":true,"href":"https:\/\/www.europesays.com\/fr\/wp-json\/wp\/v2\/media\/153267"}],"wp:attachment":[{"href":"https:\/\/www.europesays.com\/fr\/wp-json\/wp\/v2\/media?parent=153266"}],"wp:term":[{"taxonomy":"category","embeddable":true,"href":"https:\/\/www.europesays.com\/fr\/wp-json\/wp\/v2\/categories?post=153266"},{"taxonomy":"post_tag","embeddable":true,"href":"https:\/\/www.europesays.com\/fr\/wp-json\/wp\/v2\/tags?post=153266"}],"curies":[{"name":"wp","href":"https:\/\/api.w.org\/{rel}","templated":true}]}}