{"id":153292,"date":"2025-06-05T06:31:10","date_gmt":"2025-06-05T06:31:10","guid":{"rendered":"https:\/\/www.europesays.com\/fr\/153292\/"},"modified":"2025-06-05T06:31:10","modified_gmt":"2025-06-05T06:31:10","slug":"il-achete-une-mercedes-benz-classe-r-pour-1-400-euros-et-fait-laffaire-du-siecle","status":"publish","type":"post","link":"https:\/\/www.europesays.com\/fr\/153292\/","title":{"rendered":"Il ach\u00e8te une Mercedes-Benz Classe R pour 1 400 euros et fait l&rsquo;affaire du si\u00e8cle !"},"content":{"rendered":"<p itemprop=\"description\">Un passionn\u00e9 de m\u00e9canique a d\u00e9nich\u00e9 une Mercedes-Benz Classe R en parfait \u00e9tat pour moins de 2 000 euros, une opportunit\u00e9 rare sur le march\u00e9.<\/p>\n<p>Un <strong>youtubeur am\u00e9ricain<\/strong> a fait une excellente affaire en achetant une <strong>Mercedes-Benz Classe R<\/strong> \u00e0 un prix tr\u00e8s bas. Il a r\u00e9ussi \u00e0 remettre en \u00e9tat le moteur pour une somme d\u00e9risoire par rapport \u00e0 la valeur du v\u00e9hicule.<\/p>\n<p>    R\u00e9paration d\u00a0\u00bbune Mercedes qui d\u00e9passe toutes les attentes <\/p>\n<p><a href=\"https:\/\/www.youtube.com\/@Samcrac\" rel=\"nofollow noopener\" target=\"_blank\">SamCrac<\/a>, un youtubeur sp\u00e9cialis\u00e9 dans la r\u00e9paration automobile, a trouv\u00e9 en novembre 2023 une Mercedes-Benz Classe R pour seulement 1 500 dollars, soit environ <strong>1 400 euros<\/strong>. \u00c0 sa sortie, ce mod\u00e8le co\u00fbtait 70 000 dollars, soit environ <strong>66 000 euros<\/strong>. Bien que les mod\u00e8les d&rsquo;occasion ne se vendent plus aussi cher aujourd&rsquo;hui, c&rsquo;\u00e9tait tout de m\u00eame une opportunit\u00e9 exceptionnelle. Les Mercedes Classe R d&rsquo;occasion en bon \u00e9tat se trouvent g\u00e9n\u00e9ralement entre <strong>15 000 et 20 000 euros.<\/strong><\/p>\n<p>Le mod\u00e8le que Sam a achet\u00e9 est un R 500 \u00e9quip\u00e9 d&rsquo;un <a href=\"https:\/\/www.autoplus.fr\/actualite\/lamborghini-revuelto-opera-unica-un-modele-unique-1353942.html\" rel=\"nofollow noopener\" target=\"_blank\">moteur V8<\/a> de <strong>300 chevaux<\/strong>. Le v\u00e9hicule avait principalement des probl\u00e8mes de batterie et de moteur. Apr\u00e8s quelques recherches, SamCrac a d\u00e9couvert que le probl\u00e8me venait simplement de la <strong>vanne EGR<\/strong>. Plut\u00f4t que de d\u00e9penser une fortune chez le concessionnaire pour la r\u00e9paration, le youtubeur a d\u00e9cid\u00e9 de s&rsquo;en occuper lui-m\u00eame.<\/p>\n<p>Il a simplement achet\u00e9 une nouvelle vanne EGR pour seulement <strong>160 euros<\/strong>. Finalement, sa Mercedes-Benz Classe R \u00e9tait enti\u00e8rement op\u00e9rationnelle pour un co\u00fbt total de <strong>1 560 euros.<\/strong> C&rsquo;est une offre exceptionnelle pour un <a href=\"https:\/\/www.autoplus.fr\/pratique\/comparatifs-guides-achat\/suv-hybrides-doccasion-quels-sont-les-modeles-les-plus-fiables-1382290.html\" rel=\"nofollow noopener\" target=\"_blank\">SUV<\/a> aussi prestigieux de la marque allemande.<\/p>\n<p>     Une le\u00e7on de m\u00e9canique et d&rsquo;opportunisme <\/p>\n<p>Ce n&rsquo;est pas la premi\u00e8re fois que Sam r\u00e9alise une telle affaire. Il a d\u00e9j\u00e0 accompli des exploits similaires auparavant, comme redonner vie \u00e0 un Porsche Cayenne pour 660 euros. Ces exp\u00e9riences d\u00e9montrent que de <strong>solides comp\u00e9tences en m\u00e9canique<\/strong> peuvent permettre de faire de bonnes affaires sur le march\u00e9 de l&rsquo;occasion. Parfois, des voitures jug\u00e9es irr\u00e9parables peuvent devenir de v\u00e9ritables tr\u00e9sors. Malheureusement, les voitures de luxe comme cette Mercedes Classe R peuvent rapidement <strong>perdre de leur valeur<\/strong> en raison d&rsquo;un probl\u00e8me technique. Cela est particuli\u00e8rement vrai lorsque le probl\u00e8me semble co\u00fbteux ou complexe \u00e0 r\u00e9soudre. Cependant, de nombreux dysfonctionnements ne n\u00e9cessitent pas toujours des r\u00e9parations on\u00e9reuses. La vanne EGR de cette Mercedes-Benz en est un parfait exemple.<\/p>\n<p>Beaucoup de propri\u00e9taires peuvent \u00eatre <strong>d\u00e9courag\u00e9s<\/strong> par l&rsquo;id\u00e9e de d\u00e9penser des milliers d&rsquo;euros chez un concessionnaire. Ils choisissent donc de <strong>se s\u00e9parer<\/strong> de leur v\u00e9hicule \u00e0 perte. Cela cr\u00e9e ainsi des <strong>opportunit\u00e9s tr\u00e8s int\u00e9ressantes<\/strong> pour des acheteurs ayant des connaissances en m\u00e9canique, comme SamCrac.<\/p>\n","protected":false},"excerpt":{"rendered":"Un passionn\u00e9 de m\u00e9canique a d\u00e9nich\u00e9 une Mercedes-Benz Classe R en parfait \u00e9tat pour moins de 2 000&hellip;\n","protected":false},"author":2,"featured_media":153293,"comment_status":"","ping_status":"","sticky":false,"template":"","format":"standard","meta":{"footnotes":""},"categories":[7],"tags":[1011,27,6055,43,40,41,39,42,44,729],"class_list":{"0":"post-153292","1":"post","2":"type-post","3":"status-publish","4":"format-standard","5":"has-post-thumbnail","7":"category-sciences-et-technologies","8":"tag-fr","9":"tag-france","10":"tag-republishing","11":"tag-science","12":"tag-science-and-technology","13":"tag-sciences","14":"tag-sciences-et-technologies","15":"tag-technologies","16":"tag-technology","17":"tag-yout_video"},"share_on_mastodon":{"url":"https:\/\/pubeurope.com\/@fr\/114629357327502795","error":""},"_links":{"self":[{"href":"https:\/\/www.europesays.com\/fr\/wp-json\/wp\/v2\/posts\/153292","targetHints":{"allow":["GET"]}}],"collection":[{"href":"https:\/\/www.europesays.com\/fr\/wp-json\/wp\/v2\/posts"}],"about":[{"href":"https:\/\/www.europesays.com\/fr\/wp-json\/wp\/v2\/types\/post"}],"author":[{"embeddable":true,"href":"https:\/\/www.europesays.com\/fr\/wp-json\/wp\/v2\/users\/2"}],"replies":[{"embeddable":true,"href":"https:\/\/www.europesays.com\/fr\/wp-json\/wp\/v2\/comments?post=153292"}],"version-history":[{"count":0,"href":"https:\/\/www.europesays.com\/fr\/wp-json\/wp\/v2\/posts\/153292\/revisions"}],"wp:featuredmedia":[{"embeddable":true,"href":"https:\/\/www.europesays.com\/fr\/wp-json\/wp\/v2\/media\/153293"}],"wp:attachment":[{"href":"https:\/\/www.europesays.com\/fr\/wp-json\/wp\/v2\/media?parent=153292"}],"wp:term":[{"taxonomy":"category","embeddable":true,"href":"https:\/\/www.europesays.com\/fr\/wp-json\/wp\/v2\/categories?post=153292"},{"taxonomy":"post_tag","embeddable":true,"href":"https:\/\/www.europesays.com\/fr\/wp-json\/wp\/v2\/tags?post=153292"}],"curies":[{"name":"wp","href":"https:\/\/api.w.org\/{rel}","templated":true}]}}