{"id":153297,"date":"2025-06-05T06:34:13","date_gmt":"2025-06-05T06:34:13","guid":{"rendered":"https:\/\/www.europesays.com\/fr\/153297\/"},"modified":"2025-06-05T06:34:13","modified_gmt":"2025-06-05T06:34:13","slug":"ces-dockers-marseillais-refusent-de-charger-du-materiel-militaire-destine-a-israel","status":"publish","type":"post","link":"https:\/\/www.europesays.com\/fr\/153297\/","title":{"rendered":"Ces dockers marseillais refusent de charger du mat\u00e9riel militaire destin\u00e9 \u00e0 Isra\u00ebl"},"content":{"rendered":"<p>        <img decoding=\"async\" loading=\"lazy\" src=\"https:\/\/www.europesays.com\/fr\/wp-content\/uploads\/2025\/06\/9364b8f_sirius-fs-upload-1-8aialw02t00j-1749070336403-000-33bw7dt.jpg\"  width=\"728\" height=\"410\" alt=\"Les dockers de Marseille-Fos ont refus\u00e9 mercredi 4\u00a0juin de charger des composants militaires destin\u00e9s \u00e0 Isra\u00ebl. (photo d\u2019illustration)\"\/>  <\/p>\n<p>NICOLAS TUCAT \/ AFP<\/p>\n<p>Les dockers de Marseille-Fos ont refus\u00e9 mercredi 4\u00a0juin de charger des composants militaires destin\u00e9s \u00e0 Isra\u00ebl. (photo d\u2019illustration)<\/p>\n<p class=\"asset asset-text\">FRANCE &#8211; Un acte de r\u00e9sistance. Les dockers du port de Marseille-Fos refusent de charger des composants militaires qui devaient partir pour <a href=\"https:\/\/www.huffingtonpost.fr\/international\/article\/acceptez-ou-vous-serez-aneanti-israel-somme-le-hamas-de-dire-oui-a-la-proposition-americaine-de-treve_250727.html\" rel=\"nofollow noopener\" target=\"_blank\">Isra\u00ebl<\/a> jeudi, a annonc\u00e9 la CGT des ouvriers\u00a0<a href=\"https:\/\/www.huffingtonpost.fr\/international\/article\/a-marseille-des-dockers-refusent-de-charger-des-armes-francaises-pour-l-arabie-saoudite_146079.html\" rel=\"nofollow noopener\" target=\"_blank\">dockers<\/a>, ce\u00a0mercredi 4\u00a0juin. Ils disent vouloir marquer leur refus de \u00ab\u00a0participer au g\u00e9nocide en cours orchestr\u00e9 par le gouvernement isra\u00e9lien\u00a0\u00bb.<\/p>\n<p class=\"asset asset-text\">\u00ab\u00a0Nous avons \u00e9t\u00e9 avertis ce matin qu\u2019un bateau, assurant une ligne r\u00e9gionale en M\u00e9diterran\u00e9e, devait\u00a0charger\u00a0jeudi un container avec des pi\u00e8ces pour fusils mitrailleurs fabriqu\u00e9es par Eurolinks. On a r\u00e9ussi \u00e0 l\u2019identifier, le mettre de c\u00f4t\u00e9\u00a0\u00bb, a expliqu\u00e9 \u00e0 l\u2019AFP Christophe Claret, secr\u00e9taire g\u00e9n\u00e9ral des\u00a0dockers\u00a0et personnels portuaires du Golfe de Fos.<\/p>\n<p class=\"asset asset-text\">Selon le syndicat, il s\u2019agit de 19 palettes de maillons fabriqu\u00e9s par l\u2019entreprise marseillaise Eurolinks. Contact\u00e9 par l\u2019AFP, Eurolinks n\u2019a pas donn\u00e9 suite. Le port de\u00a0Marseille-Fos\u00a0n\u2019avait lui aucun commentaire \u00e0 faire.<\/p>\n<p>    F\u00e9licitations de la gauche    <\/p>\n<p class=\"asset asset-text\">Selon Christophe Claret, \u00e0 partir du moment o\u00f9 les\u00a0dockers\u00a0refusent\u00a0de\u00a0charger\u00a0une marchandise, personne ne peut le faire \u00e0 leur place. Les autres containers\u00a0destin\u00e9s\u00a0\u00e0 ce navire seront eux bien charg\u00e9s.<\/p>\n<p class=\"asset asset-text\">\u00ab\u00a0Nous sommes pour la paix\u00a0\u00bb et \u00ab\u00a0oppos\u00e9s \u00e0 toutes les guerres\u00a0\u00bb, r\u00e9affirme la CGT\u00a0Dockers\u00a0dans son communiqu\u00e9.<\/p>\n<p class=\"asset asset-text\">\u00ab\u00a0Gloire aux\u00a0dockers\u00a0du port de\u00a0Marseille-Fos\u00a0\u00bb, \u00ab\u00a0partout dans le monde, la lutte s\u2019organise contre le g\u00e9nocide \u00e0 Gaza\u00a0!\u00a0\u00bb, a tweet\u00e9 le d\u00e9put\u00e9 LFI des Bouches-du-Rh\u00f4ne Manuel Bompard. Le leader du parti, Jean-Luc M\u00e9lenchon, a post\u00e9 un message similaire, r\u00e9clamant au passage un \u00ab\u00a0embargo maintenant sur les armes du g\u00e9nocide\u00a0\u00bb.<\/p>\n<p class=\"asset asset-text\">Le premier secr\u00e9taire du parti socialiste, Olivier Faure, les a lui aussi f\u00e9licit\u00e9s sur X, ajoutant\u00a0: \u00ab\u00a0l\u2019humanisme n\u2019est pas \u00e0 vendre\u00a0\u00bb.<\/p>\n<p>                     \u00ab\u00a0Susceptibles d\u2019\u00eatre utilis\u00e9s contre des civils \u00bb    <\/p>\n<p class=\"asset asset-text\">Selon le site d\u2019investigation Disclose, qui a eu acc\u00e8s \u00e0 des donn\u00e9es maritimes, deux autres exp\u00e9ditions de ce type entre Fos-sur-Mer et Ha\u00effa ont eu lieu le 3 avril et le 22 mai.<\/p>\n<p class=\"asset asset-text\">Ces maillons produits par Eurolinks, des petites pi\u00e8ces m\u00e9talliques servant \u00e0 relier entre elles des balles de fusils mitrailleurs et permettant des tirs en rafale, avaient \u00e9t\u00e9 \u00e9voqu\u00e9s d\u00e8s mars 2024 par Disclose et Marsactu, selon qui ils seraient \u00ab\u00a0susceptibles d\u2019\u00eatre utilis\u00e9s contre des civils dans la bande de Gaza\u00a0\u00bb.<\/p>\n<p class=\"asset asset-text\">R\u00e9agissant \u00e0 ces informations, le ministre fran\u00e7ais des Arm\u00e9es, S\u00e9bastien Lecornu, avait affirm\u00e9 \u00e0 l\u2019\u00e9poque que ces pi\u00e8ces export\u00e9es par l\u2019entreprise marseillaise pouvaient seulement \u00eatre \u00ab\u00a0r\u00e9export\u00e9es\u00a0\u00bb par\u00a0Isra\u00ebl.<\/p>\n","protected":false},"excerpt":{"rendered":"NICOLAS TUCAT \/ AFP Les dockers de Marseille-Fos ont refus\u00e9 mercredi 4\u00a0juin de charger des composants militaires destin\u00e9s&hellip;\n","protected":false},"author":2,"featured_media":153298,"comment_status":"","ping_status":"","sticky":false,"template":"","format":"standard","meta":{"footnotes":""},"categories":[4],"tags":[11,3259,1011,27,665,664,1023,884,12,25],"class_list":{"0":"post-153297","1":"post","2":"type-post","3":"status-publish","4":"format-standard","5":"has-post-thumbnail","7":"category-france","8":"tag-actualites","9":"tag-conflit-israelo-palestinien","10":"tag-fr","11":"tag-france","12":"tag-gaza","13":"tag-israel","14":"tag-la-france-insoumise-lfi","15":"tag-marseille","16":"tag-news","17":"tag-republique-francaise"},"share_on_mastodon":{"url":"https:\/\/pubeurope.com\/@fr\/114629369285072355","error":""},"_links":{"self":[{"href":"https:\/\/www.europesays.com\/fr\/wp-json\/wp\/v2\/posts\/153297","targetHints":{"allow":["GET"]}}],"collection":[{"href":"https:\/\/www.europesays.com\/fr\/wp-json\/wp\/v2\/posts"}],"about":[{"href":"https:\/\/www.europesays.com\/fr\/wp-json\/wp\/v2\/types\/post"}],"author":[{"embeddable":true,"href":"https:\/\/www.europesays.com\/fr\/wp-json\/wp\/v2\/users\/2"}],"replies":[{"embeddable":true,"href":"https:\/\/www.europesays.com\/fr\/wp-json\/wp\/v2\/comments?post=153297"}],"version-history":[{"count":0,"href":"https:\/\/www.europesays.com\/fr\/wp-json\/wp\/v2\/posts\/153297\/revisions"}],"wp:featuredmedia":[{"embeddable":true,"href":"https:\/\/www.europesays.com\/fr\/wp-json\/wp\/v2\/media\/153298"}],"wp:attachment":[{"href":"https:\/\/www.europesays.com\/fr\/wp-json\/wp\/v2\/media?parent=153297"}],"wp:term":[{"taxonomy":"category","embeddable":true,"href":"https:\/\/www.europesays.com\/fr\/wp-json\/wp\/v2\/categories?post=153297"},{"taxonomy":"post_tag","embeddable":true,"href":"https:\/\/www.europesays.com\/fr\/wp-json\/wp\/v2\/tags?post=153297"}],"curies":[{"name":"wp","href":"https:\/\/api.w.org\/{rel}","templated":true}]}}