{"id":153301,"date":"2025-06-05T06:36:16","date_gmt":"2025-06-05T06:36:16","guid":{"rendered":"https:\/\/www.europesays.com\/fr\/153301\/"},"modified":"2025-06-05T06:36:16","modified_gmt":"2025-06-05T06:36:16","slug":"verney-carron-on-connait-lidentite-du-repreneur-et-cest-une-entreprise-de-la-loire-2","status":"publish","type":"post","link":"https:\/\/www.europesays.com\/fr\/153301\/","title":{"rendered":"Verney-Carron : on conna\u00eet l&rsquo;identit\u00e9 du repreneur et c&rsquo;est une entreprise de la Loire"},"content":{"rendered":"<p>La justice a tranch\u00e9 : l&rsquo;entreprise Rivolier a \u00e9t\u00e9 choisie comme repreneur de Verney-Carron par le tribunal de commerce de Saint-\u00c9tienne.<\/p>\n<p>Une d\u00e9cision attendue par tous <a class=\"url\" href=\"https:\/\/www.radioscoop.com\/infos\/verney-carron-la-cgt-s-inquiete-de-l-ouverture-du-plan-de-cession-de-l-armurier_326263\" target=\"_blank\" rel=\"nofollow noopener\">les salari\u00e9s de Verney-Carron<\/a> apr\u00e8s plusieurs semaines de doute. Le distributeur d&rsquo;armes lig\u00e9rien <b>Rivolier<\/b> a \u00e9t\u00e9 choisi pour reprendre Verney-Carron.<\/p>\n<p>Verney-Carron repris par Rivolier<\/p>\n<p>Selon <a class=\"url\" href=\"https:\/\/www.leprogres.fr\/economie\/2025\/06\/04\/fin-du-suspense-pour-verney-carron-le-ligerien-rivolier-reprend-l-entreprise\" target=\"_blank\" rel=\"nofollow noopener\">Le Progr\u00e8s<\/a>, le tribunal de commerce de Saint-\u00c9tienne a pr\u00e9f\u00e9r\u00e9 l&rsquo;entreprise de la Loire \u00e0 <a class=\"url\" href=\"https:\/\/www.radioscoop.com\/infos\/saint-etienne-verney-carron-bientot-repris-par-un-groupe-belge_323315\" target=\"_blank\" rel=\"nofollow noopener\">FN Browning<\/a>.<\/p>\n<p>Parmi les 67 salari\u00e9s de l&rsquo;armurier Verney-Carron, ils seront 55 \u00e0 \u00eatre repris sur le site du boulevard Thiers.<\/p>\n<p>\u00ab\u00a0C&rsquo;est aujourd&rsquo;hui une excellente nouvelle pour Saint-\u00c9tienne, pour ses salari\u00e9s et pour notre tissu industriel\u00a0\u00bb, a r\u00e9agi le maire de Saint-\u00c9tienne Ga\u00ebl Perdriau.\u00a0<\/p>\n<p>La soci\u00e9t\u00e9, fond\u00e9e en 1820, avait d\u00e9j\u00e0 \u00e9t\u00e9 reprise en 2022 par Cybergun.<\/p>\n<p><img loading=\"lazy\" decoding=\"async\" src=\"https:\/\/www.europesays.com\/fr\/wp-content\/uploads\/2025\/06\/1749105376_635_img\" width=\"350\" height=\"200\" border=\"0\" title=\"Un homme de 61 ans, qui roulait sans permis depuis 2012, a \u00c3\u00a9t\u00c3\u00a9 interpell\u00c3\u00a9 \u00c3\u00a0 Saint-\u00c3\u0089tienne\"\/><\/p>\n<p>\u25baFaits divers<\/p>\n<p style=\"font-size: 22px;\"><b>Saint-\u00c9tienne : il conduisait sans permis depuis 2012, la police l&rsquo;arr\u00eate<\/b><\/p>\n<p>Un homme de 61 ans a \u00e9t\u00e9 interpell\u00e9 par la police,&#8230;<\/p>\n<p><\/p>\n","protected":false},"excerpt":{"rendered":"La justice a tranch\u00e9 : l&rsquo;entreprise Rivolier a \u00e9t\u00e9 choisie comme repreneur de Verney-Carron par le tribunal de&hellip;\n","protected":false},"author":2,"featured_media":45941,"comment_status":"","ping_status":"","sticky":false,"template":"","format":"standard","meta":{"footnotes":""},"categories":[9653],"tags":[1111,11,13508,2430,257,1777,674,1011,27,3367,12,25595,25,4001,10330],"class_list":{"0":"post-153301","1":"post","2":"type-post","3":"status-publish","4":"format-standard","5":"has-post-thumbnail","7":"category-saint-etienne","8":"tag-actu","9":"tag-actualites","10":"tag-armurier","11":"tag-auvergne-rhone-alpes","12":"tag-entreprise","13":"tag-eu","14":"tag-europe","15":"tag-fr","16":"tag-france","17":"tag-loire","18":"tag-news","19":"tag-repreneur","20":"tag-republique-francaise","21":"tag-saint-etienne","22":"tag-verney-carron"},"share_on_mastodon":{"url":"https:\/\/pubeurope.com\/@fr\/114629377025731278","error":""},"_links":{"self":[{"href":"https:\/\/www.europesays.com\/fr\/wp-json\/wp\/v2\/posts\/153301","targetHints":{"allow":["GET"]}}],"collection":[{"href":"https:\/\/www.europesays.com\/fr\/wp-json\/wp\/v2\/posts"}],"about":[{"href":"https:\/\/www.europesays.com\/fr\/wp-json\/wp\/v2\/types\/post"}],"author":[{"embeddable":true,"href":"https:\/\/www.europesays.com\/fr\/wp-json\/wp\/v2\/users\/2"}],"replies":[{"embeddable":true,"href":"https:\/\/www.europesays.com\/fr\/wp-json\/wp\/v2\/comments?post=153301"}],"version-history":[{"count":0,"href":"https:\/\/www.europesays.com\/fr\/wp-json\/wp\/v2\/posts\/153301\/revisions"}],"wp:featuredmedia":[{"embeddable":true,"href":"https:\/\/www.europesays.com\/fr\/wp-json\/wp\/v2\/media\/45941"}],"wp:attachment":[{"href":"https:\/\/www.europesays.com\/fr\/wp-json\/wp\/v2\/media?parent=153301"}],"wp:term":[{"taxonomy":"category","embeddable":true,"href":"https:\/\/www.europesays.com\/fr\/wp-json\/wp\/v2\/categories?post=153301"},{"taxonomy":"post_tag","embeddable":true,"href":"https:\/\/www.europesays.com\/fr\/wp-json\/wp\/v2\/tags?post=153301"}],"curies":[{"name":"wp","href":"https:\/\/api.w.org\/{rel}","templated":true}]}}