{"id":153310,"date":"2025-06-05T06:41:09","date_gmt":"2025-06-05T06:41:09","guid":{"rendered":"https:\/\/www.europesays.com\/fr\/153310\/"},"modified":"2025-06-05T06:41:09","modified_gmt":"2025-06-05T06:41:09","slug":"la-boite-de-pandore-a-ete-ouverte-pourquoi-lasptt-toulon-suspend-sa-section-basket-ball","status":"publish","type":"post","link":"https:\/\/www.europesays.com\/fr\/153310\/","title":{"rendered":"\u00ab\u00a0La bo\u00eete de Pandore a \u00e9t\u00e9 ouverte\u00a0\u00bb: pourquoi l&rsquo;ASPTT Toulon suspend sa section basket-ball"},"content":{"rendered":"<p>Pr\u00e9sident g\u00e9n\u00e9ral de l\u2019ASPTT Toulon depuis mai 2024, Yves Ferez n\u2019est pas un adepte des grands discours dans les m\u00e9dias. Pourtant, face \u00e0 l\u2019actualit\u00e9 des derniers jours, il commen\u00e7ait \u00e0 devenir compliqu\u00e9 pour lui de rester muet. \u00ab\u00a0Cette fois, la bo\u00eete de Pandore a \u00e9t\u00e9 ouverte\u00a0\u00bb, affirme-t-il. Et ce qui s\u2019appr\u00eate \u00e0 en sortir risque de faire du bruit au sein de l\u2019association omnisports.<\/p>\n<p>Le lundi 26 mai dernier, plusieurs de ses membres avaient d\u00e9j\u00e0 \u00e9t\u00e9 secou\u00e9s par l\u2019annonce faite \u00e0 l\u2019issue du comit\u00e9 directeur. \u00c0 l\u2019occasion d\u2019une r\u00e9union, ce dernier avait vot\u00e9 \u00e0 la majorit\u00e9 la mise en sommeil de la section basket, <a href=\"https:\/\/www.varmatin.com\/basket\/la-section-basket-ball-de-l-asptt-mise-en-sommeil-987994\" target=\"_blank\" rel=\"noopener\">laissant de fait pr\u00e8s de 250 licenci\u00e9s sur le carreau<\/a>.<\/p>\n<p>Dans les colonnes de Var-matin (notre \u00e9dition du 30 mai), parent de joueur, pr\u00e9sident de section et pr\u00e9sident du comit\u00e9 du Var de basket s\u2019\u00e9taient alors indign\u00e9s, jugeant la d\u00e9cision \u00ab\u00a0injustifi\u00e9e et brutale\u00a0\u00bb. Le pr\u00e9sident g\u00e9n\u00e9ral de l\u2019association, lui, avait pr\u00e9f\u00e9r\u00e9 patienter avant de justifier cette mise aux voix.<\/p>\n<p>Aujourd\u2019hui, il explique avoir alert\u00e9 \u00e0 de nombreuses reprises Micha\u00ebl Airal, pr\u00e9sident de la section basket, sur \u00ab\u00a0l\u2019opacit\u00e9 du fonctionnement\u00a0\u00bb de ce \u00ab\u00a0club dans le club\u00a0\u00bb. \u00ab\u00a0Dipl\u00f4me des entra\u00eeneurs non affich\u00e9, remboursements de notes de frais pharaoniques des entra\u00eeneurs et accompagnateurs, non-respect des horaires et cr\u00e9neaux du gymnase\u00a0\u00bb, sont pour lui autant de reproches ayant pu motiver le bureau \u00e0 proposer aux vingt-deux pr\u00e9sidents de section, tous membres du comit\u00e9 directeur, la suspension de la section.<\/p>\n<p><strong>Une plainte XXL d\u00e9pos\u00e9e<\/strong><\/p>\n<p>Autre \u00e9l\u00e9ment pr\u00e9pond\u00e9rant dans ce choix: la pr\u00e9sence \u00ab\u00a0inacceptable\u00a0\u00bb de Guy Bolla en tant qu\u2019entra\u00eeneur de l\u2019\u00e9quipe f\u00e9minine senior de basket-ball. Ancien pr\u00e9sident g\u00e9n\u00e9ral de l\u2019ASPTT Toulon, ce dernier fut \u00e9galement coach, tr\u00e9sorier et pr\u00e9sident de la section basket durant de longues ann\u00e9es\u2026 Jusqu\u2019\u00e0 son d\u00e9part pr\u00e9cipit\u00e9, courant 2024.<\/p>\n<p>En cause: de nombreuses malversations pr\u00e9sum\u00e9es au sein de l\u2019association varoise, aujourd\u2019hui forte de 3.400 adh\u00e9rents. \u00ab\u00a0La nouvelle gouvernance, apr\u00e8s un travail minutieux d\u2019inventaire et de v\u00e9rification, a d\u00e9pos\u00e9 plainte \u00e0 son encontre aupr\u00e8s du procureur de la R\u00e9publique de Toulon pour des infractions de vol, faux en \u00e9criture et usage de faux, escroquerie, abus de confiance et mise en danger de la vie d\u2019autrui\u00a0\u00bb, explique l\u2019actuel pr\u00e9sident.<\/p>\n<p>Selon nos informations, la Ville de Toulon a d\u2019ailleurs manifest\u00e9 son intention de se constituer partie civile dans cette affaire. Contact\u00e9, Guy Bolla \u00e9voque des \u00ab\u00a0informations infond\u00e9es\u00a0\u00bb et se refuse \u00e0 tout autre commentaire.<\/p>\n<p><strong>Une somme \u00e0 six chiffres aurait \u00e9t\u00e9 d\u00e9tourn\u00e9e<\/strong><\/p>\n<p>D\u2019apr\u00e8s nos sources, une somme \u00e0 six chiffres aurait \u00e9t\u00e9 d\u00e9tourn\u00e9e par l\u2019ex-patron du club, toujours pr\u00e9sum\u00e9 innocent. \u00ab\u00a0Et on ne parle pas de 100.000 euros\u2026\u00a0\u00bb<\/p>\n<p>La d\u00e9couverte de la supercherie aurait d\u00e9but\u00e9 avec la visite d\u2019un agent d\u2019entretien au gymnase de l\u2019ASPTT. Surprise: le cumulus, cens\u00e9 avoir \u00e9t\u00e9 chang\u00e9 il y a peu, fuyait abondamment. Il \u00e9tait, en fait, vieux d\u2019une vingtaine d\u2019ann\u00e9es.<\/p>\n<p>\u00c0 en croire les plaignants, pendant toute une partie de sa \u00ab\u00a0carri\u00e8re\u00a0\u00bb de dirigeant au sein de l\u2019ASPTT, le mis en cause aurait ainsi utilis\u00e9 de fausses factures pour se remplir les poches.<\/p>\n<p> \u00ab\u00a0Et, \u00e9videmment, ce Monsieur n\u2019a pas pu faire \u00e7a tout seul\u00a0\u00bb, soul\u00e8ve un membre historique de l\u2019association. \u00ab\u00a0C\u2019\u00e9tait un strat\u00e8ge\u00a0\u00bb, commente \u00e0 son tour Yves Ferez, secr\u00e9taire g\u00e9n\u00e9ral du bureau durant les ann\u00e9es Bolla.<\/p>\n<p><strong>Vers un accord pour la reprise de la section basket?<\/strong><\/p>\n<p>Or, si l\u2019affaire continue d\u2019occuper les esprits et que la suspension de la section basket cristallise les tensions, le pr\u00e9sident g\u00e9n\u00e9ral en appelle d\u00e9sormais \u00e0 l\u2019apaisement en interne: \u00ab\u00a0\u00c7a part dans tous les sens. Mon r\u00f4le est de calmer tout \u00e7a.\u00a0\u00bb Rappelant que le club de basket n\u2019est \u00ab\u00a0que\u00a0\u00bb suspendu, il dit esp\u00e9rer \u00ab\u00a0un retour \u00e0 la normale d\u00e8s que possible\u00a0\u00bb.<\/p>\n<p>Ce vendredi 6 juin, une r\u00e9union doit d\u2019ailleurs se tenir en pr\u00e9sence d\u2019Yves Ferez, de Micha\u00ebl Airal, du pr\u00e9sident du comit\u00e9 du Var de basket et de l\u2019adjoint au sport \u00e0 la mairie de Toulon.<\/p>\n<p>D\u2019apr\u00e8s nos informations, la municipalit\u00e9 entend siffler la fin de la r\u00e9cr\u00e9ation lors de cette m\u00e9diation \u00ab\u00a0active\u00a0\u00bb. Aussi, la section basket de l\u2019ASPTT pourrait bel et bien reprendre d\u00e8s la saison prochaine. R\u00e9ponse officielle dans les jours \u00e0 venir.<\/p>\n<p>            Une p\u00e9tition mise en ligne<\/p>\n<p>\u00c0 Toulon, la suspension de la section basket de l\u2019ASPTT ne laisse personne indiff\u00e9rent. Samedi dernier, un collectif de pr\u00e9sidents de sections a <a href=\"http:\/\/www.mesopinions.com\/petition\/sports\/urgent-sauver-section-basket-asptt-toulon\/243182\" target=\"_blank\" rel=\"noopener\">lanc\u00e9 une p\u00e9tition pour le maintien du club<\/a> et de sa vingtaine d\u2019\u00e9quipes. En quelques jours, elle a recueilli plus de 2.300 signatures. Les requ\u00e9rants, qui exigent aussi la d\u00e9mission du bureau directeur, d\u00e9noncent notamment les conditions dans lesquelles le vote a \u00e9t\u00e9 effectu\u00e9, le lundi 26 mai.<\/p>\n<p>Pour eux, le bureau en fonction est ill\u00e9gitime, ce qui rend ses d\u00e9cisions r\u00e9centes contestables. Selon les statuts adopt\u00e9s lors de l\u2019assembl\u00e9e g\u00e9n\u00e9rale extraordinaire de juin 2024, une \u00e9lection aurait effectivement d\u00fb se tenir avant la fin d\u2019ann\u00e9e derni\u00e8re. \u00c9lection qui n\u2019a jamais eu lieu. \u00ab\u00a0Il est donc imp\u00e9ratif d\u2019organiser dans les plus brefs d\u00e9lais de nouvelles \u00e9lections d\u00e9mocratiques\u00a0\u00bb, expriment les pr\u00e9sidents de sections.<\/p>\n<p>Yves Ferez jure de son c\u00f4t\u00e9 que l\u2019\u00e9lection n\u2019a pu se tenir l\u2019an dernier en raison de la validation tardive des statuts (le 16 d\u00e9cembre seulement) apr\u00e8s le d\u00e9p\u00f4t au greffe des associations. \u00ab\u00a0Il n\u2019y a absolument rien d\u2019anormal. La pr\u00e9sidente de la F\u00e9d\u00e9ration des ASPTT m\u2019a d\u2019ailleurs assur\u00e9 de son soutien.\u00a0\u00bb<\/p>\n","protected":false},"excerpt":{"rendered":"Pr\u00e9sident g\u00e9n\u00e9ral de l\u2019ASPTT Toulon depuis mai 2024, Yves Ferez n\u2019est pas un adepte des grands discours dans&hellip;\n","protected":false},"author":2,"featured_media":153311,"comment_status":"","ping_status":"","sticky":false,"template":"","format":"standard","meta":{"footnotes":""},"categories":[9619],"tags":[1111,11,1465,1777,674,118,1011,27,303,12,882,25,60,2310,1631,3366],"class_list":{"0":"post-153310","1":"post","2":"type-post","3":"status-publish","4":"format-standard","5":"has-post-thumbnail","7":"category-toulon","8":"tag-actu","9":"tag-actualites","10":"tag-basket","11":"tag-eu","12":"tag-europe","13":"tag-faits-divers","14":"tag-fr","15":"tag-france","16":"tag-justice","17":"tag-news","18":"tag-provence-alpes-cote-dazur","19":"tag-republique-francaise","20":"tag-sports","21":"tag-toulon","22":"tag-vie-associative","23":"tag-vie-locale"},"share_on_mastodon":{"url":"https:\/\/pubeurope.com\/@fr\/114629396619381478","error":""},"_links":{"self":[{"href":"https:\/\/www.europesays.com\/fr\/wp-json\/wp\/v2\/posts\/153310","targetHints":{"allow":["GET"]}}],"collection":[{"href":"https:\/\/www.europesays.com\/fr\/wp-json\/wp\/v2\/posts"}],"about":[{"href":"https:\/\/www.europesays.com\/fr\/wp-json\/wp\/v2\/types\/post"}],"author":[{"embeddable":true,"href":"https:\/\/www.europesays.com\/fr\/wp-json\/wp\/v2\/users\/2"}],"replies":[{"embeddable":true,"href":"https:\/\/www.europesays.com\/fr\/wp-json\/wp\/v2\/comments?post=153310"}],"version-history":[{"count":0,"href":"https:\/\/www.europesays.com\/fr\/wp-json\/wp\/v2\/posts\/153310\/revisions"}],"wp:featuredmedia":[{"embeddable":true,"href":"https:\/\/www.europesays.com\/fr\/wp-json\/wp\/v2\/media\/153311"}],"wp:attachment":[{"href":"https:\/\/www.europesays.com\/fr\/wp-json\/wp\/v2\/media?parent=153310"}],"wp:term":[{"taxonomy":"category","embeddable":true,"href":"https:\/\/www.europesays.com\/fr\/wp-json\/wp\/v2\/categories?post=153310"},{"taxonomy":"post_tag","embeddable":true,"href":"https:\/\/www.europesays.com\/fr\/wp-json\/wp\/v2\/tags?post=153310"}],"curies":[{"name":"wp","href":"https:\/\/api.w.org\/{rel}","templated":true}]}}