{"id":153326,"date":"2025-06-05T06:54:09","date_gmt":"2025-06-05T06:54:09","guid":{"rendered":"https:\/\/www.europesays.com\/fr\/153326\/"},"modified":"2025-06-05T06:54:09","modified_gmt":"2025-06-05T06:54:09","slug":"attention-ces-lignes-de-bus-qui-circulent-sur-la-promenade-des-anglais-a-nice-vont-etre-deviees-a-partir-de-ce-samedi-7-juin","status":"publish","type":"post","link":"https:\/\/www.europesays.com\/fr\/153326\/","title":{"rendered":"Attention, ces lignes de bus qui circulent sur la promenade des Anglais \u00e0 Nice vont \u00eatre d\u00e9vi\u00e9es \u00e0 partir de ce samedi 7 juin"},"content":{"rendered":"<p><strong>Flashez le QR code et vous saurez<\/strong>. Durant les jours \u00e0 venir, c\u2019est la consigne \u00e0 suivre pour les usagers de certaines lignes de bus qui empruntent la promenade des Anglais. Des restrictions de circulation vont modifier certains itin\u00e9raires&#8230; mais pas tout le temps.<\/p>\n<p>Si les d\u00e9tails ne sont pas encore connus, on sait d\u2019ores et d\u00e9j\u00e0 que les trac\u00e9s sur la Prom\u2019 rouleront \u00ab\u00a0par l\u2019int\u00e9rieur\u00a0\u00bb, selon l\u2019information donn\u00e9e par Lignes d\u2019Azur.<\/p>\n<p>Pas de pr\u00e9cision sur les rues concern\u00e9es car ces fameux QR seront positionn\u00e9s aux arr\u00eats habituels pour renseigner les voyageurs en temps r\u00e9el. <strong>Il faudra les flasher pour savoir o\u00f9 le bus <\/strong>passera. Les lignes concern\u00e9es sont la 8 +, du 7 au 13 juin, et la 12 +, les 7 et 9 juin.<\/p>\n<p>La 98 est aussi modifi\u00e9e \u00ab\u00a0apr\u00e8s avoir effectu\u00e9 l\u2019arr\u00eat Port Lympia (place \u00eele de Beaut\u00e9). Elle emprunte les rues Cassini, Dr Ciaudo, l\u2019avenue Saint-Jean-Baptiste, la traverse Flandre-Dunkerque, le boulevard Jean-Jaur\u00e8s, la place Garibaldi, la rue Antoine-Gautier, le boulevard Carnot et le boulevard Stalingrad (en sens inverse). Elle reprend son itin\u00e9raire normal \u00e0 l\u2019arr\u00eat Lympia situ\u00e9 boulevard Stalingrad\u00a0\u00bb, indique <a href=\"https:\/\/www.lignesdazur.com\/conference-des-nations-unies-sur-locean-le-fonctionnement-du-reseau-du-6-au-13-juin-2025\" target=\"_blank\" rel=\"noopener nofollow\">la r\u00e9gie sur son site web<\/a>. Les arr\u00eats entre Puces de Nice Port Lympia Quai ne seront pas desservis.<\/p>\n<p>                                <strong>Pas de transports le 5 juin mais gratuits du 6 au 9 juin<\/strong><\/p>\n<p>\u00c0 noter aussi que les trois lignes de tramways seront renforc\u00e9es. <strong>En particulier pour la soir\u00e9e festive du 6 juin<\/strong>. Pour le dimanche 8 et le lundi 9 juin, les horaires du samedi seront appliqu\u00e9s.<\/p>\n<p>D\u2019autres lignes peuvent \u00eatre modifi\u00e9es \u00e0 la marge. Elles sont recens\u00e9es, l\u00e0 encore, sur le site de Lignes d\u2019Azur, jour par jour, sur <a href=\"https:\/\/www.lignesdazur.com\/conference-des-nations-unies-sur-locean-le-fonctionnement-du-reseau-du-6-au-13-juin-2025\" target=\"_blank\" rel=\"noopener nofollow\">une page d\u00e9di\u00e9e<\/a>.<\/p>\n<p>Attention, en raison d\u2019un pr\u00e9avis de gr\u00e8ve, il n\u2019y aura pas de transports en commun ce jeudi 5 juin. Une bonne nouvelle, toutefois, ils seront gratuits du vendredi au dimanche 8, pour tous.<\/p>\n","protected":false},"excerpt":{"rendered":"Flashez le QR code et vous saurez. Durant les jours \u00e0 venir, c\u2019est la consigne \u00e0 suivre pour&hellip;\n","protected":false},"author":2,"featured_media":153327,"comment_status":"","ping_status":"","sticky":false,"template":"","format":"standard","meta":{"footnotes":""},"categories":[2819],"tags":[1111,11,436,1777,674,1011,27,12,2401,882,25,800,3366],"class_list":{"0":"post-153326","1":"post","2":"type-post","3":"status-publish","4":"format-standard","5":"has-post-thumbnail","7":"category-nice","8":"tag-actu","9":"tag-actualites","10":"tag-environnement","11":"tag-eu","12":"tag-europe","13":"tag-fr","14":"tag-france","15":"tag-news","16":"tag-nice","17":"tag-provence-alpes-cote-dazur","18":"tag-republique-francaise","19":"tag-transports","20":"tag-vie-locale"},"share_on_mastodon":{"url":"https:\/\/pubeurope.com\/@fr\/114629447778978149","error":""},"_links":{"self":[{"href":"https:\/\/www.europesays.com\/fr\/wp-json\/wp\/v2\/posts\/153326","targetHints":{"allow":["GET"]}}],"collection":[{"href":"https:\/\/www.europesays.com\/fr\/wp-json\/wp\/v2\/posts"}],"about":[{"href":"https:\/\/www.europesays.com\/fr\/wp-json\/wp\/v2\/types\/post"}],"author":[{"embeddable":true,"href":"https:\/\/www.europesays.com\/fr\/wp-json\/wp\/v2\/users\/2"}],"replies":[{"embeddable":true,"href":"https:\/\/www.europesays.com\/fr\/wp-json\/wp\/v2\/comments?post=153326"}],"version-history":[{"count":0,"href":"https:\/\/www.europesays.com\/fr\/wp-json\/wp\/v2\/posts\/153326\/revisions"}],"wp:featuredmedia":[{"embeddable":true,"href":"https:\/\/www.europesays.com\/fr\/wp-json\/wp\/v2\/media\/153327"}],"wp:attachment":[{"href":"https:\/\/www.europesays.com\/fr\/wp-json\/wp\/v2\/media?parent=153326"}],"wp:term":[{"taxonomy":"category","embeddable":true,"href":"https:\/\/www.europesays.com\/fr\/wp-json\/wp\/v2\/categories?post=153326"},{"taxonomy":"post_tag","embeddable":true,"href":"https:\/\/www.europesays.com\/fr\/wp-json\/wp\/v2\/tags?post=153326"}],"curies":[{"name":"wp","href":"https:\/\/api.w.org\/{rel}","templated":true}]}}