{"id":153330,"date":"2025-06-05T06:56:25","date_gmt":"2025-06-05T06:56:25","guid":{"rendered":"https:\/\/www.europesays.com\/fr\/153330\/"},"modified":"2025-06-05T06:56:25","modified_gmt":"2025-06-05T06:56:25","slug":"la-compagnie-de-theatre-de-rue-revient-avec-un-nouveau-spectacle","status":"publish","type":"post","link":"https:\/\/www.europesays.com\/fr\/153330\/","title":{"rendered":"la compagnie de th\u00e9\u00e2tre de rue revient avec un nouveau spectacle"},"content":{"rendered":"<p>            Par<br \/>\n        <strong><br \/>\n            <a href=\"https:\/\/actu.fr\/auteur\/tristan-mahe-actu-fr\" title=\"Consulter tous les articles de Tristan Mah\u00e9\" rel=\"nofollow noopener\" target=\"_blank\">Tristan Mah\u00e9<\/a><br \/>\n        <\/strong><\/p>\n<p>        Publi\u00e9 le<\/p>\n<p>            4 juin 2025 \u00e0 17h47        <\/p>\n<p>Un instant hors du temps et une <strong>ode au th\u00e9\u00e2tre de rue<\/strong>. C\u2019est la promesse de <a href=\"https:\/\/royal-de-luxe.com\/\" rel=\"nofollow noopener\" target=\"_blank\">Royal de Luxe<\/a> qui fait son grand retour \u00e0 Nantes pour son nouveau spectacle toujours aussi attendu.<\/p>\n<p class=\" wall-content\">\u00ab\u2009Faire <strong>le choix de la culture<\/strong>, c\u2019est aussi faire en sorte que les habitantes et les<br \/>habitants puissent se rassembler autour de propositions artistiques, s\u2019\u00e9merveiller ensemble, partager de belles et de grandes \u00e9motions\u2009\u00bb, a d\u00e9clar\u00e9 Johanna Rolland dans un communiqu\u00e9 de presse transmis \u00e0 <a href=\"https:\/\/actu.fr\/nantes\" rel=\"nofollow noopener\" target=\"_blank\">actu Nantes<\/a>.<\/p>\n<p>Un nouveau spectacle intemporel<\/p>\n<p class=\" wall-content\">S\u2019envoler, flotter dans un univers unique. Une intrigue lunaire tournant autour d\u2019une s\u00e9rie polici\u00e8re, abandonn\u00e9e par la moiti\u00e9 de son \u00e9quipe de tournage. C\u2019est le cadre dans lequel s\u2019installe le nouveau spectacle vivant de Royal de Luxe\u2009: <strong>Apesanteur<\/strong>.<\/p>\n<p class=\" wall-content\">D\u00e9coup\u00e9 en plusieurs grands plans s\u00e9quences pour que chaque spectateur garde le fil, le spectacle donnera l\u2019impression d\u2019un fiasco\u2009: un producteur de derni\u00e8re minute, pas de cadreur ni de r\u00e9alisateur et une <strong>enqu\u00eate sur des assassinats<\/strong> pour le com\u00e9dien principal, dans le r\u00f4le d\u2019un <strong>commissaire venu du futur<\/strong>. Le tout dans un magasin de droguerie-quincaillerie.<\/p>\n<p>Vid\u00e9os : en ce moment sur ActuLes d\u00e9tails des repr\u00e9sentations\u2009:<\/p>\n<p class=\" wall-content\">La compagnie Royal de Luxe revient cet \u00e9t\u00e9 dans la m\u00e9tropole nantaise avec <strong>10\u00a0repr\u00e9sentations<\/strong> port\u00e9es par dix com\u00e9diens\u2009:<\/p>\n<ul class=\" wall-content\">\n<li><strong>\u00e0 Nantes,<\/strong> au parc de la Moutonnerie, du 28\u00a0juin au 6\u00a0juillet, les samedi\u00a028 et dimanche 29\u00a0juin \u00e0 17\u2009h, les jeudi\u00a03 et vendredi 4\u00a0juillet \u00e0 18\u2009h, les samedi\u00a05 et dimanche 6\u00a0juillet \u00e0 17\u2009h\u2009;<\/li>\n<li><strong>\u00e0 Vertou,<\/strong> au parc de la S\u00e8vre (parking bas), les 12 et 13\u00a0juillet 2025 \u00e0 18\u2009h. Ouverture des portes \u00e0 17\u2009h\u200915\u2009;<\/li>\n<li><strong>\u00e0 Orvault,<\/strong> sur le parking du parc de la Gobini\u00e8re, les 19 et 20\u00a0juillet \u00e0 18\u2009h. Ouverture des portes \u00e0 17\u2009h\u200915.<\/li>\n<\/ul>\n<p class=\" wall-content\">La <strong>billetterie en ligne<\/strong> sera ouverte via le site internet de Royal de Luxe \u00e0 partir du 17\u00a0juin.<br \/>Chaque personne pourra faire quatre r\u00e9servations maximum, des quotas de places seront r\u00e9serv\u00e9s pour les associations et le r\u00e9seau m\u00e9diation carte blanche.<\/p>\n<p class=\" wall-content\">Suivez toute l\u2019actualit\u00e9 de vos villes et m\u00e9dias favoris en vous inscrivant \u00e0 <a href=\"https:\/\/moncompte.actu.fr\" title=\"D\u00e9couvez Mon Actu\" rel=\"nofollow noopener\" data-trk=\"{&quot;cta&quot;:{&quot;action&quot;:&quot;https:\\\/\\\/moncompte.actu.fr&quot;,&quot;category&quot;:&quot;mon compte&quot;,&quot;from&quot;:&quot;article footer&quot;,&quot;name&quot;:&quot;Mon actu&quot;,&quot;type&quot;:&quot;cta&quot;}}\" target=\"_blank\">Mon Actu<\/a>.<\/p>\n","protected":false},"excerpt":{"rendered":"Par Tristan Mah\u00e9 Publi\u00e9 le 4 juin 2025 \u00e0 17h47 Un instant hors du temps et une ode&hellip;\n","protected":false},"author":2,"featured_media":153331,"comment_status":"","ping_status":"","sticky":false,"template":"","format":"standard","meta":{"footnotes":""},"categories":[2818],"tags":[1111,11,1777,674,1011,27,1652,766,12,2636,25,853,1347],"class_list":{"0":"post-153330","1":"post","2":"type-post","3":"status-publish","4":"format-standard","5":"has-post-thumbnail","7":"category-nantes","8":"tag-actu","9":"tag-actualites","10":"tag-eu","11":"tag-europe","12":"tag-fr","13":"tag-france","14":"tag-loisirs-culture","15":"tag-nantes","16":"tag-news","17":"tag-pays-de-la-loire","18":"tag-republique-francaise","19":"tag-spectacles","20":"tag-theatre"},"share_on_mastodon":{"url":"https:\/\/pubeurope.com\/@fr\/114629455658922481","error":""},"_links":{"self":[{"href":"https:\/\/www.europesays.com\/fr\/wp-json\/wp\/v2\/posts\/153330","targetHints":{"allow":["GET"]}}],"collection":[{"href":"https:\/\/www.europesays.com\/fr\/wp-json\/wp\/v2\/posts"}],"about":[{"href":"https:\/\/www.europesays.com\/fr\/wp-json\/wp\/v2\/types\/post"}],"author":[{"embeddable":true,"href":"https:\/\/www.europesays.com\/fr\/wp-json\/wp\/v2\/users\/2"}],"replies":[{"embeddable":true,"href":"https:\/\/www.europesays.com\/fr\/wp-json\/wp\/v2\/comments?post=153330"}],"version-history":[{"count":0,"href":"https:\/\/www.europesays.com\/fr\/wp-json\/wp\/v2\/posts\/153330\/revisions"}],"wp:featuredmedia":[{"embeddable":true,"href":"https:\/\/www.europesays.com\/fr\/wp-json\/wp\/v2\/media\/153331"}],"wp:attachment":[{"href":"https:\/\/www.europesays.com\/fr\/wp-json\/wp\/v2\/media?parent=153330"}],"wp:term":[{"taxonomy":"category","embeddable":true,"href":"https:\/\/www.europesays.com\/fr\/wp-json\/wp\/v2\/categories?post=153330"},{"taxonomy":"post_tag","embeddable":true,"href":"https:\/\/www.europesays.com\/fr\/wp-json\/wp\/v2\/tags?post=153330"}],"curies":[{"name":"wp","href":"https:\/\/api.w.org\/{rel}","templated":true}]}}