{"id":153332,"date":"2025-06-05T06:57:09","date_gmt":"2025-06-05T06:57:09","guid":{"rendered":"https:\/\/www.europesays.com\/fr\/153332\/"},"modified":"2025-06-05T06:57:09","modified_gmt":"2025-06-05T06:57:09","slug":"les-syndicats-appellent-a-la-greve-pour-nos-retraites","status":"publish","type":"post","link":"https:\/\/www.europesays.com\/fr\/153332\/","title":{"rendered":"les syndicats appellent \u00e0 la gr\u00e8ve \u00ab\u00a0pour nos retraites\u00a0\u00bb"},"content":{"rendered":"<p>            Par<br \/>\n        <strong><br \/>\n            <a href=\"https:\/\/actu.fr\/auteur\/clemence-pays02-actu-fr\" title=\"Consulter tous les articles de Cl\u00e9mence Pays\" rel=\"nofollow noopener\" target=\"_blank\">Cl\u00e9mence Pays<\/a><br \/>\n        <\/strong><\/p>\n<p>        Publi\u00e9 le<\/p>\n<p>            5 juin 2025 \u00e0 8h24        <\/p>\n<p>Alors qu\u2019<a href=\"https:\/\/actu.fr\/pays-de-la-loire\/nantes_44109\/nuit-du-bien-commun-a-nantes-la-manifestation-contre-le-gala-reactionnaire-interdite_62726461.html\" rel=\"nofollow noopener\" target=\"_blank\">une manifestation contre La Nuit du bien commun est pr\u00e9vue \u00e0 Nantes malgr\u00e9 son interdiction par le pr\u00e9fet<\/a>, jeudi 5\u00a0juin 2025, l\u2019Union d\u00e9partementale de la CGT appelle \u00e9galement \u00e0 se mobiliser.<\/p>\n<p class=\" wall-content\">Dans un communiqu\u00e9 intitul\u00e9 <strong>\u00ab\u2009en gr\u00e8ve et en manifestation pour nos retraites, nos emplois et nos salaires\u2009\u00bb,<\/strong> le syndicat invite les Nantaises et Nantais \u00e0 se r\u00e9unir dans la rue \u00ab\u2009pour gagner l\u2019abrogation de la r\u00e9forme des retraites\u2009\u00bb.<\/p>\n<p class=\" wall-content\">Les salari\u00e9s sont aussi invit\u00e9s \u00e0 se mobiliser dans leur entreprise \u00ab\u2009pour revendiquer et <strong>gagner des avanc\u00e9es sur les salaires<\/strong> et les conditions de travail\u2009\u00bb.<\/p>\n<p>Plusieurs rendez-vous en Loire-Atlantique<\/p>\n<p class=\" wall-content\">Dans la cit\u00e9 des ducs de Bretagne, le rendez-vous est fix\u00e9<strong> \u00e0 14h, place de Bretagne.<\/strong><\/p>\n<p class=\" wall-content\">Un appel \u00e0 manifester est \u00e9galement lanc\u00e9 \u00e0 <a href=\"https:\/\/actu.fr\/pays-de-la-loire\/clisson_44043\" rel=\"nofollow noopener\" target=\"_blank\">Clisson<\/a>, 10h30 parvis de la gare, ainsi qu\u2019\u00e0 <a href=\"https:\/\/actu.fr\/l-eclaireur-de-chateaubriant\/\" rel=\"nofollow noopener\" target=\"_blank\">Ch\u00e2teaubriant<\/a>, \u00e0 17\u2009h place de la Mairie.<\/p>\n<p>Vid\u00e9os : en ce moment sur Actu<\/p>\n<p class=\" wall-content\">\u00c0 Nantes, les <strong>transports en commun<\/strong> du r\u00e9seau Naolib<a href=\"https:\/\/actu.fr\/pays-de-la-loire\/nantes_44109\/manifestations-a-nantes-les-lignes-de-tramway-et-de-busway-seront-coupees-jeudi_62727104.html\" rel=\"nofollow noopener\" target=\"_blank\"> seront perturb\u00e9s en raison de ces manifestations<\/a>.<\/p>\n<p class=\" wall-content\">Suivez toute l\u2019actualit\u00e9 de vos villes et m\u00e9dias favoris en vous inscrivant \u00e0 <a href=\"https:\/\/moncompte.actu.fr\" title=\"D\u00e9couvez Mon Actu\" rel=\"nofollow noopener\" data-trk=\"{&quot;cta&quot;:{&quot;action&quot;:&quot;https:\\\/\\\/moncompte.actu.fr&quot;,&quot;category&quot;:&quot;mon compte&quot;,&quot;from&quot;:&quot;article footer&quot;,&quot;name&quot;:&quot;Mon actu&quot;,&quot;type&quot;:&quot;cta&quot;}}\" target=\"_blank\">Mon Actu<\/a>.<\/p>\n","protected":false},"excerpt":{"rendered":"Par Cl\u00e9mence Pays Publi\u00e9 le 5 juin 2025 \u00e0 8h24 Alors qu\u2019une manifestation contre La Nuit du bien&hellip;\n","protected":false},"author":2,"featured_media":153333,"comment_status":"","ping_status":"","sticky":false,"template":"","format":"standard","meta":{"footnotes":""},"categories":[2818],"tags":[1111,11,1777,674,1011,27,1272,766,12,2636,11036,25,104,3427],"class_list":{"0":"post-153332","1":"post","2":"type-post","3":"status-publish","4":"format-standard","5":"has-post-thumbnail","7":"category-nantes","8":"tag-actu","9":"tag-actualites","10":"tag-eu","11":"tag-europe","12":"tag-fr","13":"tag-france","14":"tag-manifestations","15":"tag-nantes","16":"tag-news","17":"tag-pays-de-la-loire","18":"tag-reforme-des-retraites","19":"tag-republique-francaise","20":"tag-societe","21":"tag-syndicats"},"share_on_mastodon":{"url":"https:\/\/pubeurope.com\/@fr\/114629459583508749","error":""},"_links":{"self":[{"href":"https:\/\/www.europesays.com\/fr\/wp-json\/wp\/v2\/posts\/153332","targetHints":{"allow":["GET"]}}],"collection":[{"href":"https:\/\/www.europesays.com\/fr\/wp-json\/wp\/v2\/posts"}],"about":[{"href":"https:\/\/www.europesays.com\/fr\/wp-json\/wp\/v2\/types\/post"}],"author":[{"embeddable":true,"href":"https:\/\/www.europesays.com\/fr\/wp-json\/wp\/v2\/users\/2"}],"replies":[{"embeddable":true,"href":"https:\/\/www.europesays.com\/fr\/wp-json\/wp\/v2\/comments?post=153332"}],"version-history":[{"count":0,"href":"https:\/\/www.europesays.com\/fr\/wp-json\/wp\/v2\/posts\/153332\/revisions"}],"wp:featuredmedia":[{"embeddable":true,"href":"https:\/\/www.europesays.com\/fr\/wp-json\/wp\/v2\/media\/153333"}],"wp:attachment":[{"href":"https:\/\/www.europesays.com\/fr\/wp-json\/wp\/v2\/media?parent=153332"}],"wp:term":[{"taxonomy":"category","embeddable":true,"href":"https:\/\/www.europesays.com\/fr\/wp-json\/wp\/v2\/categories?post=153332"},{"taxonomy":"post_tag","embeddable":true,"href":"https:\/\/www.europesays.com\/fr\/wp-json\/wp\/v2\/tags?post=153332"}],"curies":[{"name":"wp","href":"https:\/\/api.w.org\/{rel}","templated":true}]}}