{"id":153339,"date":"2025-06-05T07:01:10","date_gmt":"2025-06-05T07:01:10","guid":{"rendered":"https:\/\/www.europesays.com\/fr\/153339\/"},"modified":"2025-06-05T07:01:10","modified_gmt":"2025-06-05T07:01:10","slug":"un-nouveau-chateau-deau-haut-de-30-metres-en-construction-dans-cette-ville-pres-de-toulouse","status":"publish","type":"post","link":"https:\/\/www.europesays.com\/fr\/153339\/","title":{"rendered":"un nouveau ch\u00e2teau d\u2019eau haut de 30 m\u00e8tres en construction dans cette ville pr\u00e8s de Toulouse"},"content":{"rendered":"<p>            Par<br \/>\n        <strong><br \/>\n            <a href=\"https:\/\/actu.fr\/auteur\/riaute-mariane\" title=\"Consulter tous les articles de Mariane RIAUTE\" rel=\"nofollow noopener\" target=\"_blank\">Mariane RIAUTE<\/a><br \/>\n        <\/strong><\/p>\n<p>        Publi\u00e9 le<\/p>\n<p>            5 juin 2025 \u00e0 7h52        <\/p>\n<p><b>Un g\u00e9ant de ciment va s\u2019installer <\/b>sur les collines du Lauragais, aux portes de Toulouse. Depuis f\u00e9vrier 2025, c\u2019est un chantier d\u2019ampleur qui a pris racine aux confins des communes de <a href=\"https:\/\/actu.fr\/occitanie\/castanet-tolosan_31113\" rel=\"nofollow noopener\" target=\"_blank\">Castanet-Tolosan<\/a>\u00a0et <a href=\"https:\/\/actu.fr\/occitanie\/rebigue_31448\" rel=\"nofollow noopener\" target=\"_blank\">Rebigue<\/a>. Au fil des travaux, la nouvelle infrastructure gagne en hauteur. Elle doit atteindre <b>une taille finale de 30\u00a0m\u00e8tres<\/b>.<\/p>\n<p class=\" wall-content\">Il s\u2019agit de l\u2019un des sept r\u00e9servoirs \u2013 le premier, celui enterr\u00e9 de Bazi\u00e8ge (1\u2009200 m3), est d\u00e9j\u00e0 achev\u00e9 \u2013 qui vont \u00eatre construits sur le territoire du <a href=\"https:\/\/actu.fr\/tag\/sicoval\" rel=\"nofollow noopener\" target=\"_blank\">Sicoval<\/a> dans le cadre de son sch\u00e9ma directeur d\u2019alimentation en eau potable. Le chantier de cette nouvelle infrastructure a \u00e9t\u00e9 inaugur\u00e9 le jeudi 15 mai.<\/p>\n<p>Une capacit\u00e9 de 1\u2009400\u00a0m3<\/p>\n<p class=\" wall-content\">Pour l\u2019heure, il ne fait qu\u2019une dizaine de m\u00e8tres, les casques blancs et tenues orange fluo ne s\u2019affr\u00e9tant quotidiennement sur le chantier que depuis le d\u00e9but du mois de f\u00e9vrier.<\/p>\n<p class=\" wall-content\">Le futur r\u00e9servoir sur tour ne manquera pourtant pas d\u2019impressionner par la taille qu\u2019il devrait faire \u00e0 la fin du chantier, pr\u00e9vue<b> en avril\u00a02026<\/b>\u2009: 30\u00a0m\u00e8tres de haut pour une capacit\u00e9 de 1\u2009400\u00a0m3, tout de m\u00eame.<\/p>\n<p class=\" wall-content\"><b>Ce r\u00e9servoir \u00e0 double cuve<\/b> (une de 1\u2009000\u00a0m3 et une de 400\u00a0m3) trouvera sa forme hyperbolique finale apr\u00e8s 14\u00a0mois de travaux et sera aliment\u00e9 directement par le r\u00e9servoir de t\u00eate de <a href=\"https:\/\/actu.fr\/occitanie\/pechbusque_31411\" rel=\"nofollow noopener\" target=\"_blank\">Pechbusque<\/a>.<\/p>\n<p>Vid\u00e9os : en ce moment sur Actu<br \/>\n    <img   decoding=\"async\" loading=\"lazy\" class=\"size-large\" src=\"https:\/\/www.europesays.com\/fr\/wp-content\/uploads\/2025\/06\/7f6598a32f286d37598a32f2818759v-960x640.jpg\" alt=\"Rebigue 2, r\u00e9servoir d'eau en construction \u00e0 Castenet-Tolosan, devrait atteindre une hauteur d'environ 30 m\u00e8tres.\" width=\"960\" height=\"640\"\/><br \/>\n    Rebigue 2, r\u00e9servoir d\u2019eau en construction \u00e0 Castenet-Tolosan, devrait atteindre une hauteur d\u2019environ 30\u00a0m\u00e8tres. \u00a9Mariane Riaut\u00e9 \u2013 Voix du Midi LauragaisR\u00e9servoir de Rebigue ou de Castanet-Tolosan\u2009?<\/p>\n<p class=\" wall-content\">Rebigue 2, c\u2019est ainsi qu\u2019il se fait appeler. Pourtant, le chantier est bel et bien <b>implant\u00e9 dans la commune voisine de Castanet-Tolosan<\/b>. Ses concepteurs le d\u00e9fendent, ce nom est loin d\u2019\u00eatre une erreur, mais prend tout son sens dans le contexte de sa construction, comme l\u2019explique <b>Simon Callais<\/b> de R\u00e9seau 31, qui s\u2019est charg\u00e9 de la pr\u00e9sentation technique lors de l\u2019inauguration du jeudi 15 mai\u2009: \u00ab\u2009<b>Il vient remplacer le r\u00e9servoir existant de Rebigue<\/b>, qui a, lui, une capacit\u00e9 de 1\u2009150\u00a0m3. <b>Rebigue 1 sera d\u00e9truit<\/b> et son influence sera \u00e9largie avec Rebigue 2.\u2009\u00bb<\/p>\n<p>Corronsac, Donneville, Deyme, Rebigue\u2026<\/p>\n<p class=\" wall-content\">Ce jour-l\u00e0, quelques officiels ont enfil\u00e9 casque et gilets de chantier pour poser symboliquement la premi\u00e8re brique (de plastique) du chantier.<\/p>\n<p class=\" wall-content\">Un r\u00e9servoir que <b>Pierre Lattard<\/b>, vice-pr\u00e9sident du Sicoval en charge de la politique de l\u2019eau, affirme comme <b>n\u00e9cessaire au bon fonctionnement du secteur ouest du territoire<\/b> de la communaut\u00e9 d\u2019agglom\u00e9ration lors de sa prise de parole\u2009: \u00ab\u2009Ce r\u00e9servoir est calcul\u00e9 pour permettre de r\u00e9pondre aux demandes de Rebigue, <a href=\"https:\/\/actu.fr\/occitanie\/deyme_31161\" rel=\"nofollow noopener\" target=\"_blank\">Deyme<\/a>, <a href=\"https:\/\/actu.fr\/occitanie\/corronsac_31151\" rel=\"nofollow noopener\" target=\"_blank\">Corronsac<\/a>, <a href=\"https:\/\/actu.fr\/occitanie\/donneville_31162\" rel=\"nofollow noopener\" target=\"_blank\">Donneville<\/a>, et d\u2019une petite partie de Castanet-Tolosan, <a href=\"https:\/\/actu.fr\/occitanie\/pechabou_31409\" rel=\"nofollow noopener\" target=\"_blank\">P\u00e9chabou<\/a> et <a href=\"https:\/\/actu.fr\/occitanie\/pompertuzat_31429\" rel=\"nofollow noopener\" target=\"_blank\">Pompertuzat<\/a>.\u2009\u00bb<\/p>\n<p>\u00ab\u2009Garantir un approvisionnement en eau potable\u2009\u00bb<\/p>\n<p class=\" wall-content\">Des besoins en eau potable qui plus est croissants pour un territoire qui voit sa d\u00e9mographie augmenter d\u2019ann\u00e9e en ann\u00e9e, rappelle Pierre Lattard\u2009: \u00ab\u2009Nous devons aujourd\u2019hui consid\u00e9rer l\u2019eau comme <b>un inestimable patrimoine commun de l\u2019humanit\u00e9<\/b> et de l\u2019ensemble des \u00e9cosyst\u00e8mes. Le Sicoval est conscient de ces enjeux, car il faut pouvoir<b> bien accueillir les populations et le d\u00e9veloppement \u00e9conomique <\/b>dans nos communes.\u2009\u00bb<\/p>\n<p>    <img   decoding=\"async\" loading=\"lazy\" class=\"size-large\" src=\"https:\/\/www.europesays.com\/fr\/wp-content\/uploads\/2025\/06\/0901a1d22f286fc01a1d22f28c011av-960x640.jpg\" alt=\"De gauche \u00e0 droite, Pierre Lattard, S\u00e9bastien Vincini et Bruno Caubet, lors de l'inauguration du chantier du nouveau r\u00e9servoir d'eau \u00e0 Castanet-Tolosan.\" width=\"960\" height=\"640\"\/><br \/>\n    De gauche \u00e0 droite, Pierre Lattard, S\u00e9bastien Vincini et Bruno Caubet, lors de l\u2019inauguration du chantier du nouveau r\u00e9servoir d\u2019eau \u00e0 Castanet-Tolosan. \u00a9Mariane Riaut\u00e9 \u2013 Voix du Midi Lauragais<\/p>\n<p class=\" wall-content\">Un constat que vient confirmer <b>Bruno Caubet<\/b>, pr\u00e9sident du Sicoval\u2009: \u00ab\u2009Aujourd\u2019hui, cette construction vise \u00e0 <b>garantir un approvisionnement en eau potable pour l\u2019ensemble des concitoyens.<\/b> [\u2026] Cette infrastructure assurera une gestion optimale de notre ressource hydrique et <b>la s\u00e9curisation de l\u2019approvisionnement en eau <\/b>pour renforcer la r\u00e9silience face aux al\u00e9as climatiques.\u2009\u00bb<\/p>\n<p class=\" wall-content\"><b>S\u00e9bastien Vincini<\/b>, pr\u00e9sident du conseil d\u00e9partemental de la Haute-Garonne et pr\u00e9sident de R\u00e9seau31, a compl\u00e9t\u00e9\u2009: \u00ab\u2009Avec les infrastructures actuelles, il ne faut pas qu\u2019on accueille encore 18\u2009000\u00a0habitants car on sera contraints par l\u2019eau, qui est \u00e0 la fois <b>un facteur limitant et une ressource \u00e0 prot\u00e9ger<\/b>. On doit investir pour s\u2019adapter et s\u00e9curiser son acc\u00e8s.\u2009\u00bb<\/p>\n<p class=\" wall-content\">Suivez toute l\u2019actualit\u00e9 de vos villes et m\u00e9dias favoris en vous inscrivant \u00e0 <a href=\"https:\/\/moncompte.actu.fr\" title=\"D\u00e9couvez Mon Actu\" rel=\"nofollow noopener\" data-trk=\"{&quot;cta&quot;:{&quot;action&quot;:&quot;https:\\\/\\\/moncompte.actu.fr&quot;,&quot;category&quot;:&quot;mon compte&quot;,&quot;from&quot;:&quot;article footer&quot;,&quot;name&quot;:&quot;Mon actu&quot;,&quot;type&quot;:&quot;cta&quot;}}\" target=\"_blank\">Mon Actu<\/a>.<\/p>\n","protected":false},"excerpt":{"rendered":"Par Mariane RIAUTE Publi\u00e9 le 5 juin 2025 \u00e0 7h52 Un g\u00e9ant de ciment va s\u2019installer sur les&hellip;\n","protected":false},"author":2,"featured_media":153340,"comment_status":"","ping_status":"","sticky":false,"template":"","format":"standard","meta":{"footnotes":""},"categories":[2816],"tags":[1111,11,9746,1777,674,1011,27,12,2680,25,18180,104,2312,2086],"class_list":{"0":"post-153339","1":"post","2":"type-post","3":"status-publish","4":"format-standard","5":"has-post-thumbnail","7":"category-toulouse","8":"tag-actu","9":"tag-actualites","10":"tag-eau-potable","11":"tag-eu","12":"tag-europe","13":"tag-fr","14":"tag-france","15":"tag-news","16":"tag-occitanie","17":"tag-republique-francaise","18":"tag-sicoval","19":"tag-societe","20":"tag-toulouse","21":"tag-travaux"},"share_on_mastodon":{"url":"https:\/\/pubeurope.com\/@fr\/114629475271189841","error":""},"_links":{"self":[{"href":"https:\/\/www.europesays.com\/fr\/wp-json\/wp\/v2\/posts\/153339","targetHints":{"allow":["GET"]}}],"collection":[{"href":"https:\/\/www.europesays.com\/fr\/wp-json\/wp\/v2\/posts"}],"about":[{"href":"https:\/\/www.europesays.com\/fr\/wp-json\/wp\/v2\/types\/post"}],"author":[{"embeddable":true,"href":"https:\/\/www.europesays.com\/fr\/wp-json\/wp\/v2\/users\/2"}],"replies":[{"embeddable":true,"href":"https:\/\/www.europesays.com\/fr\/wp-json\/wp\/v2\/comments?post=153339"}],"version-history":[{"count":0,"href":"https:\/\/www.europesays.com\/fr\/wp-json\/wp\/v2\/posts\/153339\/revisions"}],"wp:featuredmedia":[{"embeddable":true,"href":"https:\/\/www.europesays.com\/fr\/wp-json\/wp\/v2\/media\/153340"}],"wp:attachment":[{"href":"https:\/\/www.europesays.com\/fr\/wp-json\/wp\/v2\/media?parent=153339"}],"wp:term":[{"taxonomy":"category","embeddable":true,"href":"https:\/\/www.europesays.com\/fr\/wp-json\/wp\/v2\/categories?post=153339"},{"taxonomy":"post_tag","embeddable":true,"href":"https:\/\/www.europesays.com\/fr\/wp-json\/wp\/v2\/tags?post=153339"}],"curies":[{"name":"wp","href":"https:\/\/api.w.org\/{rel}","templated":true}]}}