{"id":153341,"date":"2025-06-05T07:03:25","date_gmt":"2025-06-05T07:03:25","guid":{"rendered":"https:\/\/www.europesays.com\/fr\/153341\/"},"modified":"2025-06-05T07:03:25","modified_gmt":"2025-06-05T07:03:25","slug":"lol-a-la-lutte-avec-lom-et-lille-pour-bakker","status":"publish","type":"post","link":"https:\/\/www.europesays.com\/fr\/153341\/","title":{"rendered":"l&rsquo;OL \u00e0 la lutte avec l&rsquo;OM et Lille pour Bakker ?"},"content":{"rendered":"<p>                            <img width=\"770\" height=\"433\" src=\"https:\/\/www.europesays.com\/fr\/wp-content\/uploads\/2025\/06\/6759f5c8184f93475b8b457f-770x433.webp.webp\" class=\"attachment-article size-article wp-post-image\" alt=\"Mitchel Bakker, lat\u00e9ral gauche pr\u00eat\u00e9 \u00e0 Lille\" decoding=\"async\" fetchpriority=\"high\"  \/><\/p>\n<p>Mitchel Bakker, lat\u00e9ral gauche pr\u00eat\u00e9 \u00e0 Lille (AFP)<\/p>\n<p>Avec le d\u00e9part de Nicolas Tagliafico, l&rsquo;OL va devoir se renforcer au poste de lat\u00e9ral gauche. L&rsquo;une des cibles derri\u00e8re Junior Firpo m\u00e8nerait \u00e0 Mitchel Bakker, pr\u00eat\u00e9 \u00e0 Lille la saison pass\u00e9e.<\/p>\n<p>Aussi surprenant que cela puisse paraitre, l&rsquo;<strong>OL <\/strong>se retrouve au c\u0153ur des rumeurs mercato alors qu&rsquo;il est cens\u00e9 \u00eatre interdit de recrutement. Cela interroge forc\u00e9ment, d&rsquo;autant plus que certaines pistes seraient plus que bien avanc\u00e9es, \u00e0 l&rsquo;image du <a href=\"https:\/\/www.olympique-et-lyonnais.com\/mercato-lol-et-nottingham-forest-encore-en-affaires-pour-danilo,363979.html\" rel=\"nofollow noopener\" target=\"_blank\">dossier <\/a><strong>Danilo <\/strong>(<strong>Nottingham Forest<\/strong>). Quand les suiveurs s&rsquo;attendaient avant tout \u00e0 une interdiction de recrutement et un encadrement de la masse salariale le 24 juin prochain, John <strong><a href=\"https:\/\/www.olympique-et-lyonnais.com\/ol-ligue-europa-textor-presse-par-luefa-de-vendre-ses-parts-a-crystal-palace,364200.html\" rel=\"nofollow noopener\" target=\"_blank\">Textor <\/a><\/strong>aurait-il trouv\u00e9 une parade pour adoucir la DNCG ? Cela semble gros et il faudra attendre la fin du mois pour en avoir le c\u0153ur net. D&rsquo;ici l\u00e0, des pistes fleurissent et la derni\u00e8re en date concerne le poste de lat\u00e9ral gauche. Sous contrat jusqu&rsquo;au 30 juin, Nicolas <strong>Tagliafico <\/strong>n&rsquo;a pas encore annonc\u00e9 son d\u00e9part, mais c&rsquo;est tout comme. L&rsquo;Argentin ne reviendra tr\u00e8s certainement pas entre Rh\u00f4ne et Sa\u00f4ne et l&rsquo;<strong>OL<\/strong> va devoir lui trouver un rempla\u00e7ant.<\/p>\n<p>Lille et l&rsquo;OM sur le coup ?<\/p>\n<p>Pas une mince affaire alors qu&rsquo;<strong>Abner<\/strong> semble l\u00e9ger pour prendre la suite. Ces derniers temps, la piste la plus chaude m\u00e8ne \u00e0 <strong>Junior Firpo<\/strong>, en fin de contrat avec <strong>Leeds<\/strong>. Les discussions seraient<a href=\"https:\/\/www.olympique-et-lyonnais.com\/mercato-lol-serait-determine-a-recruter-junior-firpo,363683.html\" rel=\"nofollow noopener\" target=\"_blank\"> d&rsquo;ailleurs bien engag\u00e9es<\/a> avec l&rsquo;ancien du <strong>FC Barcelone<\/strong>. Toutefois, l&rsquo;OL assure-t-il ses arri\u00e8res, en cas d&rsquo;offre int\u00e9ressante de l&rsquo;<strong>AC Milan<\/strong> ? Quoi qu&rsquo;il en soit, De Telegraaf avance que la formation lyonnaise ferait partie de celles int\u00e9ress\u00e9es par Mitchel <strong>Bakker<\/strong>, lat\u00e9ral de l&rsquo;<strong>Atalanta Bergame<\/strong>. S&rsquo;il appartient au club italien jusqu&rsquo;en 2027, le N\u00e9erlandais \u00e9voluait la saison pass\u00e9e au <strong>LOSC <\/strong>o\u00f9 il \u00e9tait pr\u00eat\u00e9 (35 matchs). Les Dogues aimeraient d&rsquo;ailleurs le recruter de mani\u00e8re d\u00e9finitive, tandis que l&rsquo;<strong>OM<\/strong> serait \u00e9galement sur le coup de l&rsquo;ancien Parisien.<\/p>\n<p>\t\t\t\t\t<a href=\"https:\/\/www.olympique-et-lyonnais.com\/ol-mercato-la-premiere-approche-de-city-pour-cherki-repoussee,364384.html\" title=\"OL - Mercato : la premi\u00e8re approche de City pour Cherki repouss\u00e9e\" rel=\"nofollow noopener\" target=\"_blank\"><img loading=\"lazy\" width=\"580\" height=\"326\" src=\"https:\/\/www.europesays.com\/fr\/wp-content\/uploads\/2025\/06\/000_34TB2EB-580x326.jpg\" class=\"attachment-actularge size-actularge wp-post-image\" alt=\"Rayan Cherki lors d'OL - Strasbourg.\" decoding=\"async\"  \/>\t\t\t\t\t<\/a><\/p>\n","protected":false},"excerpt":{"rendered":"Mitchel Bakker, lat\u00e9ral gauche pr\u00eat\u00e9 \u00e0 Lille (AFP) Avec le d\u00e9part de Nicolas Tagliafico, l&rsquo;OL va devoir se&hellip;\n","protected":false},"author":2,"featured_media":153342,"comment_status":"","ping_status":"","sticky":false,"template":"","format":"standard","meta":{"footnotes":""},"categories":[2815],"tags":[1111,11,1777,674,1011,27,811,1307,1434,12,241,978,25],"class_list":{"0":"post-153341","1":"post","2":"type-post","3":"status-publish","4":"format-standard","5":"has-post-thumbnail","7":"category-lille","8":"tag-actu","9":"tag-actualites","10":"tag-eu","11":"tag-europe","12":"tag-fr","13":"tag-france","14":"tag-hauts-de-france","15":"tag-lille","16":"tag-mercato","17":"tag-news","18":"tag-ol","19":"tag-olympique-lyonnais","20":"tag-republique-francaise"},"share_on_mastodon":{"url":"https:\/\/pubeurope.com\/@fr\/114629483159604138","error":""},"_links":{"self":[{"href":"https:\/\/www.europesays.com\/fr\/wp-json\/wp\/v2\/posts\/153341","targetHints":{"allow":["GET"]}}],"collection":[{"href":"https:\/\/www.europesays.com\/fr\/wp-json\/wp\/v2\/posts"}],"about":[{"href":"https:\/\/www.europesays.com\/fr\/wp-json\/wp\/v2\/types\/post"}],"author":[{"embeddable":true,"href":"https:\/\/www.europesays.com\/fr\/wp-json\/wp\/v2\/users\/2"}],"replies":[{"embeddable":true,"href":"https:\/\/www.europesays.com\/fr\/wp-json\/wp\/v2\/comments?post=153341"}],"version-history":[{"count":0,"href":"https:\/\/www.europesays.com\/fr\/wp-json\/wp\/v2\/posts\/153341\/revisions"}],"wp:featuredmedia":[{"embeddable":true,"href":"https:\/\/www.europesays.com\/fr\/wp-json\/wp\/v2\/media\/153342"}],"wp:attachment":[{"href":"https:\/\/www.europesays.com\/fr\/wp-json\/wp\/v2\/media?parent=153341"}],"wp:term":[{"taxonomy":"category","embeddable":true,"href":"https:\/\/www.europesays.com\/fr\/wp-json\/wp\/v2\/categories?post=153341"},{"taxonomy":"post_tag","embeddable":true,"href":"https:\/\/www.europesays.com\/fr\/wp-json\/wp\/v2\/tags?post=153341"}],"curies":[{"name":"wp","href":"https:\/\/api.w.org\/{rel}","templated":true}]}}