{"id":153343,"date":"2025-06-05T07:04:10","date_gmt":"2025-06-05T07:04:10","guid":{"rendered":"https:\/\/www.europesays.com\/fr\/153343\/"},"modified":"2025-06-05T07:04:10","modified_gmt":"2025-06-05T07:04:10","slug":"des-brouilleurs-aux-baumettes-3-qui-inquietent","status":"publish","type":"post","link":"https:\/\/www.europesays.com\/fr\/153343\/","title":{"rendered":"Des brouilleurs aux Baumettes 3 qui inqui\u00e8tent"},"content":{"rendered":"\n<p>Emp\u00eacher les communications illicites sans perturber le voisinage&#8230; Un d\u00e9fi que lance aux entreprises candidates l\u2019appel d\u2019offres \u00e9mis le 28\u00a0mai par la Direction de l\u2019administration p\u00e9nitentiaire sur l\u2019\u00ab\u00a0acquisition d\u2019une solution de d\u00e9tection et neutralisation des communications illicites dans l\u2019\u00e9tablissement de Marseille Baumettes\u00a03\u00a0\u00bb. Un march\u00e9 \u00e0 24\u00a0millions d\u2019euros hors taxe, dont 8\u00a0millions d\u00e9volus \u00e0 cet \u00e9quipement.<\/p>\n<p>Il s\u2019agit de rep\u00e9rer et neutraliser \u00ab\u00a0avec une localisation la plus pr\u00e9cise possible\u00a0\u00bb, les appels et \u00e9changes de donn\u00e9es par le r\u00e9seau, le Wifi, le Bluetooth et les satellites. Et ce \u00ab\u00a0sans perturbation ou d\u00e9bordement \u00e0 l\u2019ext\u00e9rieur de ces zones\u00a0\u00bb. Et c\u2019est bien l\u00e0 ce qui inqui\u00e8te les riverains de la prison, \u00e9chaud\u00e9s par la mise en place du brouillage aux Baumettes 2 en mai\u00a02021.<\/p>\n<p>Faute de r\u00e9seau, \u00ab\u00a0on passe depuis par le Wifi\u00a0\u00bb, t\u00e9moigne \u00c9liane Gastaud, coordinatrice du collectif des voisins des Baumettes. Il a fallu que le ministre de la Justice d\u2019alors, \u00c9ric Dupond-Moretti, vienne \u00e0 Marseille en 2023, que le d\u00e9put\u00e9 (Ren.) du secteur, Lionel Royer-Perreaut, l\u2019interpelle pour que la situation s\u2019am\u00e9liore&#8230; Et encore.<\/p>\n<p> Tenir compte<br \/>\n               <br \/>du milieu urbain\n              <\/p>\n<p>\u00ab\u00a0\u00c0 l\u2019automne dernier, les brouilleurs se sont d\u00e9r\u00e9gl\u00e9s\u00a0\u00bb, poursuit \u00c9liane, au nom des 100 \u00e0 150\u00a0habitants concern\u00e9s. \u00ab\u00a0On est en milieu urbain, on ne peut pas faire n\u2019importe quoi\u00a0\u00bb, estime-t-elle, racontant les m\u00e9decins qui attendent les r\u00e9sultats de scanners et autres angoisses pour pr\u00e9venir les secours si le Wifi venait \u00e0 tomber. Et de craindre l\u2019impact futur quand les Baumettes 3 seront \u00e0 100m \u00e0 peine des immeubles. Au cours des r\u00e9unions trimestrielles avec l\u2019Agence publique pour l\u2019immobilier de la justice, elle n\u2019a pas manqu\u00e9 de l\u2019\u00e9voquer. \u00ab\u00a0Je vais le remettre sur la table en juin, m\u00eame si on m\u2019a assur\u00e9 que ce serait une solution nouvelle g\u00e9n\u00e9ration\u00a0\u00bb, pr\u00e9vient-elle, consid\u00e9rant qu\u2019il suffirait de supprimer les t\u00e9l\u00e9phones&#8230; Ce que tente de faire le minist\u00e8re de l\u2019Int\u00e9rieur avec de maigres r\u00e9sultats. L\u2019op\u00e9ration \u00ab\u00a0Prison Break\u00a0\u00bb, le 20\u00a0mai, avec 66\u00a0lieux de d\u00e9tention perquisitionn\u00e9s, a permis la saisie de 164\u00a0t\u00e9l\u00e9phones. Une lutte perdue d\u2019avance pour Dominique Simonnot, contr\u00f4leuse g\u00e9n\u00e9rale des lieux de privation de libert\u00e9.<\/p>\n<p>Il serait \u00ab\u00a0peu r\u00e9aliste d\u2019imaginer maintenir l\u2019interdiction aux personnes d\u00e9tenues de l\u2019usage, devenu si banal, du t\u00e9l\u00e9phone portable\u00a0\u00bb, estime-t-elle dans un avis publi\u00e9 au journal officiel le 19\u00a0f\u00e9vrier. Dans un contexte o\u00f9 l\u2019acc\u00e8s \u00e0 une ligne fixe reste limit\u00e9 et cher pour les d\u00e9tenus, elle pr\u00f4ne au contraire \u00ab\u00a0un acc\u00e8s encadr\u00e9 \u00e0 la t\u00e9l\u00e9phonie mobile\u00a0\u00bb.<\/p>\n","protected":false},"excerpt":{"rendered":"Emp\u00eacher les communications illicites sans perturber le voisinage&#8230; Un d\u00e9fi que lance aux entreprises candidates l\u2019appel d\u2019offres \u00e9mis&hellip;\n","protected":false},"author":2,"featured_media":153344,"comment_status":"","ping_status":"","sticky":false,"template":"","format":"standard","meta":{"footnotes":""},"categories":[2814],"tags":[1111,11,17316,1777,674,1011,27,884,12,882,25],"class_list":{"0":"post-153343","1":"post","2":"type-post","3":"status-publish","4":"format-standard","5":"has-post-thumbnail","7":"category-marseille","8":"tag-actu","9":"tag-actualites","10":"tag-detenus","11":"tag-eu","12":"tag-europe","13":"tag-fr","14":"tag-france","15":"tag-marseille","16":"tag-news","17":"tag-provence-alpes-cote-dazur","18":"tag-republique-francaise"},"share_on_mastodon":{"url":"https:\/\/pubeurope.com\/@fr\/114629487074420693","error":""},"_links":{"self":[{"href":"https:\/\/www.europesays.com\/fr\/wp-json\/wp\/v2\/posts\/153343","targetHints":{"allow":["GET"]}}],"collection":[{"href":"https:\/\/www.europesays.com\/fr\/wp-json\/wp\/v2\/posts"}],"about":[{"href":"https:\/\/www.europesays.com\/fr\/wp-json\/wp\/v2\/types\/post"}],"author":[{"embeddable":true,"href":"https:\/\/www.europesays.com\/fr\/wp-json\/wp\/v2\/users\/2"}],"replies":[{"embeddable":true,"href":"https:\/\/www.europesays.com\/fr\/wp-json\/wp\/v2\/comments?post=153343"}],"version-history":[{"count":0,"href":"https:\/\/www.europesays.com\/fr\/wp-json\/wp\/v2\/posts\/153343\/revisions"}],"wp:featuredmedia":[{"embeddable":true,"href":"https:\/\/www.europesays.com\/fr\/wp-json\/wp\/v2\/media\/153344"}],"wp:attachment":[{"href":"https:\/\/www.europesays.com\/fr\/wp-json\/wp\/v2\/media?parent=153343"}],"wp:term":[{"taxonomy":"category","embeddable":true,"href":"https:\/\/www.europesays.com\/fr\/wp-json\/wp\/v2\/categories?post=153343"},{"taxonomy":"post_tag","embeddable":true,"href":"https:\/\/www.europesays.com\/fr\/wp-json\/wp\/v2\/tags?post=153343"}],"curies":[{"name":"wp","href":"https:\/\/api.w.org\/{rel}","templated":true}]}}