{"id":153347,"date":"2025-06-05T07:06:14","date_gmt":"2025-06-05T07:06:14","guid":{"rendered":"https:\/\/www.europesays.com\/fr\/153347\/"},"modified":"2025-06-05T07:06:14","modified_gmt":"2025-06-05T07:06:14","slug":"nominations-a-lyon-les-visages-des-nouveaux-decideurs","status":"publish","type":"post","link":"https:\/\/www.europesays.com\/fr\/153347\/","title":{"rendered":"Nominations \u00e0 Lyon. Les visages des nouveaux d\u00e9cideurs &#8211;"},"content":{"rendered":"<p>\t\t\t\t<img fetchpriority=\"high\" decoding=\"async\" width=\"900\" height=\"562\" src=\"https:\/\/www.europesays.com\/fr\/wp-content\/uploads\/2025\/06\/Nominations-Lyon-juin-2025.jpg\" alt=\"\" title=\"Nominations Lyon juin 2025\"   class=\"wp-image-160345\"\/><\/p>\n<p><strong>Texte\u00a0: Marc de Jouvencel \u2013<\/strong> Grandes entreprises, PME, administrations, institutions, commerces voici vos nouveaux interlocuteurs d\u00e9sormais aux manettes dans la m\u00e9tropole de Lyon et le d\u00e9partement du Rh\u00f4ne.<\/p>\n<p><strong>NOMINATIONS<\/strong><\/p>\n<p><img loading=\"lazy\" decoding=\"async\" class=\"alignnone size-full wp-image-160334\" src=\"data:image\/svg+xml,%3Csvg%20xmlns=\" http:=\"\" alt=\"\" width=\"900\" height=\"587\" data-lazy- data-lazy- data-lazy-src=\"https:\/\/www.europesays.com\/fr\/wp-content\/uploads\/2025\/06\/03-UMIH-Rhone.jpg\"\/><\/p>\n<p><strong>UMIH Rh\u00f4ne<br \/><\/strong>L\u2019Assembl\u00e9e G\u00e9n\u00e9rale \u00e9lective de l\u2019Union des M\u00e9tiers et des Industries de l\u2019H\u00f4tellerie (UMIH) du Rh\u00f4ne s\u2019est tenue le lundi 5 mai 2025 \u00e0 Lyon, en pr\u00e9sence de <strong>Thierry Marx<\/strong>, Pr\u00e9sident conf\u00e9d\u00e9ral de l\u2019UMIH, et de <a style=\"color: #000000;\" href=\"https:\/\/www.linkedin.com\/in\/franck-chaumes-51ba61aa\/\" target=\"_blank\" rel=\"noopener\">Franck Chaumes<\/a>, Pr\u00e9sident national UMIH Restauration. Voici la composition du bureau\u00a0:<br \/><strong>Thierry Fontaine<\/strong> est renouvel\u00e9 dans ses fonctions de Pr\u00e9sident de l\u2019UMIH du Rh\u00f4ne. Il sera d\u00e9sormais accompagn\u00e9 par <strong>Geoffrey Clavel<\/strong>, nomm\u00e9 Vice-Pr\u00e9sident g\u00e9n\u00e9ral.<br \/><strong><a style=\"color: #000000;\" href=\"https:\/\/www.linkedin.com\/in\/thibault-salvat-a90a6451\/\" target=\"_blank\" rel=\"noopener\">Thibault Salvat<\/a><\/strong> conserve la pr\u00e9sidence de la branche Restauration. <strong><a style=\"color: #000000;\" href=\"https:\/\/www.linkedin.com\/in\/charlotte-cauwet-b7a19b121\/\" target=\"_blank\" rel=\"noopener\">Charlotte Cauwet<\/a> <\/strong>prend la t\u00eate de la branche D\u00e9bits de boissons, r\u00e9unissant caf\u00e9s, brasseries et \u00e9tablissements de nuit. <strong><a style=\"color: #000000;\" href=\"https:\/\/www.linkedin.com\/in\/sabine-dall-ava-28222410\/\" target=\"_blank\" rel=\"noopener\">Sabine Dall\u2019Ava<\/a><\/strong> est \u00e9lue pr\u00e9sidente de la branche H\u00e9bergement-H\u00f4tellerie.<\/p>\n<p><strong>Rectorat Acad\u00e9mie de Lyon<br \/>Anne Bisagni-Faure<\/strong> a \u00e9t\u00e9 nomm\u00e9e le 12 mars 2025 rectrice de la r\u00e9gion acad\u00e9mique Auvergne Rh\u00f4ne-Alpes. Celle qui a \u00e9t\u00e9 en 2014 conseill\u00e8re technique du Premier ministre socialiste Manuel Valls occupait la m\u00eame fonction en Nouvelle Aquitaine depuis 2019. L\u2019\u00e9ducation de nos bambins est donc dans de bonnes mains\u2026 Elle remplace <strong>Olivier Dugrip<\/strong> arriv\u00e9 \u00e0 Lyon en 2019. <strong>Valentine Tchou-Conraux<\/strong> a \u00e9t\u00e9 nomm\u00e9e directrice du cabinet d\u2019Anne Bisagni-Faure. Elle a pris ses fonctions le jeudi 15 mai 2025.<\/p>\n<p><strong><img loading=\"lazy\" decoding=\"async\" class=\" wp-image-160335 alignleft\" src=\"data:image\/svg+xml,%3Csvg%20xmlns=\" http:=\"\" alt=\"\" width=\"132\" height=\"199\" data-lazy-src=\"https:\/\/www.europesays.com\/fr\/wp-content\/uploads\/2025\/06\/04-Loic-Moutoir.jpeg\"\/>MODEM<br \/><\/strong>Ce samedi 10 mai 2025, lors de la convention r\u00e9gionale du MoDem Auvergne-Rh\u00f4ne-Alpes \u00e0 Valence, les militants du mouvement de jeunesse du MoDem ont \u00e9lu <strong>Lo\u00efc Moutoir<\/strong> en tant que Pr\u00e9sident des Jeunes D\u00e9mocrates (JDEM) d\u2019Auvergne-Rh\u00f4ne-Alpes. Dipl\u00f4m\u00e9 d\u2019un master en \u00e9cole de management et \u00e9voluant au sein d\u2019un groupe bancaire fran\u00e7ais, il est engag\u00e9 politiquement dans le Rh\u00f4ne et sur la commune de Caluire-et-Cuire.<\/p>\n<p><strong>Renaissance<br \/><\/strong>Renaissance Rh\u00f4ne continue son travail en vue des \u00e9lections municipales et m\u00e9tropolitaines de 2026 en nommant aujourd\u2019hui 5 nouveaux pilotes dans le Rh\u00f4ne et la M\u00e9tropole de Lyon. \u00ab\u00a0Aux c\u00f4t\u00e9s des adh\u00e9rents Renaissance et des partenaires locaux du bloc central, les pilotes municipaux ont pour mission d\u2019animer la pr\u00e9-campagne, de f\u00e9d\u00e9rer les forces politiques locales et de mobiliser les \u00e9nergies de la soci\u00e9t\u00e9 civile.\u00a0\u00bb<\/p>\n<p><img loading=\"lazy\" decoding=\"async\" class=\" wp-image-160342 alignleft\" src=\"data:image\/svg+xml,%3Csvg%20xmlns=\" http:=\"\" alt=\"\" width=\"133\" height=\"133\" data-lazy-src=\"https:\/\/www.europesays.com\/fr\/wp-content\/uploads\/2025\/06\/Thomas-Rudigoz.jpg\"\/>Le bureau d\u00e9partemental a d\u00e9sign\u00e9 : <strong>Eric Maillet <\/strong>pour Corbas<strong>, Jean-Pierre Boh\u00e9 <\/strong>pour Feyzin<strong>, Jacqueline Lebrun <\/strong>pour Francheville<strong>, Laetitia Pichon <\/strong>pour Tassin-la-Demi-Lune<strong>, Denis Chaumat <\/strong>pour Villefranche-sur-Sa\u00f4ne<strong>. <\/strong>Ils rejoignent <strong>Thomas Rudigoz <\/strong>(photo) et<strong> Ludovic Almeras <\/strong>d\u00e9sign\u00e9s pour Lyon et V\u00e9nissieux il y a quelques semaines.<\/p>\n<p><strong>Ordre des G\u00e9om\u00e8tres-experts<br \/><\/strong>Le Conseil r\u00e9gional de l\u2019Ordre des g\u00e9om\u00e8tres-experts de Lyon a tenu son Assembl\u00e9e g\u00e9n\u00e9rale ces 3 et 4 avril \u00e0 Val-Cenis (74). Ce temps fort de l\u2019institution a permis de mobiliser les 204 G\u00e9om\u00e8tres-Experts de l\u2019Ain, de l\u2019Ard\u00e8che, de la Dr\u00f4me, de l\u2019Is\u00e8re, de la Loire, du Rh\u00f4ne, de Savoie et de Haute-Savoie pour \u00e9lire le nouveau bureau r\u00e9gional qui sera charg\u00e9 de repr\u00e9senter la profession jusqu\u2019en 2027. Photo\u00a0: Michael Meniane<\/p>\n<p><strong><img loading=\"lazy\" decoding=\"async\" class=\" wp-image-160337 alignleft\" src=\"data:image\/svg+xml,%3Csvg%20xmlns=\" http:=\"\" alt=\"\" width=\"158\" height=\"175\" data-lazy-src=\"https:\/\/www.europesays.com\/fr\/wp-content\/uploads\/2025\/06\/Jean-Burdy.jpg\"\/><\/strong><strong>Skywalker Vineyards<br \/><\/strong>Figure du monde des vins et spiritueux lyonnais, <strong>Jean Burdy<\/strong> vogue depuis plus de 5 ann\u00e9es \u00e0 son compte apr\u00e8s avoir fait les belles bulles de la maison Mumm. Via son agence 5.1 com, il vient d\u2019enrichir sa carte en devenant le premier ambassadeur de la maison Skywalker Vineyards en France, en particulier pour Ch\u00e2teau Marg\u00fci, vignoble r\u00e9put\u00e9 des coteaux varois en Provence.<\/p>\n<p><strong>CPME Rh\u00f4ne-Alpes<br \/><\/strong>L\u2019Assembl\u00e9e g\u00e9n\u00e9rale ordinaire de la CPME Auvergne-Rh\u00f4ne-Alpes, r\u00e9unie \u00e0 Lyon, a r\u00e9\u00e9lu \u00e0 l\u2019unanimit\u00e9 <strong>Daniel Villareale<\/strong> pour un deuxi\u00e8me mandat de Pr\u00e9sident r\u00e9gional d\u2019une dur\u00e9e de trois ans. Dirigeant de plusieurs soci\u00e9t\u00e9s dans l\u2019imprimerie et industrie graphique, il a expos\u00e9 les priorit\u00e9s d\u2019actions de ce nouveau mandat qui s\u2019articulent autour du d\u00e9veloppement du nombre d\u2019adh\u00e9rents et des collaborations avec l\u2019Etat, la R\u00e9gion Auvergne-Rh\u00f4ne-Alpes et les acteurs \u00e9conomiques et institutionnels r\u00e9gionaux.<\/p>\n<p><strong>Ensemble scolaire F\u00e9nelon La Trinit\u00e9<br \/><\/strong>Directrice du coll\u00e8ge Fenelon (Lyon 6), <strong>Sandra Gilot<\/strong> est nomm\u00e9e au poste de Chef d\u2019Etablissement de l\u2019ensemble scolaire Notre-Dame de Bellecombe \u00e0 partir de la rentr\u00e9e prochaine.<\/p>\n<p><strong><img loading=\"lazy\" decoding=\"async\" class=\" wp-image-160338 alignleft\" src=\"data:image\/svg+xml,%3Csvg%20xmlns=\" http:=\"\" alt=\"\" width=\"205\" height=\"237\" data-lazy-src=\"https:\/\/www.europesays.com\/fr\/wp-content\/uploads\/2025\/06\/06.-Gaetan-Sainte-Marie.jpg\"\/>CPME France<br \/><\/strong><strong>Ga\u00e9tan Sainte Marie<\/strong> a \u00e9t\u00e9 nomm\u00e9 Secr\u00e9taire National de la <a style=\"color: #000000;\" href=\"https:\/\/www.linkedin.com\/company\/cgpme-nationale\/\" target=\"_blank\" rel=\"noopener\">CPME nationale<\/a>. Cette mission marque une nouvelle \u00e9tape dans mon engagement de longue date \u00e0 porter la voix des entrepreneurs, leurs d\u00e9fis et leurs ambitions. \u00ab\u00a0Je remercie sinc\u00e8rement <strong>Amir Reza-Tofighi<\/strong>, Pr\u00e9sident de la CPME nationale, pour sa confiance. Cette mission, je l\u2019aborde avec d\u00e9termination et humilit\u00e9. Elle me permettra de contribuer activement \u00e0 la vie de notre conf\u00e9d\u00e9ration avec un objectif clair : renforcer l\u2019impact, la coh\u00e9sion et la force de frappe de la CPME, au service des PME.\u00a0\u00bb<\/p>\n<p><strong>Comit\u00e9 D\u00e9partemental du Tourisme de Haute-Savoie<br \/><\/strong>Suite \u00e0 la dissolution de l\u2019organisme Savoie Mont Blanc, les d\u00e9partements 73 et 74 volent d\u00e9sormais de leurs propres ailes en mati\u00e8re de promotion touristique. Et chacun de se r\u00e9organiser et de constituer une \u00e9quipe de pros. C\u2019est dans ce contexte que la Lyonnaise <strong>Anne-Sophie Secondi<\/strong> a \u00e9t\u00e9 nomm\u00e9e directrice g\u00e9n\u00e9rale du Comit\u00e9 D\u00e9partemental du Tourisme de Haute-Savoie. Elle \u00e9tait auparavant directrice du GIP Cerdon Vall\u00e9e de l\u2019Ain qui g\u00e8re le Mus\u00e9e des Soieries Bonnet, la Cuivrerie de Cerdon et l\u2019\u00cele Chambod-Merpuis.<\/p>\n<p><strong>Allyane<br \/><\/strong>La start-up lyonnaise annonce la nomination de <strong>Cyrille Fleury<\/strong> en tant que membre ind\u00e9pendant du Conseil de Surveillance d\u2019Allyane, une soci\u00e9t\u00e9 innovante sp\u00e9cialis\u00e9e dans les dispositifs m\u00e9dicaux. Fort de plus de 20 ans d\u2019exp\u00e9rience dans l\u2019industrie des dispositifs m\u00e9dicaux, Cyrille Fleury apportera son expertise pour accompagner le d\u00e9veloppement commercial d\u2019Allyane en France et \u00e0 l\u2019international.<\/p>\n<p><strong>DISTINCTIONS<\/strong><\/p>\n<p><strong><img loading=\"lazy\" decoding=\"async\" class=\"alignnone size-full wp-image-160336\" src=\"data:image\/svg+xml,%3Csvg%20xmlns=\" http:=\"\" alt=\"\" width=\"900\" height=\"675\" data-lazy- data-lazy- data-lazy-src=\"https:\/\/www.europesays.com\/fr\/wp-content\/uploads\/2025\/06\/07-Mathilde-Mozzo.jpg\"\/><\/strong><\/p>\n<p><strong>Mathilde Mozo<br \/><\/strong>Apprentie au restaurant Paul Bocuse, <strong>Mathilde Mozo<\/strong> remporte la m\u00e9daille d\u2019Or \u00e0 la finale d\u00e9partementale et r\u00e9gionale du concours \u00ab Un des Meilleurs Apprentis de France \u00bb Auvergne Rh\u00f4ne Alpes. Du haut de ses 17 ans, la Lyonnaise est en apprentissage depuis ao\u00fbt 2024 aupr\u00e8s du chef MOF <strong>Olivier Couvin<\/strong> au restaurant Paul Bocuse. Etudiante en 2e ann\u00e9e de CAP Cuisine au Campus de Groisy, Mathilde a relev\u00e9 un d\u00e9fi de taille en pr\u00e9parant deux plats \u00e0 partir d\u2019un panier impos\u00e9, le tout en cinq heures.<\/p>\n","protected":false},"excerpt":{"rendered":"Texte\u00a0: Marc de Jouvencel \u2013 Grandes entreprises, PME, administrations, institutions, commerces voici vos nouveaux interlocuteurs d\u00e9sormais aux manettes&hellip;\n","protected":false},"author":2,"featured_media":153348,"comment_status":"","ping_status":"","sticky":false,"template":"","format":"standard","meta":{"footnotes":""},"categories":[1889],"tags":[4257,1111,11,2430,1777,674,1011,27,2428,12,28301,25],"class_list":{"0":"post-153347","1":"post","2":"type-post","3":"status-publish","4":"format-standard","5":"has-post-thumbnail","7":"category-lyon","8":"tag-0top","9":"tag-actu","10":"tag-actualites","11":"tag-auvergne-rhone-alpes","12":"tag-eu","13":"tag-europe","14":"tag-fr","15":"tag-france","16":"tag-lyon","17":"tag-news","18":"tag-nominations-2025","19":"tag-republique-francaise"},"share_on_mastodon":{"url":"https:\/\/pubeurope.com\/@fr\/114629495119052460","error":""},"_links":{"self":[{"href":"https:\/\/www.europesays.com\/fr\/wp-json\/wp\/v2\/posts\/153347","targetHints":{"allow":["GET"]}}],"collection":[{"href":"https:\/\/www.europesays.com\/fr\/wp-json\/wp\/v2\/posts"}],"about":[{"href":"https:\/\/www.europesays.com\/fr\/wp-json\/wp\/v2\/types\/post"}],"author":[{"embeddable":true,"href":"https:\/\/www.europesays.com\/fr\/wp-json\/wp\/v2\/users\/2"}],"replies":[{"embeddable":true,"href":"https:\/\/www.europesays.com\/fr\/wp-json\/wp\/v2\/comments?post=153347"}],"version-history":[{"count":0,"href":"https:\/\/www.europesays.com\/fr\/wp-json\/wp\/v2\/posts\/153347\/revisions"}],"wp:featuredmedia":[{"embeddable":true,"href":"https:\/\/www.europesays.com\/fr\/wp-json\/wp\/v2\/media\/153348"}],"wp:attachment":[{"href":"https:\/\/www.europesays.com\/fr\/wp-json\/wp\/v2\/media?parent=153347"}],"wp:term":[{"taxonomy":"category","embeddable":true,"href":"https:\/\/www.europesays.com\/fr\/wp-json\/wp\/v2\/categories?post=153347"},{"taxonomy":"post_tag","embeddable":true,"href":"https:\/\/www.europesays.com\/fr\/wp-json\/wp\/v2\/tags?post=153347"}],"curies":[{"name":"wp","href":"https:\/\/api.w.org\/{rel}","templated":true}]}}