{"id":153351,"date":"2025-06-05T07:09:08","date_gmt":"2025-06-05T07:09:08","guid":{"rendered":"https:\/\/www.europesays.com\/fr\/153351\/"},"modified":"2025-06-05T07:09:08","modified_gmt":"2025-06-05T07:09:08","slug":"la-moitie-des-habitants-dile-de-france-ignorent-que-la-privatisation-des-lignes-de-bus-a-commence","status":"publish","type":"post","link":"https:\/\/www.europesays.com\/fr\/153351\/","title":{"rendered":"la moiti\u00e9 des habitants d&rsquo;\u00cele-de-France ignorent que la privatisation des lignes de bus a commenc\u00e9"},"content":{"rendered":"<p>            Par<br \/>\n        <strong><br \/>\n            <a href=\"https:\/\/actu.fr\/auteur\/dorinegoth\" title=\"Consulter tous les articles de Dorine Goth\" rel=\"nofollow noopener\" target=\"_blank\">Dorine Goth<\/a><br \/>\n        <\/strong><\/p>\n<p>        Publi\u00e9 le<\/p>\n<p>            5 juin 2025 \u00e0 6h54        <\/p>\n<p>Petit \u00e0 petit, les lignes sont vendues. Depuis novembre\u00a02024, <a href=\"https:\/\/actu.fr\/ile-de-france\/paris_75056\/une-vente-a-la-decoupe-du-service-public-climat-tendu-avant-l-ouverture-a-la-concurrence-de-la-ratp_61845916.html\" rel=\"nofollow noopener\" target=\"_blank\">les premi\u00e8res attributions<\/a> des march\u00e9s ont \u00e9t\u00e9 lanc\u00e9es sur le r\u00e9seau de <a href=\"https:\/\/actu.fr\/tag\/ratp\" rel=\"nofollow noopener\" target=\"_blank\"><strong>bus RATP<\/strong><\/a><strong>.<\/strong> Un transfert de d\u00e9l\u00e9gation, vers des <strong>op\u00e9rateurs priv\u00e9s<\/strong> qui ne satisfait pas la <a href=\"https:\/\/actu.fr\/tag\/syndicats\" rel=\"nofollow noopener\" target=\"_blank\">CGT<\/a> et l\u2019opposition r\u00e9gionale, qui d\u00e9plorent une dislocation du service. Pour appuyer son propos, le syndicat a command\u00e9 un sondage Ifop, aupr\u00e8s des Franciliens, dont les r\u00e9sultats ont \u00e9t\u00e9 d\u00e9voil\u00e9s mardi 3\u00a0juin 2025. Il en ressort que<strong> 68\u2009% des habitants d\u2019\u00cele-de-France<\/strong> sont favorables \u00e0 la <strong>suspension<\/strong> de la mesure dans l\u2019attente d\u2019un r\u00e9f\u00e9rendum -qui n\u2019est pas \u00e0 l\u2019ordre du jour- sur le sujet. Au-del\u00e0, la moiti\u00e9 d\u2019entre eux ne savaient m\u00eame pas que la privatisation avait d\u00e9j\u00e0 commenc\u00e9.<\/p>\n<p>Fin du monopole \u00e0 Paris et en petite couronne<\/p>\n<p class=\" wall-content\">La privatisation signe ainsi la <strong><a href=\"https:\/\/actu.fr\/ile-de-france\/paris_75056\/ile-de-france-fin-du-monopole-historique-de-la-ratp-ce-que-la-mise-en-concurrence-signifie_56333305.html\" rel=\"nofollow noopener\" target=\"_blank\">fin du monopole de la RATP<\/a> <\/strong>sur les r\u00e9seaux de bus de Paris et sa petite couronne. La grande couronne \u00e9tait d\u00e9j\u00e0 op\u00e9r\u00e9e par des filiales priv\u00e9es, comme Keolis ou Transdev. Les <strong>354 lignes de bus<\/strong> qui \u00e9taient jusqu\u2019alors dans le giron public de la RATP ont \u00e9t\u00e9 divis\u00e9es en <strong>13 lots<\/strong> en vu de l\u2019attribution de<strong> contrats de d\u00e9l\u00e9gation de service public.<\/strong><\/p>\n<p class=\" wall-content\">L\u2019\u00e9tude a \u00e9t\u00e9 men\u00e9e aupr\u00e8s de 1\u2009503\u00a0personnes, repr\u00e9sentatives de la r\u00e9gion. \u00ab\u2009\u00c0\u00a0aucun moment, la question de l\u2019avenir des transports de notre r\u00e9gion n\u2019a \u00e9t\u00e9 pos\u00e9e aux premiers concern\u00e9s\u2009: les Franciliens et les Franciliennes. Depuis tout ce temps, Val\u00e9rie P\u00e9cresse \u2013 Pr\u00e9sidente d\u2019\u00cele-de France Mobilit\u00e9s \u2013 agit sans mandat d\u00e9mocratique sur ce sujet\u2009\u00bb, d\u00e9plore C\u00e9line Malais\u00e9, pr\u00e9sidente du groupe d\u2019opposition de la Gauche communiste, \u00e9cologiste et citoyenne \u00e0 la r\u00e9gion.<\/p>\n<p>Demande d\u2019un r\u00e9f\u00e9rendum<\/p>\n<p class=\" wall-content\">Selon le sondage,<strong> 77\u2009% des usagers<\/strong> sont favorables \u00e0 l\u2019organisation d\u2019<a href=\"https:\/\/actu.fr\/politique\/emmanuel-macron-envisage-plusieurs-referendums-comment-fonctionne-cette-procedure-de-vote_62628493.html\" rel=\"nofollow noopener\" target=\"_blank\">un <strong>r\u00e9f\u00e9rendum<\/strong><\/a> sur le sujet. \u00ab\u2009Ces r\u00e9sultats confirment l\u2019urgence \u00e0 informer les usag\u00e8res et usagers sur le processus en cours et \u00e0 remettre de la d\u00e9mocratie dans les choix op\u00e9r\u00e9s pour le service public des transports\u2009\u00bb, analyse C\u00e9line Malais\u00e9, qui demande \u00e0 Val\u00e9rie P\u00e9cresse et au gouvernement d\u2019en organiser un.<\/p>\n<p class=\" wall-content\">Selon le calendrier en cours, les treize futurs op\u00e9rateurs devraient \u00eatre connus d\u2019ici \u00e0 la fin de l\u2019ann\u00e9e. Depuis le d\u00e9but de la mise en concurrence, la RATP a d\u00e9j\u00e0 perdu plusieurs lots \u00e0 la faveur de Transdev, Keolis et d\u2019<a href=\"https:\/\/actu.fr\/ile-de-france\/nanterre_92050\/ouverture-a-la-concurrence-des-bus-ratp-qui-est-atm-le-geant-italien-qui-arrive-dans-les-hauts-de-seine_62491171.html\" rel=\"nofollow noopener\" target=\"_blank\">ATM, un op\u00e9rateur italien<\/a>. Le d\u00e9p\u00f4t de Flandres, l\u2019un des principaux centres de bus de Paris, vient quant \u00e0 lui d\u2019\u00eatre attribu\u00e9 \u00e0 Transdev.<\/p>\n<p>Vid\u00e9os : en ce moment sur Actu<\/p>\n<p class=\" wall-content\">Suivez toute l\u2019actualit\u00e9 de vos villes et m\u00e9dias favoris en vous inscrivant \u00e0 <a href=\"https:\/\/moncompte.actu.fr\" title=\"D\u00e9couvez Mon Actu\" rel=\"nofollow noopener\" data-trk=\"{&quot;cta&quot;:{&quot;action&quot;:&quot;https:\\\/\\\/moncompte.actu.fr&quot;,&quot;category&quot;:&quot;mon compte&quot;,&quot;from&quot;:&quot;article footer&quot;,&quot;name&quot;:&quot;Mon actu&quot;,&quot;type&quot;:&quot;cta&quot;}}\" target=\"_blank\">Mon Actu<\/a>.<\/p>\n","protected":false},"excerpt":{"rendered":"Par Dorine Goth Publi\u00e9 le 5 juin 2025 \u00e0 6h54 Petit \u00e0 petit, les lignes sont vendues. Depuis&hellip;\n","protected":false},"author":2,"featured_media":114349,"comment_status":"","ping_status":"","sticky":false,"template":"","format":"standard","meta":{"footnotes":""},"categories":[1592],"tags":[1111,11,1777,674,1011,27,662,10883,12,626,625,25,104,2803],"class_list":{"0":"post-153351","1":"post","2":"type-post","3":"status-publish","4":"format-standard","5":"has-post-thumbnail","7":"category-ile-de-france","8":"tag-actu","9":"tag-actualites","10":"tag-eu","11":"tag-europe","12":"tag-fr","13":"tag-france","14":"tag-ile-de-france","15":"tag-ile-de-france-mobilites","16":"tag-news","17":"tag-paris","18":"tag-ratp","19":"tag-republique-francaise","20":"tag-societe","21":"tag-transport"},"share_on_mastodon":{"url":"https:\/\/pubeurope.com\/@fr\/114629506759645765","error":""},"_links":{"self":[{"href":"https:\/\/www.europesays.com\/fr\/wp-json\/wp\/v2\/posts\/153351","targetHints":{"allow":["GET"]}}],"collection":[{"href":"https:\/\/www.europesays.com\/fr\/wp-json\/wp\/v2\/posts"}],"about":[{"href":"https:\/\/www.europesays.com\/fr\/wp-json\/wp\/v2\/types\/post"}],"author":[{"embeddable":true,"href":"https:\/\/www.europesays.com\/fr\/wp-json\/wp\/v2\/users\/2"}],"replies":[{"embeddable":true,"href":"https:\/\/www.europesays.com\/fr\/wp-json\/wp\/v2\/comments?post=153351"}],"version-history":[{"count":0,"href":"https:\/\/www.europesays.com\/fr\/wp-json\/wp\/v2\/posts\/153351\/revisions"}],"wp:featuredmedia":[{"embeddable":true,"href":"https:\/\/www.europesays.com\/fr\/wp-json\/wp\/v2\/media\/114349"}],"wp:attachment":[{"href":"https:\/\/www.europesays.com\/fr\/wp-json\/wp\/v2\/media?parent=153351"}],"wp:term":[{"taxonomy":"category","embeddable":true,"href":"https:\/\/www.europesays.com\/fr\/wp-json\/wp\/v2\/categories?post=153351"},{"taxonomy":"post_tag","embeddable":true,"href":"https:\/\/www.europesays.com\/fr\/wp-json\/wp\/v2\/tags?post=153351"}],"curies":[{"name":"wp","href":"https:\/\/api.w.org\/{rel}","templated":true}]}}