{"id":153352,"date":"2025-06-05T07:10:10","date_gmt":"2025-06-05T07:10:10","guid":{"rendered":"https:\/\/www.europesays.com\/fr\/153352\/"},"modified":"2025-06-05T07:10:10","modified_gmt":"2025-06-05T07:10:10","slug":"ce-mcdonalds-de-paris-se-bat-contre-la-prefecture-pour-pouvoir-ouvrir-la-nuit","status":"publish","type":"post","link":"https:\/\/www.europesays.com\/fr\/153352\/","title":{"rendered":"ce McDonald&rsquo;s de Paris se bat contre la pr\u00e9fecture pour pouvoir ouvrir la nuit"},"content":{"rendered":"<p>            Par<br \/>\n        <strong><br \/>\n            <a href=\"https:\/\/actu.fr\/auteur\/redaction-paris\" title=\"Consulter tous les articles de R\u00e9daction Paris\" target=\"_blank\" rel=\"noopener\">R\u00e9daction Paris<\/a><br \/>\n        <\/strong><\/p>\n<p>        Publi\u00e9 le<\/p>\n<p>            5 juin 2025 \u00e0 6h10        <\/p>\n<p>Xavier Loh\u00e9ac, patron du restaurant <a href=\"https:\/\/actu.fr\/tag\/mcdonald-s\" target=\"_blank\" rel=\"noopener\">McDonald\u2019s<\/a> de la <strong>porte de Vincennes<\/strong>, dans le 20\u00e8me arrondissement de Paris, est vent debout contre l\u2019interdiction qui lui a \u00e9t\u00e9 faite d\u2019ouvrir pendant la nuit. Devant le <a href=\"https:\/\/actu.fr\/tag\/tribunal-administratif-de-paris\" target=\"_blank\" rel=\"noopener\">tribunal administratif<\/a> qu\u2019il a saisi en septembre 2023, il estimait que les services de l\u2019Etat avaient commis une \u00ab\u00a0erreur manifeste d\u2019appr\u00e9ciation\u00a0\u00bb sur la \u00ab\u00a0notion d\u2019\u00e9tablissement nocturne\u00a0\u00bb. En tout \u00e9tat de cause, cette \u00ab\u00a0atteinte au principe de la libert\u00e9 du commerce\u00a0\u00bb et \u00e0 la \u00ab\u00a0libert\u00e9 d\u2019entreprendre\u00a0\u00bb lui faisait perdre <strong>\u00ab\u00a015 000 euros de chiffre d\u2019affaires par semaine\u00a0\u00bb<\/strong>.<\/p>\n<p>Des autorisation \u00e0 titre exceptionnel pour ouvrir la nuit<\/p>\n<p class=\" wall-content\">Mais \u00ab\u00a0une autorisation d\u2019ouverture de nuit ne peut \u00eatre d\u00e9livr\u00e9e qu\u2019\u00e0 la condition de vocation nocturne de l\u2019\u00e9tablissement\u00a0\u00bb, commence par rappeler le tribunal administratif de Paris dans un jugement en date du 8 avril 2025 qui vient d\u2019\u00eatre rendu public. Or, le restaurant \u00ab\u00a0n\u2019offre pas, \u00e0 titre principal, de spectacles sur sc\u00e8ne ni d\u2019auditions de musique\u00a0\u00bb et il n\u2019est justifi\u00e9 \u00ab\u00a0d\u2019aucun concept de nature \u00e0 \u00e9tablir sa vocation nocturne\u00a0\u00bb\u00a0\u00bb.<\/p>\n<p class=\" wall-content\">\u00ab\u00a0Des autorisations d\u2019ouverture, entre 2h et 5h, peuvent \u00e0 titre exceptionnel \u00eatre accord\u00e9es (\u2026) \u00e0 condition qu\u2019il n\u2019en r\u00e9sulte aucun trouble pour l\u2019ordre public\u00a0\u00bb, rappelle le pr\u00e9fet de police. Mais \u00ab\u00a0la vente \u00e0 emporter sur la voie publique de boissons et produits de restauration rapide est interdite apr\u00e8s 0 h 30\u00a0\u00bb, soulignent aussi les services de l\u2019Etat.<\/p>\n<p>Le cours de Vincennes pas vraiment un quartier festif<\/p>\n<p class=\" wall-content\">Dans ces conditions, une autorisation d\u2019ouverture nocturne demeure \u00ab\u00a0pr\u00e9caire\u00a0\u00bb et \u00ab\u00a0r\u00e9vocable\u00a0\u00bb, fait observer le tribunal. Il est en outre \u00ab\u00a0constant\u00a0\u00bb que le Mc Do du 111 cours de Vincennes \u00ab\u00a0ne satisfait pas au crit\u00e8re principal\u00a0\u00bb pour s\u2019en voir d\u00e9livrer une \u00ab\u00a0puisqu\u2019il n\u2019offre pas \u00e0 sa client\u00e8le d\u2019audition de musique ou des spectacles ou un concept quelconque\u00a0\u00bb.<\/p>\n<p class=\" wall-content\">\u00ab\u00a0La soci\u00e9t\u00e9 ne justifie pas que le quartier du cours de Vincennes (\u2026) puisse \u00eatre regard\u00e9 comme un secteur festif, touristique ou culturel de la ville de Paris\u00a0\u00bb, ajoutent les juges. \u00ab\u00a0La circonstance que l\u2019ouverture, la nuit, (\u2026) g\u00e9n\u00e8re un chiffre d\u2019affaires suppl\u00e9mentaire de 15 000 euros par semaine ne permet pas d\u2019\u00e9tablir que l\u2019\u00e9tablissement aurait, par son concept, une vocation nocturne.\u00a0\u00bb<\/p>\n<p class=\" wall-content\">\u00ab\u00a0En outre, la soci\u00e9t\u00e9 est tenue de respecter l\u2019interdiction de la vente \u00e0 emporter au-del\u00e0 de 0h30\u00a0\u00bb, concluent les magistrats. \u00ab\u00a0Ainsi, le pr\u00e9fet de police n\u2019a commis ni erreur de droit, ni erreur manifeste d\u2019appr\u00e9ciation en refusant l\u2019autorisation d\u2019ouverture de nuit sollicit\u00e9e.\u00a0\u00bb<\/p>\n<p class=\" wall-content\">Le tribunal administratif de Paris a donc d\u00e9bout\u00e9 le Mc Donald\u2019s.\u00a0<\/p>\n<p class=\" wall-content\"><strong>GF-PressPepper<\/strong><\/p>\n<p class=\" wall-content\">Suivez toute l\u2019actualit\u00e9 de vos villes et m\u00e9dias favoris en vous inscrivant \u00e0 <a href=\"https:\/\/moncompte.actu.fr\" title=\"D\u00e9couvez Mon Actu\" rel=\"nofollow noopener\" data-trk=\"{&quot;cta&quot;:{&quot;action&quot;:&quot;https:\\\/\\\/moncompte.actu.fr&quot;,&quot;category&quot;:&quot;mon compte&quot;,&quot;from&quot;:&quot;article footer&quot;,&quot;name&quot;:&quot;Mon actu&quot;,&quot;type&quot;:&quot;cta&quot;}}\" target=\"_blank\">Mon Actu<\/a>.<\/p>\n","protected":false},"excerpt":{"rendered":"Par R\u00e9daction Paris Publi\u00e9 le 5 juin 2025 \u00e0 6h10 Xavier Loh\u00e9ac, patron du restaurant McDonald\u2019s de la&hellip;\n","protected":false},"author":2,"featured_media":153353,"comment_status":"","ping_status":"","sticky":false,"template":"","format":"standard","meta":{"footnotes":""},"categories":[1888],"tags":[1111,1928,11,1927,33,1777,674,1011,27,679,12,1926,626,1925,1931,25,22321,216],"class_list":{"0":"post-153352","1":"post","2":"type-post","3":"status-publish","4":"format-standard","5":"has-post-thumbnail","7":"category-paris","8":"tag-actu","9":"tag-actu-paris","10":"tag-actualites","11":"tag-actualites-paris","12":"tag-economie","13":"tag-eu","14":"tag-europe","15":"tag-fr","16":"tag-france","17":"tag-mcdonalds","18":"tag-news","19":"tag-news-paris","20":"tag-paris","21":"tag-paris-news","22":"tag-prefecture-de-police-de-paris","23":"tag-republique-francaise","24":"tag-tribunal-administratif-de-paris","25":"tag-vie-des-entreprises"},"share_on_mastodon":{"url":"https:\/\/pubeurope.com\/@fr\/114629510854244415","error":""},"_links":{"self":[{"href":"https:\/\/www.europesays.com\/fr\/wp-json\/wp\/v2\/posts\/153352","targetHints":{"allow":["GET"]}}],"collection":[{"href":"https:\/\/www.europesays.com\/fr\/wp-json\/wp\/v2\/posts"}],"about":[{"href":"https:\/\/www.europesays.com\/fr\/wp-json\/wp\/v2\/types\/post"}],"author":[{"embeddable":true,"href":"https:\/\/www.europesays.com\/fr\/wp-json\/wp\/v2\/users\/2"}],"replies":[{"embeddable":true,"href":"https:\/\/www.europesays.com\/fr\/wp-json\/wp\/v2\/comments?post=153352"}],"version-history":[{"count":0,"href":"https:\/\/www.europesays.com\/fr\/wp-json\/wp\/v2\/posts\/153352\/revisions"}],"wp:featuredmedia":[{"embeddable":true,"href":"https:\/\/www.europesays.com\/fr\/wp-json\/wp\/v2\/media\/153353"}],"wp:attachment":[{"href":"https:\/\/www.europesays.com\/fr\/wp-json\/wp\/v2\/media?parent=153352"}],"wp:term":[{"taxonomy":"category","embeddable":true,"href":"https:\/\/www.europesays.com\/fr\/wp-json\/wp\/v2\/categories?post=153352"},{"taxonomy":"post_tag","embeddable":true,"href":"https:\/\/www.europesays.com\/fr\/wp-json\/wp\/v2\/tags?post=153352"}],"curies":[{"name":"wp","href":"https:\/\/api.w.org\/{rel}","templated":true}]}}