{"id":153354,"date":"2025-06-05T07:11:11","date_gmt":"2025-06-05T07:11:11","guid":{"rendered":"https:\/\/www.europesays.com\/fr\/153354\/"},"modified":"2025-06-05T07:11:11","modified_gmt":"2025-06-05T07:11:11","slug":"nouvelle-numerotation-sur-la-tnt-pourquoi-ce-changement-relance-la-guerre-des-chaines-info","status":"publish","type":"post","link":"https:\/\/www.europesays.com\/fr\/153354\/","title":{"rendered":"Nouvelle num\u00e9rotation\u00a0sur la TNT\u00a0: pourquoi ce changement relance la guerre des cha\u00eenes info"},"content":{"rendered":"<p class=\"paragraph text_align_left\">\u00ab Plus que la prime au premier dans la liste, le gagnant sera celui qui proposera le traitement le plus proche des envies des t\u00e9l\u00e9spectateurs \u00bb, pronostique un dirigeant. Car aujourd\u2019hui, le match des cha\u00eenes info se joue en r\u00e9alit\u00e9 en deux temps. D\u2019un c\u00f4t\u00e9, il y a CNews, leader sans discontinuer depuis le d\u00e9but de l\u2019ann\u00e9e et forte de 3,4 % de parts de march\u00e9 en mai, devan\u00e7ant BFMTV et ses 2,9 %. Les deux rivales sont bien plus basses avec 1,8 % pour LCI et 0,8 % pour France Info.<\/p>\n","protected":false},"excerpt":{"rendered":"\u00ab Plus que la prime au premier dans la liste, le gagnant sera celui qui proposera le traitement&hellip;\n","protected":false},"author":2,"featured_media":153355,"comment_status":"","ping_status":"","sticky":false,"template":"","format":"standard","meta":{"footnotes":""},"categories":[1888],"tags":[1111,1928,11,1927,872,1777,674,1011,27,12,1926,626,1925,25,2205],"class_list":{"0":"post-153354","1":"post","2":"type-post","3":"status-publish","4":"format-standard","5":"has-post-thumbnail","7":"category-paris","8":"tag-actu","9":"tag-actu-paris","10":"tag-actualites","11":"tag-actualites-paris","12":"tag-culture-et-loisirs","13":"tag-eu","14":"tag-europe","15":"tag-fr","16":"tag-france","17":"tag-news","18":"tag-news-paris","19":"tag-paris","20":"tag-paris-news","21":"tag-republique-francaise","22":"tag-television-medias"},"share_on_mastodon":{"url":"https:\/\/pubeurope.com\/@fr\/114629514562513677","error":""},"_links":{"self":[{"href":"https:\/\/www.europesays.com\/fr\/wp-json\/wp\/v2\/posts\/153354","targetHints":{"allow":["GET"]}}],"collection":[{"href":"https:\/\/www.europesays.com\/fr\/wp-json\/wp\/v2\/posts"}],"about":[{"href":"https:\/\/www.europesays.com\/fr\/wp-json\/wp\/v2\/types\/post"}],"author":[{"embeddable":true,"href":"https:\/\/www.europesays.com\/fr\/wp-json\/wp\/v2\/users\/2"}],"replies":[{"embeddable":true,"href":"https:\/\/www.europesays.com\/fr\/wp-json\/wp\/v2\/comments?post=153354"}],"version-history":[{"count":0,"href":"https:\/\/www.europesays.com\/fr\/wp-json\/wp\/v2\/posts\/153354\/revisions"}],"wp:featuredmedia":[{"embeddable":true,"href":"https:\/\/www.europesays.com\/fr\/wp-json\/wp\/v2\/media\/153355"}],"wp:attachment":[{"href":"https:\/\/www.europesays.com\/fr\/wp-json\/wp\/v2\/media?parent=153354"}],"wp:term":[{"taxonomy":"category","embeddable":true,"href":"https:\/\/www.europesays.com\/fr\/wp-json\/wp\/v2\/categories?post=153354"},{"taxonomy":"post_tag","embeddable":true,"href":"https:\/\/www.europesays.com\/fr\/wp-json\/wp\/v2\/tags?post=153354"}],"curies":[{"name":"wp","href":"https:\/\/api.w.org\/{rel}","templated":true}]}}