{"id":153356,"date":"2025-06-05T07:12:08","date_gmt":"2025-06-05T07:12:08","guid":{"rendered":"https:\/\/www.europesays.com\/fr\/153356\/"},"modified":"2025-06-05T07:12:08","modified_gmt":"2025-06-05T07:12:08","slug":"files-dattente-monstres-des-minuit-a-paris-pour-soffrir-la-derniere-console-de-nintendo","status":"publish","type":"post","link":"https:\/\/www.europesays.com\/fr\/153356\/","title":{"rendered":"files d&rsquo;attente monstres d\u00e8s minuit \u00e0 Paris pour s&rsquo;offrir la derni\u00e8re console de Nintendo"},"content":{"rendered":"<p>            Par<br \/>\n        <strong><br \/>\n            <a href=\"https:\/\/actu.fr\/auteur\/thomas-martin\" title=\"Consulter tous les articles de Thomas Martin\" target=\"_blank\" rel=\"noopener\">Thomas Martin<\/a><br \/>\n        <\/strong><\/p>\n<p>        Publi\u00e9 le<\/p>\n<p>            5 juin 2025 \u00e0 8h36        <\/p>\n<p>Elle \u00e9tait fortement attendue par de nombreux fans. Nintendo a lanc\u00e9 ce jeudi 5 juin sa Switch 2, avec l\u2019espoir de ventes record pour les d\u00e9buts de sa nouvelle console. A Paris, les mordus \u00e9taient au rendez-vous d\u00e8s minuit pour acheter l\u2019appareil convoit\u00e9\u00a0 avec lequel le g\u00e9ant japonais du jeu vid\u00e9o entend au moins \u00e9galer le succ\u00e8s de la Switch. Sortie en mars 2017, celle-ci a \u00e9t\u00e9 \u00e9coul\u00e9e \u00e0 plus de 152 millions d\u2019exemplaires, la troisi\u00e8me console la plus vendue de tous les temps derri\u00e8re la PlayStation 2 de Sony et la Nintendo DS.<\/p>\n<p>\u00ab\u00a0Je n\u2019ai pas rat\u00e9 une seule console\u00a0\u00bb<\/p>\n<p class=\" wall-content\">\u00ab\u00a0C\u2019est la premi\u00e8re fois que je fais la queue pour un produit de <a href=\"https:\/\/actu.fr\/tag\/jeux-video\" target=\"_blank\" rel=\"noopener\">jeu vid\u00e9o<\/a>\u00ab\u00a0, explique Matthias Girault, un agent de la fonction publique qui a attendu l\u2019heure fatidique devant une boutique Fnac \u00e0 Paris. \u00ab\u00a0C\u2019\u00e9tait l\u2019occasion de vivre ce moment un peu historique\u00a0\u00bb.<\/p>\n<p class=\" wall-content\">\u00ab\u00a0Je n\u2019ai pas rat\u00e9 une seule de leurs consoles\u00a0\u00bb, souligne de son c\u00f4t\u00e9 Carine Mougel, comptable de 30 ans, qui attend particuli\u00e8rement l\u2019\u00e9pisode in\u00e9dit du jeu \u00ab\u00a0Mario Kart\u00a0\u00bb, modernis\u00e9 avec monde ouvert et discusions en ligne sp\u00e9cialement pour la sortie de la Switch 2.<\/p>\n<p class=\" wall-content\">A la fnac de la <a href=\"https:\/\/actu.fr\/tag\/gare-montparnasse\" target=\"_blank\" rel=\"noopener\">gare Montparnasse<\/a>, un blogueur a film\u00e9 la file d\u2019attente : \u00ab\u00a0c\u2019est m\u00e9ga blind\u00e9\u00a0\u00bb. Des sc\u00e8nes qui se sont r\u00e9p\u00e9t\u00e9s dans d\u2019autres magasins du r\u00e9seau.\u00a0<\/p>\n<p class=\" wall-content\">\n<p class=\" wall-content\">\n<p class=\" wall-content\">Malgr\u00e9 des prix plus \u00e9lev\u00e9s, Nintendo pr\u00e9voit d\u2019\u00e9couler 15 millions de Switch 2 d\u2019ici mars 2026, soit environ autant que la Switch durant sa premi\u00e8re ann\u00e9e de commercialisation.<\/p>\n<p>Vid\u00e9os : en ce moment sur Actu<\/p>\n<p class=\" wall-content\"><strong>Avec AFP<\/strong><\/p>\n<p class=\" wall-content\">Suivez toute l\u2019actualit\u00e9 de vos villes et m\u00e9dias favoris en vous inscrivant \u00e0 <a href=\"https:\/\/moncompte.actu.fr\" title=\"D\u00e9couvez Mon Actu\" rel=\"nofollow noopener\" data-trk=\"{&quot;cta&quot;:{&quot;action&quot;:&quot;https:\\\/\\\/moncompte.actu.fr&quot;,&quot;category&quot;:&quot;mon compte&quot;,&quot;from&quot;:&quot;article footer&quot;,&quot;name&quot;:&quot;Mon actu&quot;,&quot;type&quot;:&quot;cta&quot;}}\" target=\"_blank\">Mon Actu<\/a>.<\/p>\n","protected":false},"excerpt":{"rendered":"Par Thomas Martin Publi\u00e9 le 5 juin 2025 \u00e0 8h36 Elle \u00e9tait fortement attendue par de nombreux fans.&hellip;\n","protected":false},"author":2,"featured_media":153357,"comment_status":"","ping_status":"","sticky":false,"template":"","format":"standard","meta":{"footnotes":""},"categories":[1888],"tags":[11,215,1777,674,1011,27,1036,1652,12,626,25],"class_list":{"0":"post-153356","1":"post","2":"type-post","3":"status-publish","4":"format-standard","5":"has-post-thumbnail","7":"category-paris","8":"tag-actualites","9":"tag-commerce","10":"tag-eu","11":"tag-europe","12":"tag-fr","13":"tag-france","14":"tag-jeux-video","15":"tag-loisirs-culture","16":"tag-news","17":"tag-paris","18":"tag-republique-francaise"},"share_on_mastodon":{"url":"https:\/\/pubeurope.com\/@fr\/114629518514374961","error":""},"_links":{"self":[{"href":"https:\/\/www.europesays.com\/fr\/wp-json\/wp\/v2\/posts\/153356","targetHints":{"allow":["GET"]}}],"collection":[{"href":"https:\/\/www.europesays.com\/fr\/wp-json\/wp\/v2\/posts"}],"about":[{"href":"https:\/\/www.europesays.com\/fr\/wp-json\/wp\/v2\/types\/post"}],"author":[{"embeddable":true,"href":"https:\/\/www.europesays.com\/fr\/wp-json\/wp\/v2\/users\/2"}],"replies":[{"embeddable":true,"href":"https:\/\/www.europesays.com\/fr\/wp-json\/wp\/v2\/comments?post=153356"}],"version-history":[{"count":0,"href":"https:\/\/www.europesays.com\/fr\/wp-json\/wp\/v2\/posts\/153356\/revisions"}],"wp:featuredmedia":[{"embeddable":true,"href":"https:\/\/www.europesays.com\/fr\/wp-json\/wp\/v2\/media\/153357"}],"wp:attachment":[{"href":"https:\/\/www.europesays.com\/fr\/wp-json\/wp\/v2\/media?parent=153356"}],"wp:term":[{"taxonomy":"category","embeddable":true,"href":"https:\/\/www.europesays.com\/fr\/wp-json\/wp\/v2\/categories?post=153356"},{"taxonomy":"post_tag","embeddable":true,"href":"https:\/\/www.europesays.com\/fr\/wp-json\/wp\/v2\/tags?post=153356"}],"curies":[{"name":"wp","href":"https:\/\/api.w.org\/{rel}","templated":true}]}}