{"id":153358,"date":"2025-06-05T07:13:11","date_gmt":"2025-06-05T07:13:11","guid":{"rendered":"https:\/\/www.europesays.com\/fr\/153358\/"},"modified":"2025-06-05T07:13:11","modified_gmt":"2025-06-05T07:13:11","slug":"une-part-vivante-du-patrimoine-a-paris-lappartement-ou-vecut-jean-racine-en-vente-a-26-millions-deuros","status":"publish","type":"post","link":"https:\/\/www.europesays.com\/fr\/153358\/","title":{"rendered":"\u00ab\u00a0Une part vivante du patrimoine\u00a0\u00bb\u00a0: \u00e0 Paris, l\u2019appartement o\u00f9 v\u00e9cut Jean Racine en vente \u00e0 2,6\u00a0millions d\u2019euros"},"content":{"rendered":"<p class=\"paragraph text_align_left\">C\u2019est derri\u00e8re une petite porte coch\u00e8re encadr\u00e9e de larges murs en pierre de taille que l\u2019auteur a habit\u00e9 pendant quarante ans, en famille, dans ce qui \u00e9tait une maison d\u2019un, peut-\u00eatre deux \u00e9tages, en cette deuxi\u00e8me partie du XVIIe si\u00e8cle. D\u00e9truite au d\u00e9but du XIXe si\u00e8cle, la b\u00e2tisse a \u00e9t\u00e9 remplac\u00e9e par un immeuble dont l\u2019appartement en rez-de-chauss\u00e9e est aujourd\u2019hui mis en vente par le r\u00e9seau Varenne.<\/p>\n","protected":false},"excerpt":{"rendered":"C\u2019est derri\u00e8re une petite porte coch\u00e8re encadr\u00e9e de larges murs en pierre de taille que l\u2019auteur a habit\u00e9&hellip;\n","protected":false},"author":2,"featured_media":153359,"comment_status":"","ping_status":"","sticky":false,"template":"","format":"standard","meta":{"footnotes":""},"categories":[1888],"tags":[11,1777,674,1011,27,1116,12,626,25],"class_list":{"0":"post-153358","1":"post","2":"type-post","3":"status-publish","4":"format-standard","5":"has-post-thumbnail","7":"category-paris","8":"tag-actualites","9":"tag-eu","10":"tag-europe","11":"tag-fr","12":"tag-france","13":"tag-immobilier","14":"tag-news","15":"tag-paris","16":"tag-republique-francaise"},"share_on_mastodon":{"url":"https:\/\/pubeurope.com\/@fr\/114629522678773800","error":""},"_links":{"self":[{"href":"https:\/\/www.europesays.com\/fr\/wp-json\/wp\/v2\/posts\/153358","targetHints":{"allow":["GET"]}}],"collection":[{"href":"https:\/\/www.europesays.com\/fr\/wp-json\/wp\/v2\/posts"}],"about":[{"href":"https:\/\/www.europesays.com\/fr\/wp-json\/wp\/v2\/types\/post"}],"author":[{"embeddable":true,"href":"https:\/\/www.europesays.com\/fr\/wp-json\/wp\/v2\/users\/2"}],"replies":[{"embeddable":true,"href":"https:\/\/www.europesays.com\/fr\/wp-json\/wp\/v2\/comments?post=153358"}],"version-history":[{"count":0,"href":"https:\/\/www.europesays.com\/fr\/wp-json\/wp\/v2\/posts\/153358\/revisions"}],"wp:featuredmedia":[{"embeddable":true,"href":"https:\/\/www.europesays.com\/fr\/wp-json\/wp\/v2\/media\/153359"}],"wp:attachment":[{"href":"https:\/\/www.europesays.com\/fr\/wp-json\/wp\/v2\/media?parent=153358"}],"wp:term":[{"taxonomy":"category","embeddable":true,"href":"https:\/\/www.europesays.com\/fr\/wp-json\/wp\/v2\/categories?post=153358"},{"taxonomy":"post_tag","embeddable":true,"href":"https:\/\/www.europesays.com\/fr\/wp-json\/wp\/v2\/tags?post=153358"}],"curies":[{"name":"wp","href":"https:\/\/api.w.org\/{rel}","templated":true}]}}