{"id":153362,"date":"2025-06-05T07:15:13","date_gmt":"2025-06-05T07:15:13","guid":{"rendered":"https:\/\/www.europesays.com\/fr\/153362\/"},"modified":"2025-06-05T07:15:13","modified_gmt":"2025-06-05T07:15:13","slug":"mercosur-palestine-ou-ukraine-les-dossiers-chauds-de-la-venue-de-lula-en-france-ce-jeudi","status":"publish","type":"post","link":"https:\/\/www.europesays.com\/fr\/153362\/","title":{"rendered":"Mercosur, Palestine ou Ukraine\u2026 Les dossiers chauds de la venue de Lula en France, ce jeudi"},"content":{"rendered":"<p>Le pr\u00e9sident br\u00e9silien Luiz In\u00e1cio Lula da Silva, puissante voix des pays du \u00ab Sud global \u00bb, est attendu jeudi en France pour une visite d\u2019\u00c9tat, au cours de laquelle seront abord\u00e9s la guerre commerciale de Donald Trump et les conflits en Ukraine et \u00e0 Gaza.<\/p>\n<p>Il s\u2019agit de la premi\u00e8re visite d\u2019\u00c9tat d\u2019un pr\u00e9sident br\u00e9silien en France depuis 2012. Elle se d\u00e9roule \u00e0 quelques jours de la 3e conf\u00e9rence de l\u2019ONU sur les oc\u00e9ans organis\u00e9e \u00e0 Nice (sud-est de la France), et sur fond d\u2019opposition fran\u00e7aise \u00e0 l\u2019accord de libre-\u00e9change entre l\u2019UE et le Mercosur.<\/p>\n<p>Lula,<a href=\"https:\/\/www.letelegramme.fr\/monde\/environnement-macron-et-lula-lancent-un-programme-dun-milliard-deuros-dinvestissements-verts-pour-lamazonie-6552643.php\" target=\"_blank\" rel=\"noopener\"> qui avait accueilli en mars 2024 Emmanuel Macron<\/a>, d\u00e9jeunera jeudi en t\u00eate \u00e0 t\u00eate avec son homologue fran\u00e7ais avant un d\u00eener d\u2019\u00c9tat le soir. Les deux dirigeants aborderont les questions bilat\u00e9rales -plus d\u2019une douzaine d\u2019accords devraient \u00eatre sign\u00e9s- ainsi que les grands sujets internationaux.<\/p>\n<p>Le dossier palestinien en ligne de mire<\/p>\n<p>Dans le contexte mondial mouvement\u00e9, marqu\u00e9 notamment par les surtaxes douani\u00e8res impos\u00e9es par le pr\u00e9sident am\u00e9ricain Donald Trump \u00e0 ses partenaires, et par les guerres en Ukraine et au Proche-Orient, \u00ab il est d\u2019autant plus important de retrouver des convergences avec le Br\u00e9sil, un grand \u00c9tat \u00e9mergent \u00bb qui assure cette ann\u00e9e la pr\u00e9sidence tournante du bloc des Brics, souligne l\u2019\u00c9lys\u00e9e.<\/p>\n<p>La France compte notamment sur la mobilisation du Br\u00e9sil, qui a reconnu l\u2019\u00c9tat palestinien en 2010, pour peser sur l\u2019issue de la conf\u00e9rence organis\u00e9e par la France et l\u2019Arabie saoudite \u00e0 l\u2019ONU mi-juin, visant \u00e0 redonner un \u00e9lan \u00e0 une solution politique au conflit isra\u00e9lo-palestinien.<\/p>\n<p>\u00ab Il n\u2019y aura pas de paix tant qu\u2019on n\u2019aura pas conscience que le peuple palestinien a droit \u00e0 son \u00c9tat \u00bb, a d\u00e9clar\u00e9 Lula mardi, lors d\u2019une conf\u00e9rence de presse \u00e0 Brasilia, quelques heures avant son voyage pour Paris.<\/p>\n<p>\u00ab C\u2019est justement en raison des souffrances du peuple juif dans son histoire que le gouvernement d\u2019Isra\u00ebl devrait traiter le peuple palestinien avec humanisme et bon sens \u00bb, a ajout\u00e9 le pr\u00e9sident br\u00e9silien, qualifiant l\u2019offensive isra\u00e9lienne \u00e0 Gaza de \u00ab g\u00e9nocide \u00bb, comme il l\u2019avait d\u00e9j\u00e0 fait \u00e0 plusieurs reprises par le pass\u00e9.<\/p>\n<p>L\u2019ombre du Mercosur<\/p>\n<p>Concernant l\u2019Ukraine, la France \u00ab compte pr\u00e9senter au pr\u00e9sident Lula l\u2019\u00e9tat du dossier \u00bb, avec \u00ab une partie agress\u00e9e qui est pr\u00eate \u00e0 la paix, et une autre partie, l\u2019agresseur, qui refuse toute proposition de paix ou de dialogue \u00bb.<\/p>\n<p>Le Br\u00e9sil continue \u00e0 entretenir de bonnes relations avec la Russie et Lula \u00e9tait \u00e0 Moscou le 9 mai pour les comm\u00e9morations de la victoire contre l\u2019Allemagne nazie, o\u00f9 il a \u00e9t\u00e9 re\u00e7u par le pr\u00e9sident russe Vladimir Poutine.<\/p>\n<p>En pleine guerre commerciale avec les \u00c9tats-Unis, le pr\u00e9sident Lula devrait de nouveau plaider pour l\u2019accord commercial Mercosur entre l\u2019Union europ\u00e9enne et l\u2019Am\u00e9rique latine, auquel Paris est toujours oppos\u00e9, contrairement \u00e0 l\u2019Allemagne ou l\u2019Espagne. \u00ab Il y a un nouveau contexte international \u00bb qui pousse en faveur d\u2019un tel accord, fait valoir la diplomatie br\u00e9silienne.<\/p>\n<p>Cet accord de libre-\u00e9change avec l\u2019Argentine, le Br\u00e9sil, l\u2019Uruguay et le Paraguay devrait notamment permettre \u00e0 l\u2019Union europ\u00e9enne d\u2019exporter plus facilement ses voitures, machines, produits pharmaceutiques ou spiritueux.<\/p>\n<p>Environnement et climat<\/p>\n<p>Lula et Macron aborderont par ailleurs les questions climatiques et d\u2019environnement, \u00e0 quelques mois de la conf\u00e9rence de l\u2019ONU sur le climat, qui se tiendra en novembre dans la ville amazonienne de Belem (nord).<\/p>\n<p>Interrog\u00e9 cette semaine par le quotidien fran\u00e7ais Le Monde sur un projet controvers\u00e9 d\u2019exploration de p\u00e9trole off-shore pr\u00e8s de l\u2019Amazonie, auquel il est ouvertement favorable, Lula a d\u00e9fendu sa position.<\/p>\n<p>\u00ab Le Br\u00e9sil ne va pas renoncer \u00e0 une richesse importante pour son d\u00e9veloppement (\u2026) c\u2019est justement l\u2019argent du p\u00e9trole qui va nous permettre de financer notre transition \u00e9nerg\u00e9tique. Il n\u2019y a donc aucune contradiction \u00bb, a-t-il soulign\u00e9 dans cet entretien publi\u00e9 mardi.<\/p>\n<p>Apr\u00e8s sa visite \u00e0 Paris, au cours de laquelle Lula visitera notamment le Grand Palais o\u00f9 s\u2019exposent des artistes br\u00e9siliens comme Ernesto Neto, le pr\u00e9sident br\u00e9silien participera le 8 juin \u00e0 un sommet \u00e9conomique \u00e0 Monaco, puis sera \u00e0 Nice le 9 avec le pr\u00e9sident Macron pour l\u2019ouverture de la conf\u00e9rence sur les oc\u00e9ans.<\/p>\n<p>La protection d\u2019un oc\u00e9an pollu\u00e9, surchauff\u00e9 et surp\u00each\u00e9 sera au c\u0153ur des d\u00e9bats, dont beaucoup esp\u00e8rent voir \u00e9merger de l\u2019argent et des actions concr\u00e8tes pour prot\u00e9ger la vie marine.<\/p>\n","protected":false},"excerpt":{"rendered":"Le pr\u00e9sident br\u00e9silien Luiz In\u00e1cio Lula da Silva, puissante voix des pays du \u00ab Sud global \u00bb, est&hellip;\n","protected":false},"author":2,"featured_media":153363,"comment_status":"","ping_status":"","sticky":false,"template":"","format":"standard","meta":{"footnotes":""},"categories":[1590],"tags":[11,5825,2548,765,1777,674,27,74,12,220],"class_list":{"0":"post-153362","1":"post","2":"type-post","3":"status-publish","4":"format-standard","5":"has-post-thumbnail","7":"category-ukraine","8":"tag-actualites","9":"tag-agroalimentaire","10":"tag-bresil","11":"tag-en-continu","12":"tag-eu","13":"tag-europe","14":"tag-france","15":"tag-monde","16":"tag-news","17":"tag-ukraine"},"share_on_mastodon":{"url":"https:\/\/pubeurope.com\/@fr\/114629530318236435","error":""},"_links":{"self":[{"href":"https:\/\/www.europesays.com\/fr\/wp-json\/wp\/v2\/posts\/153362","targetHints":{"allow":["GET"]}}],"collection":[{"href":"https:\/\/www.europesays.com\/fr\/wp-json\/wp\/v2\/posts"}],"about":[{"href":"https:\/\/www.europesays.com\/fr\/wp-json\/wp\/v2\/types\/post"}],"author":[{"embeddable":true,"href":"https:\/\/www.europesays.com\/fr\/wp-json\/wp\/v2\/users\/2"}],"replies":[{"embeddable":true,"href":"https:\/\/www.europesays.com\/fr\/wp-json\/wp\/v2\/comments?post=153362"}],"version-history":[{"count":0,"href":"https:\/\/www.europesays.com\/fr\/wp-json\/wp\/v2\/posts\/153362\/revisions"}],"wp:featuredmedia":[{"embeddable":true,"href":"https:\/\/www.europesays.com\/fr\/wp-json\/wp\/v2\/media\/153363"}],"wp:attachment":[{"href":"https:\/\/www.europesays.com\/fr\/wp-json\/wp\/v2\/media?parent=153362"}],"wp:term":[{"taxonomy":"category","embeddable":true,"href":"https:\/\/www.europesays.com\/fr\/wp-json\/wp\/v2\/categories?post=153362"},{"taxonomy":"post_tag","embeddable":true,"href":"https:\/\/www.europesays.com\/fr\/wp-json\/wp\/v2\/tags?post=153362"}],"curies":[{"name":"wp","href":"https:\/\/api.w.org\/{rel}","templated":true}]}}